{"id":17236,"date":"2023-11-16T21:51:03","date_gmt":"2023-11-17T00:51:03","guid":{"rendered":"https:\/\/acontecenafronteira.com.br\/?p=17236"},"modified":"2023-11-16T21:51:04","modified_gmt":"2023-11-17T00:51:04","slug":"tv-parana-turismo-expande-sinal-para-todo-o-brasil","status":"publish","type":"post","link":"https:\/\/acontecenafronteira.com.br\/index.php\/2023\/11\/16\/tv-parana-turismo-expande-sinal-para-todo-o-brasil\/","title":{"rendered":"TV Paran\u00e1 Turismo expande sinal para todo o Brasil"},"content":{"rendered":"\n<p><strong><em>A TV Paran\u00e1 Turismo, que dedica parte da programa\u00e7\u00e3o para a promo\u00e7\u00e3o da identidade paranaense, com foco em turismo e cultura \u2013 e tamb\u00e9m em conte\u00fados de cunho educativo e informativo \u2013 passa, a partir dessa quinta-feira (16\/11), a disponibilizar o seu sinal para todo o territ\u00f3rio nacional, de forma aberta, via sat\u00e9lite, para os domic\u00edlios que possuem antenas parab\u00f3licas com recep\u00e7\u00e3o digital da Banda Ku, pelo sat\u00e9lite Star One D2.<\/em><\/strong><\/p>\n\n\n\n<p>Semanalmente s\u00e3o exibidos 22 programas, uma programa\u00e7\u00e3o di\u00e1ria de quase 14 horas de conte\u00fado local. \u201cA TV Paran\u00e1 Turismo produz conte\u00fado relevante e de qualidade. O Brasil ter\u00e1 a oportunidade de conhecer toda essa programa\u00e7\u00e3o de um Estado que tem belezas naturais incr\u00edveis\u201d, observa o secret\u00e1rio de Comunica\u00e7\u00e3o do Paran\u00e1, Cleber Mata. \u201cA orienta\u00e7\u00e3o do governador Ratinho Junior \u00e9 fortalecer a grade da emissora, sobretudo apresentando as riquezas do turismo do Estado que agora todos os brasileiros ter\u00e3o acesso\u201d, completa Mata.<\/p>\n\n\n\n<p><strong>O QUE \u00c9 A BANDA KU&nbsp;<\/strong>&#8211; A banda Ku \u00e9 uma faixa de frequ\u00eancia utilizada via sat\u00e9lite. Ela oferece maior largura de banda, possibilitando uma transmiss\u00e3o de sinal mais r\u00e1pida e de maior qualidade. Isso significa imagens mais n\u00edtidas, som mais claro e uma experi\u00eancia de visualiza\u00e7\u00e3o mais envolvente para os telespectadores que tem antenas parab\u00f3licas.<\/p>\n\n\n\n<p>Com a tecnologia 5G, a transmiss\u00e3o residencial de televis\u00e3o via sat\u00e9lite est\u00e1 sendo transferida da Banda C pra Banda Ku.<\/p>\n\n\n\n<blockquote class=\"wp-block-quote is-layout-flow wp-block-quote-is-layout-flow\">\n<p>\u201cA grande vantagem da banda Ku \u00e9 a sua capacidade de cobrir diversas \u00e1reas geogr\u00e1ficas. Com essa nova tecnologia, a nossa emissora alcan\u00e7ar\u00e1 todos os cantos do Brasil, levando entretenimento de qualidade para cerca de 20 milh\u00f5es de lares que est\u00e3o nas antenas parab\u00f3licas\u201d, celebra o coordenador de TV Paran\u00e1 Turismo, Eduardo Abilhoa.<\/p>\n<\/blockquote>\n\n\n\n<p><strong>Confira os destaques da programa\u00e7\u00e3o da TV Paran\u00e1 Turismo:<\/strong><br><br><strong>VISITE PARAN\u00c1&nbsp;<\/strong>&#8211; Destaca as atra\u00e7\u00f5es tur\u00edsticas do Estado. S\u00e3o lugares para descansar ou para curtir a natureza ou at\u00e9 para se aventurar em esportes radicais.<br><br><strong>AGROTUR<\/strong>&nbsp;&#8211; Aborda o turismo no meio rural \u2013 passeios, lazer e divers\u00e3o nas propriedades do campo, caf\u00e9 colonial e comidas t\u00edpicas e caseiras, cuidados com a natureza, artesanato, desenvolvimento sustent\u00e1vel e educa\u00e7\u00e3o ambiental, al\u00e9m de pequenos neg\u00f3cios da economia rural e muitas curiosidades do agroturismo.<br><br><strong>CONHE\u00c7A PARAN\u00c1<\/strong>&nbsp;&#8211; Um olhar do alto sobre as cidades paranaenses para apresentar os pontos tur\u00edsticos com um roteiro encantador pelos munic\u00edpios.<br><br><strong>DESCUBRA PARAN\u00c1<\/strong>&nbsp;&#8211; Uma revista eletr\u00f4nica que re\u00fane dicas de turismo, destaques de cada regi\u00e3o, agenda, neg\u00f3cios, entrevistas e intera\u00e7\u00e3o com o p\u00fablico.<br><br><strong>COMO SINTONIZAR&nbsp;<\/strong>&#8211; Para sintonizar a&nbsp;<a href=\"https:\/\/www.comunicacao.pr.gov.br\/tv-ao-vivo\" target=\"_blank\" rel=\"noreferrer noopener\">TV Paran\u00e1 Turismo<\/a>&nbsp;e toda sua nova programa\u00e7\u00e3o, via banda Ku, basta verificar se o seu receptor de sat\u00e9lite \u00e9 compat\u00edvel com essa tecnologia. O conte\u00fado pode ser acessado no canal 236.<\/p>\n\n\n\n<p>Foto: Ari Dias\/AEN<\/p>\n","protected":false},"excerpt":{"rendered":"<p>A TV Paran\u00e1 Turismo, que dedica parte da programa\u00e7\u00e3o para a promo\u00e7\u00e3o da identidade paranaense, com foco em turismo e cultura \u2013 e tamb\u00e9m em conte\u00fados de cunho educativo e informativo \u2013 passa, a partir dessa quinta-feira (16\/11), a disponibilizar o seu sinal para todo o territ\u00f3rio nacional, de forma aberta, via sat\u00e9lite, para os [&hellip;]<\/p>\n","protected":false},"author":2,"featured_media":17237,"comment_status":"open","ping_status":"open","sticky":false,"template":"","format":"standard","meta":{"om_disable_all_campaigns":false,"_monsterinsights_skip_tracking":false,"_monsterinsights_sitenote_active":false,"_monsterinsights_sitenote_note":"","_monsterinsights_sitenote_category":0,"footnotes":""},"categories":[18],"tags":[],"class_list":["post-17236","post","type-post","status-publish","format-standard","has-post-thumbnail","hentry","category-parana"],"_links":{"self":[{"href":"https:\/\/acontecenafronteira.com.br\/index.php\/wp-json\/wp\/v2\/posts\/17236","targetHints":{"allow":["GET"]}}],"collection":[{"href":"https:\/\/acontecenafronteira.com.br\/index.php\/wp-json\/wp\/v2\/posts"}],"about":[{"href":"https:\/\/acontecenafronteira.com.br\/index.php\/wp-json\/wp\/v2\/types\/post"}],"author":[{"embeddable":true,"href":"https:\/\/acontecenafronteira.com.br\/index.php\/wp-json\/wp\/v2\/users\/2"}],"replies":[{"embeddable":true,"href":"https:\/\/acontecenafronteira.com.br\/index.php\/wp-json\/wp\/v2\/comments?post=17236"}],"version-history":[{"count":1,"href":"https:\/\/acontecenafronteira.com.br\/index.php\/wp-json\/wp\/v2\/posts\/17236\/revisions"}],"predecessor-version":[{"id":17238,"href":"https:\/\/acontecenafronteira.com.br\/index.php\/wp-json\/wp\/v2\/posts\/17236\/revisions\/17238"}],"wp:featuredmedia":[{"embeddable":true,"href":"https:\/\/acontecenafronteira.com.br\/index.php\/wp-json\/wp\/v2\/media\/17237"}],"wp:attachment":[{"href":"https:\/\/acontecenafronteira.com.br\/index.php\/wp-json\/wp\/v2\/media?parent=17236"}],"wp:term":[{"taxonomy":"category","embeddable":true,"href":"https:\/\/acontecenafronteira.com.br\/index.php\/wp-json\/wp\/v2\/categories?post=17236"},{"taxonomy":"post_tag","embeddable":true,"href":"https:\/\/acontecenafronteira.com.br\/index.php\/wp-json\/wp\/v2\/tags?post=17236"}],"curies":[{"name":"wp","href":"https:\/\/api.w.org\/{rel}","templated":true}]}}