{"id":17232,"date":"2023-11-16T21:43:49","date_gmt":"2023-11-17T00:43:49","guid":{"rendered":"https:\/\/acontecenafronteira.com.br\/?p=17232"},"modified":"2023-11-16T21:43:50","modified_gmt":"2023-11-17T00:43:50","slug":"foz-do-iguacu-sedia-os-jogos-abertos-paradesportivos-a-partir-deste-domingo-19","status":"publish","type":"post","link":"https:\/\/acontecenafronteira.com.br\/index.php\/2023\/11\/16\/foz-do-iguacu-sedia-os-jogos-abertos-paradesportivos-a-partir-deste-domingo-19\/","title":{"rendered":"Foz do Igua\u00e7u sedia os Jogos Abertos Paradesportivos a partir deste domingo (19)"},"content":{"rendered":"\n<p><strong><em>Uma palestra do medalhista ol\u00edmpico, Lars Grael, \u00e0s 20h, no Rafain Palace Hotel, abre oficialmente o torneio, que segue at\u00e9 a pr\u00f3xima quarta-feira (22)<\/em><\/strong><\/p>\n\n\n\n<p>Foz do Igua\u00e7u sedia os Jogos Abertos Paradesportivos \u2013 Parajaps \u2013 a partir deste domingo (19) com a participa\u00e7\u00e3o de mais de dois atletas de v\u00e1rios munic\u00edpios do Paran\u00e1. Uma palestra do medalhista ol\u00edmpico, Lars Grael, abrir\u00e1 oficialmente o evento, \u00e0s 20h, no Hotel Rafain Palace e Convention.<\/p>\n\n\n\n<p>O torneio segue at\u00e9 a pr\u00f3xima quarta-feira (22), em diversos p\u00f3los esportivos e tamb\u00e9m na Usina Hidrel\u00e9trica Itaipu Binacional, com competi\u00e7\u00f5es em 17 modalidades paradesportivas.<\/p>\n\n\n\n<p>O munic\u00edpio estar\u00e1 representado por mais de cem atletas igua\u00e7uenses, que disputar\u00e3o medalhas nas modalidades de atletismo paral\u00edmpico, basquetebol cadeira de roda misto, bocha paral\u00edmpico, dragon boat, futsal para amputados, goalball, golf 7, paracanoagem e parat\u00eanis de mesa.<\/p>\n\n\n\n<p>\u201cNossa gratid\u00e3o a todos que est\u00e3o proporcionando uma oportunidade t\u00e3o significativa para esses atletas, que tem a chance de demonstrar sua habilidade e talento, superando obst\u00e1culos e mostrando ao mundo o que s\u00e3o capazes de fazer\u201d, expressou o secret\u00e1rio de Esporte e Lazer, Antonio Sapia.<\/p>\n\n\n\n<p>Para ele, sediar o evento em Foz \u00e9 uma importante vitrine para valorizar os atletas paradesportistas. \u201cEsse \u00e9 um dos torneios mais primorosos do esporte porque d\u00e1 visibilidade \u00e0s hist\u00f3rias de determina\u00e7\u00e3o, coragem e supera\u00e7\u00e3o dos atletas, que s\u00e3o verdadeiras fontes de inspira\u00e7\u00e3o para todos n\u00f3s. O trabalho \u00e1rduo e dedica\u00e7\u00e3o de todos, est\u00e3o mudando vidas e quebrando barreiras. Todos s\u00e3o verdadeiros her\u00f3is do esporte inclusivo\u201d, refor\u00e7ou.<\/p>\n\n\n\n<p>O 11\u00ba Parajaps \u00e9 uma realiza\u00e7\u00e3o do Governo do Estado em parceria com a Prefeitura Municipal de Foz do Igua\u00e7u. A competi\u00e7\u00e3o \u00e9 similar aos Jogos Abertos do Paran\u00e1, mas voltada a pessoas com defici\u00eancia.<\/p>\n\n\n\n<p><strong>Lars<\/strong><br>Lars Grael faz parte de uma fam\u00edlia dedicada \u00e0 vela. Ao lado do irm\u00e3o Torben, foi campe\u00e3o mundial na classe Snipe, em 1983. Na Tornado, participou de quatro Jogos Ol\u00edmpicos: Los Angeles 1984, Seul 1988, Barcelona 1992 e Atlanta 1996. Subiu ao p\u00f3dio duas vezes, sendo medalhista de bronze em 1988, ao lado de Cl\u00ednio de Freitas, e em 1996, com Kiko Pelicano. Em 1998, Grael teve a perna direita mutilada em um acidente durante uma regata.<\/p>\n\n\n\n<p>Lars voltou a competir em alto n\u00edvel ap\u00f3s o acidente. Em 2015, conquistou o Campeonato Mundial de Star, ao lado de Samuel Gon\u00e7alves, promessa da vela brasileira que come\u00e7ou na modalidade gra\u00e7as ao Projeto Grael, a\u00e7\u00e3o social e esportiva tocada pela fam\u00edlia. O medalhista ol\u00edmpico tamb\u00e9m se dedica \u00e0 pol\u00edtica.<\/p>\n","protected":false},"excerpt":{"rendered":"<p>Uma palestra do medalhista ol\u00edmpico, Lars Grael, \u00e0s 20h, no Rafain Palace Hotel, abre oficialmente o torneio, que segue at\u00e9 a pr\u00f3xima quarta-feira (22) Foz do Igua\u00e7u sedia os Jogos Abertos Paradesportivos \u2013 Parajaps \u2013 a partir deste domingo (19) com a participa\u00e7\u00e3o de mais de dois atletas de v\u00e1rios munic\u00edpios do Paran\u00e1. Uma palestra [&hellip;]<\/p>\n","protected":false},"author":2,"featured_media":17234,"comment_status":"open","ping_status":"open","sticky":false,"template":"","format":"standard","meta":{"om_disable_all_campaigns":false,"_monsterinsights_skip_tracking":false,"_monsterinsights_sitenote_active":false,"_monsterinsights_sitenote_note":"","_monsterinsights_sitenote_category":0,"footnotes":""},"categories":[4,2],"tags":[],"class_list":["post-17232","post","type-post","status-publish","format-standard","has-post-thumbnail","hentry","category-cidade","category-esportes"],"_links":{"self":[{"href":"https:\/\/acontecenafronteira.com.br\/index.php\/wp-json\/wp\/v2\/posts\/17232","targetHints":{"allow":["GET"]}}],"collection":[{"href":"https:\/\/acontecenafronteira.com.br\/index.php\/wp-json\/wp\/v2\/posts"}],"about":[{"href":"https:\/\/acontecenafronteira.com.br\/index.php\/wp-json\/wp\/v2\/types\/post"}],"author":[{"embeddable":true,"href":"https:\/\/acontecenafronteira.com.br\/index.php\/wp-json\/wp\/v2\/users\/2"}],"replies":[{"embeddable":true,"href":"https:\/\/acontecenafronteira.com.br\/index.php\/wp-json\/wp\/v2\/comments?post=17232"}],"version-history":[{"count":1,"href":"https:\/\/acontecenafronteira.com.br\/index.php\/wp-json\/wp\/v2\/posts\/17232\/revisions"}],"predecessor-version":[{"id":17235,"href":"https:\/\/acontecenafronteira.com.br\/index.php\/wp-json\/wp\/v2\/posts\/17232\/revisions\/17235"}],"wp:featuredmedia":[{"embeddable":true,"href":"https:\/\/acontecenafronteira.com.br\/index.php\/wp-json\/wp\/v2\/media\/17234"}],"wp:attachment":[{"href":"https:\/\/acontecenafronteira.com.br\/index.php\/wp-json\/wp\/v2\/media?parent=17232"}],"wp:term":[{"taxonomy":"category","embeddable":true,"href":"https:\/\/acontecenafronteira.com.br\/index.php\/wp-json\/wp\/v2\/categories?post=17232"},{"taxonomy":"post_tag","embeddable":true,"href":"https:\/\/acontecenafronteira.com.br\/index.php\/wp-json\/wp\/v2\/tags?post=17232"}],"curies":[{"name":"wp","href":"https:\/\/api.w.org\/{rel}","templated":true}]}}