{"id":17185,"date":"2023-11-06T22:48:38","date_gmt":"2023-11-07T01:48:38","guid":{"rendered":"https:\/\/acontecenafronteira.com.br\/?p=17185"},"modified":"2023-11-06T22:48:39","modified_gmt":"2023-11-07T01:48:39","slug":"liga-interclubes-de-voleibol-fortalece-formacao-de-novos-atletas","status":"publish","type":"post","link":"https:\/\/acontecenafronteira.com.br\/index.php\/2023\/11\/06\/liga-interclubes-de-voleibol-fortalece-formacao-de-novos-atletas\/","title":{"rendered":"Liga Interclubes de Voleibol fortalece forma\u00e7\u00e3o de novos atletas"},"content":{"rendered":"\n<p><strong><em>Torneio, nas categorias sub-13, sub-15 e sub-18, iniciou em setembro e finaliza no dia 26 de novembro<\/em><\/strong><\/p>\n\n\n\n<p>A I Liga Interclubes Formadores de Voleibol, organizada pela Secretaria Municipal de Esportes e Lazer, est\u00e1 fortalecendo a forma\u00e7\u00e3o de novos atletas, com a realiza\u00e7\u00e3o de torneios voltados \u00e0s equipes femininas e masculinas nas categorias sub-13, sub-15 e sub-18.<\/p>\n\n\n\n<p>O campeonato teve in\u00edcio em setembro, no Centro Escola Bairro Darci Zanatta, com a participa\u00e7\u00e3o de mais de 200 jovens atletas, e encerra no dia 26 de novembro. No \u00faltimo domingo de outubro (29), a competi\u00e7\u00e3o chegou \u00e0 segunda fase com a participa\u00e7\u00e3o de mais de dez equipes.<\/p>\n\n\n\n<blockquote class=\"wp-block-quote is-layout-flow wp-block-quote-is-layout-flow\">\n<p>\u201c\u00c9 uma a\u00e7\u00e3o muito importante que re\u00fane cerca de 200 atletas das escolinhas de base, polos esportivos do Munic\u00edpio e tamb\u00e9m convidados, e que contribuem para a forma\u00e7\u00e3o dos jogadores e para o alto rendimento\u201d, expressou o coordenador da Liga, o professor Evanildo Souza Barbosa.<\/p>\n<\/blockquote>\n\n\n\n<p><strong>Acesso<\/strong><br>Ao todo, entre categorias de base e adultas de voleibol feminino, a Secretaria Municipal de Esporte atende cerca de 800 mulheres. \u201cTemos uma atividade bastante pulsante no voleibol feminino e os campeonatos s\u00e3o muito bem-vindos para fortalecer o esporte em todas as suas dimens\u00f5es\u201d, ressaltou o secret\u00e1rio de Esporte e Lazer, Antonio Sapia.<\/p>\n\n\n\n<p>As atividades acontecem em v\u00e1rios polos esportivos e Centros Escola Bairro e s\u00e3o ofertadas gratuitamente \u00e0 comunidade.<\/p>\n\n\n\n<p>O cronograma de locais e hor\u00e1rios da modalidade est\u00e1 dispon\u00edvel atrav\u00e9s do link:<br>https:\/\/www5.pmfi.pr.gov.br\/pdf-4246&amp;publicacao.<\/p>\n","protected":false},"excerpt":{"rendered":"<p>Torneio, nas categorias sub-13, sub-15 e sub-18, iniciou em setembro e finaliza no dia 26 de novembro A I Liga Interclubes Formadores de Voleibol, organizada pela Secretaria Municipal de Esportes e Lazer, est\u00e1 fortalecendo a forma\u00e7\u00e3o de novos atletas, com a realiza\u00e7\u00e3o de torneios voltados \u00e0s equipes femininas e masculinas nas categorias sub-13, sub-15 e [&hellip;]<\/p>\n","protected":false},"author":2,"featured_media":17186,"comment_status":"open","ping_status":"open","sticky":false,"template":"","format":"standard","meta":{"om_disable_all_campaigns":false,"_monsterinsights_skip_tracking":false,"_monsterinsights_sitenote_active":false,"_monsterinsights_sitenote_note":"","_monsterinsights_sitenote_category":0,"footnotes":""},"categories":[2],"tags":[],"class_list":["post-17185","post","type-post","status-publish","format-standard","has-post-thumbnail","hentry","category-esportes"],"_links":{"self":[{"href":"https:\/\/acontecenafronteira.com.br\/index.php\/wp-json\/wp\/v2\/posts\/17185","targetHints":{"allow":["GET"]}}],"collection":[{"href":"https:\/\/acontecenafronteira.com.br\/index.php\/wp-json\/wp\/v2\/posts"}],"about":[{"href":"https:\/\/acontecenafronteira.com.br\/index.php\/wp-json\/wp\/v2\/types\/post"}],"author":[{"embeddable":true,"href":"https:\/\/acontecenafronteira.com.br\/index.php\/wp-json\/wp\/v2\/users\/2"}],"replies":[{"embeddable":true,"href":"https:\/\/acontecenafronteira.com.br\/index.php\/wp-json\/wp\/v2\/comments?post=17185"}],"version-history":[{"count":1,"href":"https:\/\/acontecenafronteira.com.br\/index.php\/wp-json\/wp\/v2\/posts\/17185\/revisions"}],"predecessor-version":[{"id":17187,"href":"https:\/\/acontecenafronteira.com.br\/index.php\/wp-json\/wp\/v2\/posts\/17185\/revisions\/17187"}],"wp:featuredmedia":[{"embeddable":true,"href":"https:\/\/acontecenafronteira.com.br\/index.php\/wp-json\/wp\/v2\/media\/17186"}],"wp:attachment":[{"href":"https:\/\/acontecenafronteira.com.br\/index.php\/wp-json\/wp\/v2\/media?parent=17185"}],"wp:term":[{"taxonomy":"category","embeddable":true,"href":"https:\/\/acontecenafronteira.com.br\/index.php\/wp-json\/wp\/v2\/categories?post=17185"},{"taxonomy":"post_tag","embeddable":true,"href":"https:\/\/acontecenafronteira.com.br\/index.php\/wp-json\/wp\/v2\/tags?post=17185"}],"curies":[{"name":"wp","href":"https:\/\/api.w.org\/{rel}","templated":true}]}}