{"id":16932,"date":"2023-09-04T23:04:41","date_gmt":"2023-09-05T02:04:41","guid":{"rendered":"https:\/\/acontecenafronteira.com.br\/?p=16932"},"modified":"2023-09-04T23:04:42","modified_gmt":"2023-09-05T02:04:42","slug":"itaipu-e-ministerio-da-pesca-assinam-declaracao-de-cooperacao-para-producao-de-peixes-na-area-de-influencia-da-empresa","status":"publish","type":"post","link":"https:\/\/acontecenafronteira.com.br\/index.php\/2023\/09\/04\/itaipu-e-ministerio-da-pesca-assinam-declaracao-de-cooperacao-para-producao-de-peixes-na-area-de-influencia-da-empresa\/","title":{"rendered":"\u00a0Itaipu e Minist\u00e9rio da Pesca assinam declara\u00e7\u00e3o de coopera\u00e7\u00e3o para produ\u00e7\u00e3o de peixes na \u00e1rea de influ\u00eancia da empresa"},"content":{"rendered":"\n<p><strong>Objetivo \u00e9 implanta\u00e7\u00e3o e expans\u00e3o de programas federais nos munic\u00edpios do Paran\u00e1 e Mato Grosso do Sul<\/strong><\/p>\n\n\n\n<p>A Itaipu Binacional, por meio do diretor de Coordena\u00e7\u00e3o, Carlos Carboni, e o Governo Federal, representado pelo ministro da Pesca e Aquicultura, Andr\u00e9 de Paula, assinaram uma declara\u00e7\u00e3o de interesse de coopera\u00e7\u00e3o para implanta\u00e7\u00e3o e expans\u00e3o de programas para a pesca artesanal e profissional e de aquicultura na \u00e1rea de influ\u00eancia da empresa no Paran\u00e1 e Mato Grosso do Sul. A assinatura aconteceu durante uma visita do ministro \u00e0 Itaipu na tarde da sexta-feira (1).<\/p>\n\n\n\n<p>Para Carlos Carboni, o apoio do Minist\u00e9rio \u00e9 fundamental para as a\u00e7\u00f5es da empresa dentro do plano de expans\u00e3o nas \u00e1reas socioecon\u00f4micas e ambientais para os 434 munic\u00edpios dos dois estados. \u201c\u00c9 uma parceria importante de alinhamento das a\u00e7\u00f5es que estamos realizando na expans\u00e3o com as pol\u00edticas p\u00fablicas do Governo Federal para fomentar e incentivar a atividade na regi\u00e3o. Com essa parceria podemos fortalecer a economia baseada na piscicultura e aquicultura, e dar mais condi\u00e7\u00f5es de crescimento para um setor que tem muito a oferecer na gera\u00e7\u00e3o de renda, emprego e combate a fome\u201d, destacou.<\/p>\n\n\n\n<p>Durante o evento, a gerente da Divis\u00e3o de Reservat\u00f3rio da Itaipu, Simone Benassi, apresentou \u00e0 equipe do Minist\u00e9rio os projetos desenvolvidos pela empresa na regi\u00e3o. Ela tamb\u00e9m falou sobre o mapeamento da produ\u00e7\u00e3o de esp\u00e9cies nativas no lago e de outras culturas em tanques de terra, fora da \u00e1rea do reservat\u00f3rio. \u201cFoi uma apresenta\u00e7\u00e3o t\u00e9cnica da economia da pesca e da aquicultura que pretendemos fomentar e expandir\u201d, completou.<\/p>\n\n\n\n<p><strong>Cr\u00e9ditos das fotos: Alexandre Marchetti \/ Itaipu Binacional<\/strong><\/p>\n","protected":false},"excerpt":{"rendered":"<p>Objetivo \u00e9 implanta\u00e7\u00e3o e expans\u00e3o de programas federais nos munic\u00edpios do Paran\u00e1 e Mato Grosso do Sul A Itaipu Binacional, por meio do diretor de Coordena\u00e7\u00e3o, Carlos Carboni, e o Governo Federal, representado pelo ministro da Pesca e Aquicultura, Andr\u00e9 de Paula, assinaram uma declara\u00e7\u00e3o de interesse de coopera\u00e7\u00e3o para implanta\u00e7\u00e3o e expans\u00e3o de programas [&hellip;]<\/p>\n","protected":false},"author":2,"featured_media":16933,"comment_status":"open","ping_status":"open","sticky":false,"template":"","format":"standard","meta":{"om_disable_all_campaigns":false,"_monsterinsights_skip_tracking":false,"_monsterinsights_sitenote_active":false,"_monsterinsights_sitenote_note":"","_monsterinsights_sitenote_category":0,"footnotes":""},"categories":[11],"tags":[],"class_list":["post-16932","post","type-post","status-publish","format-standard","has-post-thumbnail","hentry","category-itaipu"],"_links":{"self":[{"href":"https:\/\/acontecenafronteira.com.br\/index.php\/wp-json\/wp\/v2\/posts\/16932","targetHints":{"allow":["GET"]}}],"collection":[{"href":"https:\/\/acontecenafronteira.com.br\/index.php\/wp-json\/wp\/v2\/posts"}],"about":[{"href":"https:\/\/acontecenafronteira.com.br\/index.php\/wp-json\/wp\/v2\/types\/post"}],"author":[{"embeddable":true,"href":"https:\/\/acontecenafronteira.com.br\/index.php\/wp-json\/wp\/v2\/users\/2"}],"replies":[{"embeddable":true,"href":"https:\/\/acontecenafronteira.com.br\/index.php\/wp-json\/wp\/v2\/comments?post=16932"}],"version-history":[{"count":1,"href":"https:\/\/acontecenafronteira.com.br\/index.php\/wp-json\/wp\/v2\/posts\/16932\/revisions"}],"predecessor-version":[{"id":16934,"href":"https:\/\/acontecenafronteira.com.br\/index.php\/wp-json\/wp\/v2\/posts\/16932\/revisions\/16934"}],"wp:featuredmedia":[{"embeddable":true,"href":"https:\/\/acontecenafronteira.com.br\/index.php\/wp-json\/wp\/v2\/media\/16933"}],"wp:attachment":[{"href":"https:\/\/acontecenafronteira.com.br\/index.php\/wp-json\/wp\/v2\/media?parent=16932"}],"wp:term":[{"taxonomy":"category","embeddable":true,"href":"https:\/\/acontecenafronteira.com.br\/index.php\/wp-json\/wp\/v2\/categories?post=16932"},{"taxonomy":"post_tag","embeddable":true,"href":"https:\/\/acontecenafronteira.com.br\/index.php\/wp-json\/wp\/v2\/tags?post=16932"}],"curies":[{"name":"wp","href":"https:\/\/api.w.org\/{rel}","templated":true}]}}