{"id":1691,"date":"2021-11-05T10:18:59","date_gmt":"2021-11-05T13:18:59","guid":{"rendered":"https:\/\/acontecenafronteira.com.br\/?p=1691"},"modified":"2021-11-05T10:19:01","modified_gmt":"2021-11-05T13:19:01","slug":"matriculas-para-o-1o-ano-na-rede-municipal-de-ensino-comecam-na-segunda-feira-08","status":"publish","type":"post","link":"https:\/\/acontecenafronteira.com.br\/index.php\/2021\/11\/05\/matriculas-para-o-1o-ano-na-rede-municipal-de-ensino-comecam-na-segunda-feira-08\/","title":{"rendered":"Matr\u00edculas para o 1\u00ba ano na rede municipal de ensino come\u00e7am na segunda-feira (08)"},"content":{"rendered":"\n<p>Respons\u00e1veis ter\u00e3o at\u00e9 o dia 10 de novembro para comparecer na escola pretendida com os documentos pessoais e comprovante de escolaridade da educa\u00e7\u00e3o infantil<\/p>\n\n\n\n<p><em><br><\/em>A Secretaria Municipal da Educa\u00e7\u00e3o dar\u00e1 in\u00edcio, na pr\u00f3xima segunda-feira (08), ao per\u00edodo de matr\u00edculas para o 1\u00ba ano do ensino fundamental. O prazo seguir\u00e1 at\u00e9 o dia 10 de novembro para alunos egressos dos CMEIs (Centros Municipais de Educa\u00e7\u00e3o Infantil) e tamb\u00e9m da rede privada.\u00a0<br><br>A m\u00e3e, o pai ou respons\u00e1vel legal pela crian\u00e7a dever\u00e3o comparecer a uma das 50 escolas do munic\u00edpio, portando os documentos pessoais (da crian\u00e7a e do respons\u00e1vel) e a declara\u00e7\u00e3o de matr\u00edcula do Infantil 5, emitida pelo CMEI, ou da pr\u00e9-escola, emitida pela institui\u00e7\u00e3o de ensino da rede particular.<br><br>Para frequentar o 1\u00ba ano do ensino fundamental, a crian\u00e7a deve ter 6 anos completos ou a completar at\u00e9 31 de mar\u00e7o de 2022. O Munic\u00edpio n\u00e3o se obriga a garantir vaga escolar em institui\u00e7\u00f5es ou turnos de prefer\u00eancia do aluno ou de sua fam\u00edlia.<br><br><strong>Rematr\u00edculas<br><br><\/strong>Para todos os alunos do ensino fundamental (2\u00ba ao 5\u00ba ano, Classes Especiais e Educa\u00e7\u00e3o de Jovens e Adultos) j\u00e1 matriculados na rede municipal de ensino, as rematr\u00edculas poder\u00e3o ser realizadas de forma autom\u00e1tica com encaminhamento do formul\u00e1rio atrav\u00e9s do aluno, entre os dias 16 a 19 de novembro.<br><br>Os pais dever\u00e3o ser chamados para realizar a rematr\u00edcula presencial caso haja mudan\u00e7a de hor\u00e1rio de turmas, neste caso os respons\u00e1veis legais dever\u00e3o ser comunicados antecipadamente.\u00a0<br><br><strong>Transfer\u00eancias<br><br><\/strong>As transfer\u00eancias e matr\u00edculas para alunos de todos os anos\/ modalidade de ensino, egressos e provenientes de outras redes de ensino, de outros munic\u00edpios ou estados e entre as escolas da rede municipal come\u00e7ar\u00e3o em fevereiro de 2022. Para alunos com matr\u00edcula ativa na rede municipal de Foz do Igua\u00e7u, a transfer\u00eancia ser\u00e1 realizada somente mediante a apresenta\u00e7\u00e3o da declara\u00e7\u00e3o de vaga emitida pela escola de destino.\u00a0<br><br><strong>EJA<br><br><\/strong>As matr\u00edculas para a Educa\u00e7\u00e3o de Jovens e Adultos ser\u00e3o efetivadas a partir de fevereiro. Os alunos desistentes do processo de escolariza\u00e7\u00e3o de outros anos letivos poder\u00e3o ter seus conhecimentos aferidos atrav\u00e9s de um processo de classifica\u00e7\u00e3o para a matr\u00edcula na fase I\u00a0 (Rede Municipal) na pr\u00f3pria escola e na Fase II (Rede Estadual) na sede da Secretaria da Educa\u00e7\u00e3o\u00a0 com a Coordena\u00e7\u00e3o do curso.<br><br><strong>Documenta\u00e7\u00e3o Obrigat\u00f3ria<\/strong><\/p>\n\n\n\n<p>Os documentos necess\u00e1rios para ingresso na rede municipal do ensino fundamental (anos iniciais) s\u00e3o: Certid\u00e3o de Nascimento (original e c\u00f3pia); RG e CPF, caso a crian\u00e7a tenha (original e c\u00f3pia); RG e CPF dos pais ou respons\u00e1vel legal;&nbsp; Cart\u00e3o SUS \u2013 Sistema \u00danico de Sa\u00fade (original e c\u00f3pia); Comprovante de atualiza\u00e7\u00e3o do Cadastro \u00danico (Programa Bolsa Fam\u00edlia), caso tenha; Fatura da concession\u00e1ria de energia el\u00e9trica atualizada; Declara\u00e7\u00e3o de Vacina\u00e7\u00e3o atualizada, emitida pela unidade de sa\u00fade; Documento de guarda unilateral, regulamenta\u00e7\u00e3o de visitas, medida protetiva e outros que restrinjam ou ampliem os respons\u00e1veis e telefone atualizado.<\/p>\n","protected":false},"excerpt":{"rendered":"<p>Respons\u00e1veis ter\u00e3o at\u00e9 o dia 10 de novembro para comparecer na escola pretendida com os documentos pessoais e comprovante de escolaridade da educa\u00e7\u00e3o infantil A Secretaria Municipal da Educa\u00e7\u00e3o dar\u00e1 in\u00edcio, na pr\u00f3xima segunda-feira (08), ao per\u00edodo de matr\u00edculas para o 1\u00ba ano do ensino fundamental. O prazo seguir\u00e1 at\u00e9 o dia 10 de novembro [&hellip;]<\/p>\n","protected":false},"author":2,"featured_media":1693,"comment_status":"open","ping_status":"open","sticky":false,"template":"","format":"standard","meta":{"om_disable_all_campaigns":false,"_monsterinsights_skip_tracking":false,"_monsterinsights_sitenote_active":false,"_monsterinsights_sitenote_note":"","_monsterinsights_sitenote_category":0,"footnotes":""},"categories":[4,8],"tags":[],"class_list":["post-1691","post","type-post","status-publish","format-standard","has-post-thumbnail","hentry","category-cidade","category-educaca0"],"_links":{"self":[{"href":"https:\/\/acontecenafronteira.com.br\/index.php\/wp-json\/wp\/v2\/posts\/1691","targetHints":{"allow":["GET"]}}],"collection":[{"href":"https:\/\/acontecenafronteira.com.br\/index.php\/wp-json\/wp\/v2\/posts"}],"about":[{"href":"https:\/\/acontecenafronteira.com.br\/index.php\/wp-json\/wp\/v2\/types\/post"}],"author":[{"embeddable":true,"href":"https:\/\/acontecenafronteira.com.br\/index.php\/wp-json\/wp\/v2\/users\/2"}],"replies":[{"embeddable":true,"href":"https:\/\/acontecenafronteira.com.br\/index.php\/wp-json\/wp\/v2\/comments?post=1691"}],"version-history":[{"count":1,"href":"https:\/\/acontecenafronteira.com.br\/index.php\/wp-json\/wp\/v2\/posts\/1691\/revisions"}],"predecessor-version":[{"id":1694,"href":"https:\/\/acontecenafronteira.com.br\/index.php\/wp-json\/wp\/v2\/posts\/1691\/revisions\/1694"}],"wp:featuredmedia":[{"embeddable":true,"href":"https:\/\/acontecenafronteira.com.br\/index.php\/wp-json\/wp\/v2\/media\/1693"}],"wp:attachment":[{"href":"https:\/\/acontecenafronteira.com.br\/index.php\/wp-json\/wp\/v2\/media?parent=1691"}],"wp:term":[{"taxonomy":"category","embeddable":true,"href":"https:\/\/acontecenafronteira.com.br\/index.php\/wp-json\/wp\/v2\/categories?post=1691"},{"taxonomy":"post_tag","embeddable":true,"href":"https:\/\/acontecenafronteira.com.br\/index.php\/wp-json\/wp\/v2\/tags?post=1691"}],"curies":[{"name":"wp","href":"https:\/\/api.w.org\/{rel}","templated":true}]}}