{"id":16907,"date":"2023-08-31T13:59:07","date_gmt":"2023-08-31T16:59:07","guid":{"rendered":"https:\/\/acontecenafronteira.com.br\/?p=16907"},"modified":"2023-08-31T13:59:07","modified_gmt":"2023-08-31T16:59:07","slug":"transporte-coletivo-linha-116-jardim-das-flores-comeca-a-operar-com-novos-horarios-a-partir-desta-sexta-1o","status":"publish","type":"post","link":"https:\/\/acontecenafronteira.com.br\/index.php\/2023\/08\/31\/transporte-coletivo-linha-116-jardim-das-flores-comeca-a-operar-com-novos-horarios-a-partir-desta-sexta-1o\/","title":{"rendered":"Transporte Coletivo: Linha 116 \u2013 Jardim das Flores come\u00e7a a operar com novos hor\u00e1rios a partir desta sexta (1\u00ba)"},"content":{"rendered":"\n<p><strong><em>Regi\u00e3o contar\u00e1 com mais um \u00f4nibus e intervalo menor entre viagens; linha atende cerca de 1.850 passageiros por dia<\/em><\/strong><\/p>\n\n\n\n<p>A partir desta sexta-feira (1\u00ba), a Linha 116, que atende o Jardim das Flores, Jardim Pol\u00f4nia e Jardim Gua\u00edra, come\u00e7a a operar com uma nova tabela de hor\u00e1rios. Como a linha foi ampliada, a tabela foi toda refeita e os hor\u00e1rios atualmente praticados foram alterados.<\/p>\n\n\n\n<p>A Linha 116 passar\u00e1 a contar com mais um \u00f4nibus fixo durante o dia, de segunda a sexta-feira. Com isso, o tempo de espera entre as viagens ser\u00e1 reduzido, permitindo prestar um melhor atendimento aos usu\u00e1rios que utilizam o transporte coletivo na regi\u00e3o Sul da cidade.<\/p>\n\n\n\n<p>O intervalo entre viagens ser\u00e1 de 30 minutos no per\u00edodo de entre pico. J\u00e1 nos hor\u00e1rios de pico, esse intervalo ser\u00e1 entre 15 e 20 minutos.Al\u00e9m disso, o Jardim Gua\u00edra passar\u00e1 a contar com mais hor\u00e1rios de sa\u00edda direto do bairro \u2013 de tr\u00eas para dez sa\u00eddas di\u00e1rias.<\/p>\n\n\n\n<p>Ao todo, ser\u00e3o cinco ve\u00edculos para prestar o atendimento aos 1.850 passageiros que utilizam a Linha 116 diariamente.<\/p>\n\n\n\n<p>A nova tabela est\u00e1 dispon\u00edvel no site do Foztrans (foztrans.pmfi.pr.gov.br), Tabelas do Transporte Coletivo.<\/p>\n","protected":false},"excerpt":{"rendered":"<p>Regi\u00e3o contar\u00e1 com mais um \u00f4nibus e intervalo menor entre viagens; linha atende cerca de 1.850 passageiros por dia A partir desta sexta-feira (1\u00ba), a Linha 116, que atende o Jardim das Flores, Jardim Pol\u00f4nia e Jardim Gua\u00edra, come\u00e7a a operar com uma nova tabela de hor\u00e1rios. Como a linha foi ampliada, a tabela foi [&hellip;]<\/p>\n","protected":false},"author":2,"featured_media":16908,"comment_status":"open","ping_status":"open","sticky":false,"template":"","format":"standard","meta":{"om_disable_all_campaigns":false,"_monsterinsights_skip_tracking":false,"_monsterinsights_sitenote_active":false,"_monsterinsights_sitenote_note":"","_monsterinsights_sitenote_category":0,"footnotes":""},"categories":[25],"tags":[],"class_list":["post-16907","post","type-post","status-publish","format-standard","has-post-thumbnail","hentry","category-transporte"],"_links":{"self":[{"href":"https:\/\/acontecenafronteira.com.br\/index.php\/wp-json\/wp\/v2\/posts\/16907","targetHints":{"allow":["GET"]}}],"collection":[{"href":"https:\/\/acontecenafronteira.com.br\/index.php\/wp-json\/wp\/v2\/posts"}],"about":[{"href":"https:\/\/acontecenafronteira.com.br\/index.php\/wp-json\/wp\/v2\/types\/post"}],"author":[{"embeddable":true,"href":"https:\/\/acontecenafronteira.com.br\/index.php\/wp-json\/wp\/v2\/users\/2"}],"replies":[{"embeddable":true,"href":"https:\/\/acontecenafronteira.com.br\/index.php\/wp-json\/wp\/v2\/comments?post=16907"}],"version-history":[{"count":1,"href":"https:\/\/acontecenafronteira.com.br\/index.php\/wp-json\/wp\/v2\/posts\/16907\/revisions"}],"predecessor-version":[{"id":16909,"href":"https:\/\/acontecenafronteira.com.br\/index.php\/wp-json\/wp\/v2\/posts\/16907\/revisions\/16909"}],"wp:featuredmedia":[{"embeddable":true,"href":"https:\/\/acontecenafronteira.com.br\/index.php\/wp-json\/wp\/v2\/media\/16908"}],"wp:attachment":[{"href":"https:\/\/acontecenafronteira.com.br\/index.php\/wp-json\/wp\/v2\/media?parent=16907"}],"wp:term":[{"taxonomy":"category","embeddable":true,"href":"https:\/\/acontecenafronteira.com.br\/index.php\/wp-json\/wp\/v2\/categories?post=16907"},{"taxonomy":"post_tag","embeddable":true,"href":"https:\/\/acontecenafronteira.com.br\/index.php\/wp-json\/wp\/v2\/tags?post=16907"}],"curies":[{"name":"wp","href":"https:\/\/api.w.org\/{rel}","templated":true}]}}