{"id":16893,"date":"2023-08-29T23:52:22","date_gmt":"2023-08-30T02:52:22","guid":{"rendered":"https:\/\/acontecenafronteira.com.br\/?p=16893"},"modified":"2023-08-29T23:52:24","modified_gmt":"2023-08-30T02:52:24","slug":"programacao-de-aniversario-da-biblioteca-municipal-comeca-neste-sabado-02-com-oficinas-e-contacoes-de-historias","status":"publish","type":"post","link":"https:\/\/acontecenafronteira.com.br\/index.php\/2023\/08\/29\/programacao-de-aniversario-da-biblioteca-municipal-comeca-neste-sabado-02-com-oficinas-e-contacoes-de-historias\/","title":{"rendered":"Programa\u00e7\u00e3o de anivers\u00e1rio da Biblioteca Municipal come\u00e7a neste s\u00e1bado (02) com oficinas e conta\u00e7\u00f5es de hist\u00f3rias"},"content":{"rendered":"\n<p><strong><em>Atividades gratuitas seguir\u00e3o at\u00e9 o dia 13 de setembro em comemora\u00e7\u00e3o aos 60 anos de cria\u00e7\u00e3o do espa\u00e7o; para participar das oficinas \u00e9 necess\u00e1rio realizar a inscri\u00e7\u00e3o antecipada<\/em><\/strong><\/p>\n\n\n\n<p>Com o tema \u201cInspirando Mentes por Gera\u00e7\u00f5es\u201d, o anivers\u00e1rio de 60 anos da Biblioteca P\u00fablica Elfrida Engel Nunes Rios, em Foz do Igua\u00e7u, ser\u00e1 marcado por uma s\u00e9rie de atividades art\u00edsticas, culturais e de promo\u00e7\u00e3o da leitura. A programa\u00e7\u00e3o come\u00e7a no dia 02 e seguir\u00e1 at\u00e9 13 de setembro na sede da Biblioteca (anexo a Funda\u00e7\u00e3o Cultural), na Rua Benjamin Constant, 62.<\/p>\n\n\n\n<p>Neste s\u00e1bado (02), uma oficina de fotografia com smartphone ser\u00e1 ministrada pela arte educadora \u00c1urea Cunha. A atividade, voltada para jovens e adultos, acontecer\u00e1 das 9h \u00e0s 17h, com intervalo para o almo\u00e7o. As 10h, haver\u00e1 uma apresenta\u00e7\u00e3o musical para crian\u00e7as; \u00e0s 14h, acontece mais uma edi\u00e7\u00e3o da \u201cHora da Hist\u00f3ria\u201d; e, das 14h \u00e0s 16h30, os pequenos poder\u00e3o participar de uma oficina de cupcake para crian\u00e7as. Para participar das oficinas, \u00e9 preciso realizar a inscri\u00e7\u00e3o atrav\u00e9s do Link: https:\/\/linktr.ee\/bibliotecapublicafoz. Todas as atividades s\u00e3o gratuitas.<\/p>\n\n\n\n<p><strong>Programa\u00e7\u00e3o<\/strong><\/p>\n\n\n\n<p>Na segunda-feira (04) e na ter\u00e7a (05), est\u00e3o programadas conta\u00e7\u00f5es de hist\u00f3rias para crian\u00e7as, com sess\u00f5es \u00e0s 9h30 e \u00e0s 14h30. Na quarta-feira (06), o grande dia do anivers\u00e1rio, haver\u00e1 uma conta\u00e7\u00e3o de hist\u00f3rias \u00e0s 9h30 seguida pelo \u201cParab\u00e9ns \u00e0 Biblioteca\u201d, com o corte de bolo para crian\u00e7as de duas unidades de ensino que acompanhar\u00e3o as atividades. \u00c0s 14h, uma nova \u201cHora da Hist\u00f3ria\u201d e as 14h30 uma oficina de bonecos est\u00e1 programada. A noite, \u00e0s 20h acontece um bate papo liter\u00e1rio \u201cpelo mundo das fanfics\u201d com a escritora igua\u00e7uense Lhaisa Andria. As atividades seguem nos dias 11, 12 e 13 com cinema, oficinas e media\u00e7\u00f5es liter\u00e1rias. A programa\u00e7\u00e3o completa est\u00e1 dispon\u00edvel aqui: https:\/\/linktr.ee\/bibliotecapublicafoz.<\/p>\n\n\n\n<p><strong>Empr\u00e9stimos<\/strong><\/p>\n\n\n\n<p>Al\u00e9m de comemorar o sexag\u00e9simo anivers\u00e1rio de funda\u00e7\u00e3o, o principal objetivo das atividades \u00e9 levar novos visitantes para o espa\u00e7o. A Biblioteca tem hoje mais de 800 leitores ativos, que fazem o empr\u00e9stimo de livros no local. S\u00e3o mais de 70 mil obras catalogadas \u00e0 disposi\u00e7\u00e3o dos moradores, al\u00e9m de 7.300 na Biblioteca Infantojuvenil.<\/p>\n\n\n\n<p>Para fazer o empr\u00e9stimo das obras, \u00e9 necess\u00e1rio um cadastro (basta levar os documentos pessoais e um comprovante de resid\u00eancia). A Biblioteca tamb\u00e9m disponibiliza salas para estudos e pesquisas com wi-fi e realiza projetos de doa\u00e7\u00e3o de livros ao p\u00fablico.<\/p>\n\n\n\n<p><strong>Biblioteca P\u00fablica<\/strong><\/p>\n\n\n\n<p>Criada em 06 de setembro de 1963, pela Lei n\u00ba 385\/63, na gest\u00e3o do ent\u00e3o prefeito Em\u00edlio Gomes, a Biblioteca P\u00fablica Elfrida Engel Nunes Rios \u2013 nome em homenagem \u00e0 pioneira da cidade \u2013 teve sua primeira sede em uma das salas da Prefeitura Municipal. Entre os locais de funcionamento, existe ainda o pr\u00e9dio onde hoje funciona o Fozhabita, o pr\u00e9dio da C\u00e2mara J\u00fanior e, no final da d\u00e9cada de 80, a Escola Parigot de Souza. Desde 1997, est\u00e1 instalada na atual sede da Funda\u00e7\u00e3o Cultural.<\/p>\n","protected":false},"excerpt":{"rendered":"<p>Atividades gratuitas seguir\u00e3o at\u00e9 o dia 13 de setembro em comemora\u00e7\u00e3o aos 60 anos de cria\u00e7\u00e3o do espa\u00e7o; para participar das oficinas \u00e9 necess\u00e1rio realizar a inscri\u00e7\u00e3o antecipada Com o tema \u201cInspirando Mentes por Gera\u00e7\u00f5es\u201d, o anivers\u00e1rio de 60 anos da Biblioteca P\u00fablica Elfrida Engel Nunes Rios, em Foz do Igua\u00e7u, ser\u00e1 marcado por uma [&hellip;]<\/p>\n","protected":false},"author":2,"featured_media":16894,"comment_status":"open","ping_status":"open","sticky":false,"template":"","format":"standard","meta":{"om_disable_all_campaigns":false,"_monsterinsights_skip_tracking":false,"_monsterinsights_sitenote_active":false,"_monsterinsights_sitenote_note":"","_monsterinsights_sitenote_category":0,"footnotes":""},"categories":[3],"tags":[],"class_list":["post-16893","post","type-post","status-publish","format-standard","has-post-thumbnail","hentry","category-cultura"],"_links":{"self":[{"href":"https:\/\/acontecenafronteira.com.br\/index.php\/wp-json\/wp\/v2\/posts\/16893","targetHints":{"allow":["GET"]}}],"collection":[{"href":"https:\/\/acontecenafronteira.com.br\/index.php\/wp-json\/wp\/v2\/posts"}],"about":[{"href":"https:\/\/acontecenafronteira.com.br\/index.php\/wp-json\/wp\/v2\/types\/post"}],"author":[{"embeddable":true,"href":"https:\/\/acontecenafronteira.com.br\/index.php\/wp-json\/wp\/v2\/users\/2"}],"replies":[{"embeddable":true,"href":"https:\/\/acontecenafronteira.com.br\/index.php\/wp-json\/wp\/v2\/comments?post=16893"}],"version-history":[{"count":1,"href":"https:\/\/acontecenafronteira.com.br\/index.php\/wp-json\/wp\/v2\/posts\/16893\/revisions"}],"predecessor-version":[{"id":16895,"href":"https:\/\/acontecenafronteira.com.br\/index.php\/wp-json\/wp\/v2\/posts\/16893\/revisions\/16895"}],"wp:featuredmedia":[{"embeddable":true,"href":"https:\/\/acontecenafronteira.com.br\/index.php\/wp-json\/wp\/v2\/media\/16894"}],"wp:attachment":[{"href":"https:\/\/acontecenafronteira.com.br\/index.php\/wp-json\/wp\/v2\/media?parent=16893"}],"wp:term":[{"taxonomy":"category","embeddable":true,"href":"https:\/\/acontecenafronteira.com.br\/index.php\/wp-json\/wp\/v2\/categories?post=16893"},{"taxonomy":"post_tag","embeddable":true,"href":"https:\/\/acontecenafronteira.com.br\/index.php\/wp-json\/wp\/v2\/tags?post=16893"}],"curies":[{"name":"wp","href":"https:\/\/api.w.org\/{rel}","templated":true}]}}