{"id":16889,"date":"2023-08-28T23:51:03","date_gmt":"2023-08-29T02:51:03","guid":{"rendered":"https:\/\/acontecenafronteira.com.br\/?p=16889"},"modified":"2023-08-28T23:51:03","modified_gmt":"2023-08-29T02:51:03","slug":"predio-da-antiga-camara-de-vereadores-sera-transformado-em-espaco-cultural-e-de-memoria-da-cidade","status":"publish","type":"post","link":"https:\/\/acontecenafronteira.com.br\/index.php\/2023\/08\/28\/predio-da-antiga-camara-de-vereadores-sera-transformado-em-espaco-cultural-e-de-memoria-da-cidade\/","title":{"rendered":"Pr\u00e9dio da antiga C\u00e2mara de Vereadores ser\u00e1 transformado em espa\u00e7o cultural e de mem\u00f3ria da cidade"},"content":{"rendered":"\n<p><strong><em>Reforma do espa\u00e7o ser\u00e1 executada atrav\u00e9s de um termo de convers\u00e3o de \u00e1rea, assinado hoje pelo prefeito Chico Brasileiro; obra deve ser entregue no anivers\u00e1rio de 110 anos do munic\u00edpio, em junho de 2024<\/em><\/strong><\/p>\n\n\n\n<p>Localizado na Pra\u00e7a Get\u00falio Vargas, o pr\u00e9dio da antiga C\u00e2mara de Vereadores ser\u00e1 transformado em um equipamento cultural e de mem\u00f3ria, com salas para exposi\u00e7\u00f5es, galeria de artes, audit\u00f3rio e espa\u00e7os para oficinas do projeto Foz Fazendo Arte.<\/p>\n\n\n\n<p>O an\u00fancio foi feito nesta segunda-feira (28) pelo prefeito Chico Brasileiro e o diretor presidente da Funda\u00e7\u00e3o Cultural, Juca Rodrigues, em um ato simb\u00f3lico com a presen\u00e7a de artistas locais, representantes da cultura, secret\u00e1rios e vereadores no audit\u00f3rio da Funda\u00e7\u00e3o.<\/p>\n\n\n\n<p>O projeto de reforma do pr\u00e9dio foi elaborado pela Secretaria Municipal de Planejamento e Capta\u00e7\u00e3o de Recursos e ser\u00e1 executado atrav\u00e9s de um Termo de Convers\u00e3o de \u00c1rea (TCA). O procedimento administrativo, regulamentado em fevereiro deste ano, permite que loteadoras executem obras de interesse do Munic\u00edpio em processos de parcelamento do solo para fins urbanos, agilizando projetos em benef\u00edcio \u00e0 popula\u00e7\u00e3o. A obra deve come\u00e7ar em at\u00e9 60 dias e ser entregue at\u00e9 junho de 2024, para marcar o anivers\u00e1rio de 110 anos de Foz do Igua\u00e7u.<\/p>\n\n\n\n<blockquote class=\"wp-block-quote is-layout-flow wp-block-quote-is-layout-flow\">\n<p>\u201cT\u00ednhamos dez pedidos para uso deste im\u00f3vel, mas ele n\u00e3o poderia ser destinado para outro fim, se n\u00e3o este, de cultura, arte e patrim\u00f4nio. Nossa decis\u00e3o \u00e9 pela preserva\u00e7\u00e3o da mem\u00f3ria de Foz do Igua\u00e7u, tendo em vista que \u00e9 um pr\u00e9dio hist\u00f3rico, um pr\u00e9dio central, e atrav\u00e9s deste modelo de convers\u00e3o de \u00e1rea pretendemos fazer outras obras de equipamentos culturais\u201d, disse o prefeito Chico Brasileiro.<\/p>\n<\/blockquote>\n\n\n\n<p>O pr\u00e9dio, inaugurado em 1972, ter\u00e1 sua imagem recuperada do projeto original. O local abrigou a C\u00e2mara de Vereadores at\u00e9 dezembro de 2000 e depois foi sede da Secretaria de Turismo, Diretoria de Assuntos Internacionais, Procuradoria do Munic\u00edpio e a Diretoria de Sa\u00fade Ocupacional.<\/p>\n\n\n\n<blockquote class=\"wp-block-quote is-layout-flow wp-block-quote-is-layout-flow\">\n<p>\u201cA proposta geral do projeto \u00e9 de recuperar, sobretudo, a esplanada no piso superior, permitindo a circula\u00e7\u00e3o de pessoas. Entre o forro e a cobertura do antigo plen\u00e1rio (parte c\u00f4nica) foi encontrada uma janela de ilumina\u00e7\u00e3o zenital, cuja fun\u00e7\u00e3o dever\u00e1 ser resgatada para garantir uma ilumina\u00e7\u00e3o c\u00eanica no espa\u00e7o\u201d, explicou o secret\u00e1rio de Planejamento, Andrey Bachixta.<\/p>\n<\/blockquote>\n\n\n\n<p>De acordo com o presidente da Funda\u00e7\u00e3o Cultural, Juca Rodrigues, o pr\u00e9dio abrigar\u00e1 um equipamento de cultura voltado \u00e0s artes visuais. \u201cTeremos exposi\u00e7\u00f5es de artistas locais e queremos captar exposi\u00e7\u00f5es de outras cidades do Brasil e tamb\u00e9m do exterior. Teremos as salas de aula para as oficinas do Foz Fazendo Arte, al\u00e9m dos espa\u00e7os administrativos\u201d, comentou. A ideia, segundo ele, \u00e9 que o local seja um novo atrativo tur\u00edstico da cidade. \u201cJ\u00e1 estamos trabalhando junto com a Secretaria de Turismo essa proposta, j\u00e1 que o local ser\u00e1 aberto a visitantes\u201d.<\/p>\n\n\n\n<p>O antigo plen\u00e1rio da C\u00e2mara dar\u00e1 lugar a um audit\u00f3rio com 60 lugares para apresenta\u00e7\u00f5es culturais. Tamb\u00e9m haver\u00e1 espa\u00e7o para um acervo art\u00edstico e uma sala para o Conselho Municipal de Patrim\u00f4nio Cultural &#8211; CEPAC.<\/p>\n\n\n\n<p>A obra tem um valor estimado em R$ 1 milh\u00e3o e ser\u00e1 executada pela empresa BDGE Empreendimentos Imobili\u00e1rios. Este ser\u00e1 o oitavo projeto no modelo de convers\u00e3o de \u00e1rea.<\/p>\n\n\n\n<p><strong>Homenagem<\/strong><\/p>\n\n\n\n<p>Durante o ato simb\u00f3lico, com grande presen\u00e7a dos artistas locais, arte-educadores e representantes da cultura, o prefeito Chico Brasileiro foi presenteado com uma obra de arte, intitulada &#8220;O Estado entre La\u00e7os da Cultura&#8221;.<\/p>\n\n\n\n<p>De autoria de Andr\u00e9 Crevi, a obra expressa a rela\u00e7\u00e3o essencial entre os poderes do estado e a preserva\u00e7\u00e3o da cultura e arte. Atrav\u00e9s de tra\u00e7os marcantes e cores vibrantes, a obra retrata a harmoniosa uni\u00e3o entre governo e express\u00e3o cultural, evidenciando como o estado protege e fomenta a casa da arte para o benef\u00edcio de uma sociedade progressista e consciente. A narrativa visual ressalta a import\u00e2ncia da sinergia entre natureza, cultura e governan\u00e7a, refletindo a vis\u00e3o \u00fanica de Crevi sobre essa interliga\u00e7\u00e3o fundamental.<\/p>\n\n\n\n<p>Foto: Thiago Dutra\/PMFI<\/p>\n","protected":false},"excerpt":{"rendered":"<p>Reforma do espa\u00e7o ser\u00e1 executada atrav\u00e9s de um termo de convers\u00e3o de \u00e1rea, assinado hoje pelo prefeito Chico Brasileiro; obra deve ser entregue no anivers\u00e1rio de 110 anos do munic\u00edpio, em junho de 2024 Localizado na Pra\u00e7a Get\u00falio Vargas, o pr\u00e9dio da antiga C\u00e2mara de Vereadores ser\u00e1 transformado em um equipamento cultural e de mem\u00f3ria, [&hellip;]<\/p>\n","protected":false},"author":2,"featured_media":16890,"comment_status":"open","ping_status":"open","sticky":false,"template":"","format":"standard","meta":{"om_disable_all_campaigns":false,"_monsterinsights_skip_tracking":false,"_monsterinsights_sitenote_active":false,"_monsterinsights_sitenote_note":"","_monsterinsights_sitenote_category":0,"footnotes":""},"categories":[4],"tags":[],"class_list":["post-16889","post","type-post","status-publish","format-standard","has-post-thumbnail","hentry","category-cidade"],"_links":{"self":[{"href":"https:\/\/acontecenafronteira.com.br\/index.php\/wp-json\/wp\/v2\/posts\/16889","targetHints":{"allow":["GET"]}}],"collection":[{"href":"https:\/\/acontecenafronteira.com.br\/index.php\/wp-json\/wp\/v2\/posts"}],"about":[{"href":"https:\/\/acontecenafronteira.com.br\/index.php\/wp-json\/wp\/v2\/types\/post"}],"author":[{"embeddable":true,"href":"https:\/\/acontecenafronteira.com.br\/index.php\/wp-json\/wp\/v2\/users\/2"}],"replies":[{"embeddable":true,"href":"https:\/\/acontecenafronteira.com.br\/index.php\/wp-json\/wp\/v2\/comments?post=16889"}],"version-history":[{"count":1,"href":"https:\/\/acontecenafronteira.com.br\/index.php\/wp-json\/wp\/v2\/posts\/16889\/revisions"}],"predecessor-version":[{"id":16891,"href":"https:\/\/acontecenafronteira.com.br\/index.php\/wp-json\/wp\/v2\/posts\/16889\/revisions\/16891"}],"wp:featuredmedia":[{"embeddable":true,"href":"https:\/\/acontecenafronteira.com.br\/index.php\/wp-json\/wp\/v2\/media\/16890"}],"wp:attachment":[{"href":"https:\/\/acontecenafronteira.com.br\/index.php\/wp-json\/wp\/v2\/media?parent=16889"}],"wp:term":[{"taxonomy":"category","embeddable":true,"href":"https:\/\/acontecenafronteira.com.br\/index.php\/wp-json\/wp\/v2\/categories?post=16889"},{"taxonomy":"post_tag","embeddable":true,"href":"https:\/\/acontecenafronteira.com.br\/index.php\/wp-json\/wp\/v2\/tags?post=16889"}],"curies":[{"name":"wp","href":"https:\/\/api.w.org\/{rel}","templated":true}]}}