{"id":16885,"date":"2023-08-28T23:49:13","date_gmt":"2023-08-29T02:49:13","guid":{"rendered":"https:\/\/acontecenafronteira.com.br\/?p=16885"},"modified":"2023-08-28T23:49:13","modified_gmt":"2023-08-29T02:49:13","slug":"camara-convoca-populacao-para-audiencia-publica-sobre-loteamentos-de-acesso-controlado","status":"publish","type":"post","link":"https:\/\/acontecenafronteira.com.br\/index.php\/2023\/08\/28\/camara-convoca-populacao-para-audiencia-publica-sobre-loteamentos-de-acesso-controlado\/","title":{"rendered":"C\u00e2mara convoca popula\u00e7\u00e3o para audi\u00eancia p\u00fablica sobre loteamentos de acesso controlado"},"content":{"rendered":"\n<p><strong><em>Debate ser\u00e1 nesta ter\u00e7a-feira, \u00e0s 9h, sobre o projeto enviado pelo Poder Executivo<\/em><\/strong><\/p>\n\n\n\n<p>A C\u00e2mara Municipal de Foz do Igua\u00e7u, realizar\u00e1 nesta ter\u00e7a-feira, 29 de agosto, com in\u00edcio \u00e0s 09h, audi\u00eancia p\u00fablica, para discutir o Projeto de Lei Complementar n\u00ba 12\/2023, encaminhado pelo chefe do Poder Executivo. Convocado pela Comiss\u00e3o Mista, a audi\u00eancia pretende debater sobre altera\u00e7\u00f5es na Lei do Parcelamento de Solo para fins urbanos. A proposta de mudan\u00e7a autoriza a implanta\u00e7\u00e3o de loteamentos com acesso controlado.<\/p>\n\n\n\n<blockquote class=\"wp-block-quote is-layout-flow wp-block-quote-is-layout-flow\">\n<p>\u201cVamos tratar de um assunto muito importante, de um projeto de lei vindo do Executivo que trata do zoneamento da cidade, parcelamento de solo e que, reflete de repente no impacto a nossa sociedade\u201d, declarou o Presidente da Comiss\u00e3o Mista, vereador Ney Patr\u00edcio (PSD).<\/p>\n<\/blockquote>\n\n\n\n<p>A transmiss\u00e3o da audi\u00eancia p\u00fablica ser\u00e1 feita ao vivo pelos canais oficiais da C\u00e2mara: Youtube (bit.ly\/camarafozyoutube) e Facebook (bit.ly\/camarafozfacebook), com direito a participa\u00e7\u00e3o nos chats. A inscri\u00e7\u00e3o pr\u00e9via para o uso da tribuna poder\u00e1 ser feita pelo link (bit.ly\/inscricaoapcamara).<\/p>\n\n\n\n<p>Foto: Christian Rizzi<\/p>\n","protected":false},"excerpt":{"rendered":"<p>Debate ser\u00e1 nesta ter\u00e7a-feira, \u00e0s 9h, sobre o projeto enviado pelo Poder Executivo A C\u00e2mara Municipal de Foz do Igua\u00e7u, realizar\u00e1 nesta ter\u00e7a-feira, 29 de agosto, com in\u00edcio \u00e0s 09h, audi\u00eancia p\u00fablica, para discutir o Projeto de Lei Complementar n\u00ba 12\/2023, encaminhado pelo chefe do Poder Executivo. Convocado pela Comiss\u00e3o Mista, a audi\u00eancia pretende debater [&hellip;]<\/p>\n","protected":false},"author":2,"featured_media":16887,"comment_status":"open","ping_status":"open","sticky":false,"template":"","format":"standard","meta":{"om_disable_all_campaigns":false,"_monsterinsights_skip_tracking":false,"_monsterinsights_sitenote_active":false,"_monsterinsights_sitenote_note":"","_monsterinsights_sitenote_category":0,"footnotes":""},"categories":[19],"tags":[],"class_list":["post-16885","post","type-post","status-publish","format-standard","has-post-thumbnail","hentry","category-politica"],"_links":{"self":[{"href":"https:\/\/acontecenafronteira.com.br\/index.php\/wp-json\/wp\/v2\/posts\/16885","targetHints":{"allow":["GET"]}}],"collection":[{"href":"https:\/\/acontecenafronteira.com.br\/index.php\/wp-json\/wp\/v2\/posts"}],"about":[{"href":"https:\/\/acontecenafronteira.com.br\/index.php\/wp-json\/wp\/v2\/types\/post"}],"author":[{"embeddable":true,"href":"https:\/\/acontecenafronteira.com.br\/index.php\/wp-json\/wp\/v2\/users\/2"}],"replies":[{"embeddable":true,"href":"https:\/\/acontecenafronteira.com.br\/index.php\/wp-json\/wp\/v2\/comments?post=16885"}],"version-history":[{"count":1,"href":"https:\/\/acontecenafronteira.com.br\/index.php\/wp-json\/wp\/v2\/posts\/16885\/revisions"}],"predecessor-version":[{"id":16888,"href":"https:\/\/acontecenafronteira.com.br\/index.php\/wp-json\/wp\/v2\/posts\/16885\/revisions\/16888"}],"wp:featuredmedia":[{"embeddable":true,"href":"https:\/\/acontecenafronteira.com.br\/index.php\/wp-json\/wp\/v2\/media\/16887"}],"wp:attachment":[{"href":"https:\/\/acontecenafronteira.com.br\/index.php\/wp-json\/wp\/v2\/media?parent=16885"}],"wp:term":[{"taxonomy":"category","embeddable":true,"href":"https:\/\/acontecenafronteira.com.br\/index.php\/wp-json\/wp\/v2\/categories?post=16885"},{"taxonomy":"post_tag","embeddable":true,"href":"https:\/\/acontecenafronteira.com.br\/index.php\/wp-json\/wp\/v2\/tags?post=16885"}],"curies":[{"name":"wp","href":"https:\/\/api.w.org\/{rel}","templated":true}]}}