{"id":16882,"date":"2023-08-28T23:45:36","date_gmt":"2023-08-29T02:45:36","guid":{"rendered":"https:\/\/acontecenafronteira.com.br\/?p=16882"},"modified":"2023-08-28T23:46:27","modified_gmt":"2023-08-29T02:46:27","slug":"mobilizacao-de-combate-a-dengue-intensifica-acoes-em-areas-de-alto-risco-para-a-doenca","status":"publish","type":"post","link":"https:\/\/acontecenafronteira.com.br\/index.php\/2023\/08\/28\/mobilizacao-de-combate-a-dengue-intensifica-acoes-em-areas-de-alto-risco-para-a-doenca\/","title":{"rendered":"Mobiliza\u00e7\u00e3o de combate \u00e0 dengue intensifica a\u00e7\u00f5es em \u00e1reas de alto risco para a doen\u00e7a"},"content":{"rendered":"\n<p><em><strong>Equipes est\u00e3o espalhadas nas regi\u00f5es de Tr\u00eas Lagoas, Porto Meira, Morumbi e Vila C; a\u00e7\u00e3o nos bairros teve in\u00edcio no s\u00e1bado (26) e segue at\u00e9 sexta-feira (01)<\/strong><\/em><\/p>\n\n\n\n<p>Dona Darci Salles abriu as portas de casa, no bairro Morumbi, para receber as a\u00e7\u00f5es do Mutir\u00e3o de Combate \u00e0 Dengue e Chikungunya nesta segunda-feira (28). Ela acompanhou a equipe do Centro de Controle de Zoonoses (CCZ) na vistoria do terreno enquanto contava sobre os dias de sofrimento quando teve dengue, h\u00e1 tr\u00eas anos.<\/p>\n\n\n\n<blockquote class=\"wp-block-quote is-layout-flow wp-block-quote-is-layout-flow\">\n<p>\u201cFoi horr\u00edvel, eu contra\u00ed a dengue que mata (hemorr\u00e1gica). Foram dias de muito sofrimento e escapei por um fio, nunca mais quero pegar essa doen\u00e7a\u201d, comentou.<\/p>\n<\/blockquote>\n\n\n\n<p>Dona Darci mora em uma das regi\u00f5es de alto risco para a doen\u00e7a, assim como a Vila C, Porto Meira e Tr\u00eas Lagoas, bairros que tamb\u00e9m est\u00e3o recebendo o esfor\u00e7o redobrado do Munic\u00edpio para conter o agravamento da epidemia da dengue.<\/p>\n\n\n\n<p>Para prevenir o adoecimento de dona Darci e de toda a popula\u00e7\u00e3o, as equipes verificam os pontos de forma\u00e7\u00e3o de criadouros do Aedes aegytpi, a exemplo de pratinhos dos vasos de plantas, potes de \u00e1gua para animais, abertura em caixas d\u00b4\u00e1gua ou fossas, e objetos que acumulem \u00e1gua.<\/p>\n\n\n\n<blockquote class=\"wp-block-quote is-layout-flow wp-block-quote-is-layout-flow\">\n<p>\u201cAl\u00e9m da vistoria, transmitimos orienta\u00e7\u00f5es para a forma correta de eliminar focos do mosquito e evitar os criadouros, somente assim vamos vencer o mosquito\u201d, contou o agente de endemia Cleberson Al\u00e9cio.<\/p>\n<\/blockquote>\n\n\n\n<p>Ao todo, 150 agentes de sa\u00fade do CCZ participam da mobiliza\u00e7\u00e3o. Fiscais da Secretaria da Fazenda e servidores das secretarias de Meio Ambiente e Obras tamb\u00e9m prestam apoio para as demandas relacionadas \u00e0 retirada de entulhos e na notifica\u00e7\u00e3o de criadouros. A meta \u00e9 vistoriar cerca de 10 mil im\u00f3veis.<\/p>\n\n\n\n<p><strong>Coopera\u00e7\u00e3o<\/strong><\/p>\n\n\n\n<p>De acordo com dados do CCZ, a conscientiza\u00e7\u00e3o da popula\u00e7\u00e3o \u00e9 a principal arma contra a doen\u00e7a, j\u00e1 que cerca de 70% dos focos est\u00e3o nas resid\u00eancias. No \u00faltimo s\u00e1bado (26), mais de 350 servidores de v\u00e1rias secretarias e autarquias tamb\u00e9m participaram de uma mobiliza\u00e7\u00e3o em v\u00e1rios pontos da cidade. A a\u00e7\u00e3o contou com a distribui\u00e7\u00e3o de materiais e orienta\u00e7\u00f5es aos moradores.<\/p>\n\n\n\n<blockquote class=\"wp-block-quote is-layout-flow wp-block-quote-is-layout-flow\">\n<p>\u201cEstamos antecipando e intensificando as a\u00e7\u00f5es porque estamos em alto risco para uma epidemia mais grave, que inclui a chikungunya, por isso a colabora\u00e7\u00e3o da popula\u00e7\u00e3o \u00e9 crucial para eliminarmos o mosquito e evitarmos o aumento da transmiss\u00e3o da doen\u00e7a\u201d, expressou chefe do CCZ, Renata Defante Lopes.<\/p>\n<\/blockquote>\n\n\n\n<p><strong>Antecipa\u00e7\u00e3o<\/strong><\/p>\n\n\n\n<p>A mobiliza\u00e7\u00e3o de combate \u00e0 dengue est\u00e1 sendo antecipada neste ano por conta do cen\u00e1rio epidemiol\u00f3gico da doen\u00e7a, que come\u00e7ou o calend\u00e1rio do novo ano epidemiol\u00f3gico com a curva de indicadores acima da m\u00e9dia. \u201cFechamos o ano epidemiol\u00f3gico com mais de 55 mil notifica\u00e7\u00f5es e 14 mil casos confirmados de dengue, al\u00e9m de 22 \u00f3bitos pela doen\u00e7a. Nos primeiros dias deste novo ano epidemiol\u00f3gico, que iniciou em 1\u00ba de agosto, j\u00e1 temos 42 casos confirmados de dengue e 401 notifica\u00e7\u00f5es\u201d, informou Roberto Doldan, diretor da Vigil\u00e2ncia em Sa\u00fade.<\/p>\n\n\n\n<p><strong>Outros<\/strong><\/p>\n\n\n\n<p>Al\u00e9m das orienta\u00e7\u00f5es para preven\u00e7\u00e3o da dengue, os agentes de endemias tamb\u00e9m fazem a verifica\u00e7\u00e3o de fatores de risco para outras doen\u00e7as, tais como raiva e leishmaniose. \u201cVerificamos se h\u00e1 pontos de dep\u00f3sito de material org\u00e2nico que s\u00e3o criadouros do mosquito-palha, vetor da leishmaniose e tamb\u00e9m orientamos para vacina\u00e7\u00e3o contra raiva nos animais e demais situa\u00e7\u00f5es relacionadas a zoonoses\u201d, completou Al\u00e9cio.<\/p>\n\n\n\n<p>Foto: Thiago Dutra\/PMFI<\/p>\n","protected":false},"excerpt":{"rendered":"<p>Equipes est\u00e3o espalhadas nas regi\u00f5es de Tr\u00eas Lagoas, Porto Meira, Morumbi e Vila C; a\u00e7\u00e3o nos bairros teve in\u00edcio no s\u00e1bado (26) e segue at\u00e9 sexta-feira (01) Dona Darci Salles abriu as portas de casa, no bairro Morumbi, para receber as a\u00e7\u00f5es do Mutir\u00e3o de Combate \u00e0 Dengue e Chikungunya nesta segunda-feira (28). Ela acompanhou [&hellip;]<\/p>\n","protected":false},"author":2,"featured_media":16883,"comment_status":"open","ping_status":"open","sticky":false,"template":"","format":"standard","meta":{"om_disable_all_campaigns":false,"_monsterinsights_skip_tracking":false,"_monsterinsights_sitenote_active":false,"_monsterinsights_sitenote_note":"","_monsterinsights_sitenote_category":0,"footnotes":""},"categories":[10],"tags":[],"class_list":["post-16882","post","type-post","status-publish","format-standard","has-post-thumbnail","hentry","category-saude"],"_links":{"self":[{"href":"https:\/\/acontecenafronteira.com.br\/index.php\/wp-json\/wp\/v2\/posts\/16882","targetHints":{"allow":["GET"]}}],"collection":[{"href":"https:\/\/acontecenafronteira.com.br\/index.php\/wp-json\/wp\/v2\/posts"}],"about":[{"href":"https:\/\/acontecenafronteira.com.br\/index.php\/wp-json\/wp\/v2\/types\/post"}],"author":[{"embeddable":true,"href":"https:\/\/acontecenafronteira.com.br\/index.php\/wp-json\/wp\/v2\/users\/2"}],"replies":[{"embeddable":true,"href":"https:\/\/acontecenafronteira.com.br\/index.php\/wp-json\/wp\/v2\/comments?post=16882"}],"version-history":[{"count":2,"href":"https:\/\/acontecenafronteira.com.br\/index.php\/wp-json\/wp\/v2\/posts\/16882\/revisions"}],"predecessor-version":[{"id":16886,"href":"https:\/\/acontecenafronteira.com.br\/index.php\/wp-json\/wp\/v2\/posts\/16882\/revisions\/16886"}],"wp:featuredmedia":[{"embeddable":true,"href":"https:\/\/acontecenafronteira.com.br\/index.php\/wp-json\/wp\/v2\/media\/16883"}],"wp:attachment":[{"href":"https:\/\/acontecenafronteira.com.br\/index.php\/wp-json\/wp\/v2\/media?parent=16882"}],"wp:term":[{"taxonomy":"category","embeddable":true,"href":"https:\/\/acontecenafronteira.com.br\/index.php\/wp-json\/wp\/v2\/categories?post=16882"},{"taxonomy":"post_tag","embeddable":true,"href":"https:\/\/acontecenafronteira.com.br\/index.php\/wp-json\/wp\/v2\/tags?post=16882"}],"curies":[{"name":"wp","href":"https:\/\/api.w.org\/{rel}","templated":true}]}}