{"id":16871,"date":"2023-08-24T21:13:09","date_gmt":"2023-08-25T00:13:09","guid":{"rendered":"https:\/\/acontecenafronteira.com.br\/?p=16871"},"modified":"2023-08-24T21:13:10","modified_gmt":"2023-08-25T00:13:10","slug":"movimenta-foz-levara-atividades-esportivas-para-comunidades-em-foz-do-iguacu","status":"publish","type":"post","link":"https:\/\/acontecenafronteira.com.br\/index.php\/2023\/08\/24\/movimenta-foz-levara-atividades-esportivas-para-comunidades-em-foz-do-iguacu\/","title":{"rendered":"Movimenta Foz levar\u00e1 atividades esportivas para comunidades em Foz do Igua\u00e7u"},"content":{"rendered":"\n<p><strong><em>Projeto idealizado pelo SEST\/SENAT, com apoio da Prefeitura Municipal, contar\u00e1 com quatro etapas voltadas para levar esporte e lazer \u00e0s crian\u00e7as, jovens e adultos do entorno de escolas bairros da cidade<\/em><\/strong><\/p>\n\n\n\n<p>O SEST\/SENAT de Foz do Igua\u00e7u inicia no pr\u00f3ximo s\u00e1bado (26), das 13h30 \u00e0s 17h30, a primeira etapa do projeto Movimenta Foz do Igua\u00e7u, levando uma s\u00e9rie de atividades f\u00edsicas e de lazer para a comunidade do entorno do Centro de Conviv\u00eancia Escola Bairro Darci Zanatta, na regi\u00e3o do Morumbi. A iniciativa tem apoio da Prefeitura Municipal, por meio das secretarias de Educa\u00e7\u00e3o e Esporte e Lazer.<\/p>\n\n\n\n<p>De acordo com o coordenador de Promo\u00e7\u00e3o Social da unidade SEST\/SENAT de Foz, Rondineli dos Santos Frias, esta \u00e9 a primeira vez que o Movimenta Foz est\u00e1 sendo executado. O projeto foi idealizado pelo promotor de esporte da unidade Kevin Atha\u00edde de Guimar\u00e3es e deve acontecer em quatro etapas.<\/p>\n\n\n\n<p>A segunda etapa ser\u00e1 no Centro de Conviv\u00eancia Escola Bairro Arnaldo Isidoro de Lima (Vila C) no dia 09 de setembro. A terceira no Centro de Conviv\u00eancia Escola Bairro Leonel Brizola (Tr\u00eas Lagoas), no dia 23 de setembro, finalizando na unidade do SEST\/SENAT, no Parque Presidente, no dia 07 de outubro.<\/p>\n\n\n\n<p>O projeto tem como p\u00fablico-alvo as crian\u00e7as acima de sete anos, jovens e adultos, das comunidades da regi\u00e3o das escolas bairro. Os polos foram divididos em cinco espa\u00e7os onde os participantes ter\u00e3o \u00e0 disposi\u00e7\u00e3o, videogames, aulas de zumba, yoga, capoeira, jogos de mesa como futmesa, xadrez, damas, ping-pong, al\u00e9m de slackline e outras modalidades esportivas.<\/p>\n\n\n\n<p><strong>Inscri\u00e7\u00f5es<\/strong><\/p>\n\n\n\n<p>Para participar de uma das etapas do Movimenta Foz, de forma gratuita, basta que os alunos preencham o formul\u00e1rio que est\u00e1 sendo distribu\u00eddos por professores em salas de aulas. Pode ainda ser preenchidos via QRCode ou acessando o link: https:\/\/tinyurl.com\/2tkbd2dn. O preenchimento pode ser feito na hora, nos locais dos eventos.<\/p>\n\n\n\n<p>A idade m\u00ednima das crian\u00e7as para participar das atividades \u00e9 de 7 anos de idade. As crian\u00e7as de 7 a 11 anos devem estar acompanhadas dos pais ou respons\u00e1veis no local. As crian\u00e7as acima de 12 anos poder\u00e3o permanecer no local desacompanhadas, mediante autoriza\u00e7\u00e3o pr\u00e9via do respons\u00e1vel, podendo esse entrar ou sair do espa\u00e7o desacompanhado se houver essa autoriza\u00e7\u00e3o do respons\u00e1vel.<\/p>\n\n\n\n<p><strong>Seguran\u00e7a<\/strong><\/p>\n\n\n\n<p>Em rela\u00e7\u00e3o \u00e0s quest\u00f5es log\u00edsticas relacionadas \u00e0 seguran\u00e7a e bem-estar, todo os participantes receber\u00e3o uma pulseira. \u201cVai ter um controle de entrada nas escolas bairro com seguran\u00e7a, ambul\u00e2ncia e nos brinquedos, ter\u00e3o monitores cuidando dessas crian\u00e7as, para que eles possam ter uma tarde de divers\u00e3o com tranquilidade. Eles ter\u00e3o pipoca e algod\u00e3o doce a tarde toda e, ao final do dia, poder\u00e3o trocar a pulseira por um brinde do SEST\/SENAT&#8221;, ressaltou o coordenador.<\/p>\n\n\n\n<p><strong>Sobre o SEST\/SENAT<\/strong><\/p>\n\n\n\n<p>O SEST\/SENAT \u00e9 uma empresa voltada ao setor do transporte e promove qualifica\u00e7\u00e3o profissional, atividades de sa\u00fade, qualidade de vida, esporte, lazer e cultura, para todo os trabalhadores do transporte e tamb\u00e9m da comunidade. O Movimenta Foz \u00e9 uma realiza\u00e7\u00e3o do SEST\/SENAT e conta com o apoio da Secretaria Municipal da Educa\u00e7\u00e3o e da Secretaria Municipal de Esporte e Lazer.<\/p>\n\n\n\n<p><strong>SERVI\u00c7O<\/strong><\/p>\n\n\n\n<p>Projeto Movimenta Foz<\/p>\n\n\n\n<p>26 de agosto \u2013 Centro de Conviv\u00eancia Escola Bairro Darci Zanatta. Rua Batatais, 133 (Morumbi)<\/p>\n\n\n\n<p>09 de setembro \u2013 Centro de Conviv\u00eancia Escola Bairro Arnaldo Isidoro de Lima. Rua D, 520 (Vila C)<\/p>\n\n\n\n<p>23 de setembro \u2013 Centro de Conviv\u00eancia Escola Bairro Leonel Brizola, Rua Munda\u00fa, s\/n, (Tr\u00eas Lagoas)<\/p>\n\n\n\n<p>07 de outubro \u2013 Unidade SEST\/SENAT &#8211; Rua Rufino Vilhordo, 155 (Parque Presidente II)<\/p>\n","protected":false},"excerpt":{"rendered":"<p>Projeto idealizado pelo SEST\/SENAT, com apoio da Prefeitura Municipal, contar\u00e1 com quatro etapas voltadas para levar esporte e lazer \u00e0s crian\u00e7as, jovens e adultos do entorno de escolas bairros da cidade O SEST\/SENAT de Foz do Igua\u00e7u inicia no pr\u00f3ximo s\u00e1bado (26), das 13h30 \u00e0s 17h30, a primeira etapa do projeto Movimenta Foz do Igua\u00e7u, [&hellip;]<\/p>\n","protected":false},"author":2,"featured_media":16873,"comment_status":"open","ping_status":"open","sticky":false,"template":"","format":"standard","meta":{"om_disable_all_campaigns":false,"_monsterinsights_skip_tracking":false,"_monsterinsights_sitenote_active":false,"_monsterinsights_sitenote_note":"","_monsterinsights_sitenote_category":0,"footnotes":""},"categories":[4,2],"tags":[],"class_list":["post-16871","post","type-post","status-publish","format-standard","has-post-thumbnail","hentry","category-cidade","category-esportes"],"_links":{"self":[{"href":"https:\/\/acontecenafronteira.com.br\/index.php\/wp-json\/wp\/v2\/posts\/16871","targetHints":{"allow":["GET"]}}],"collection":[{"href":"https:\/\/acontecenafronteira.com.br\/index.php\/wp-json\/wp\/v2\/posts"}],"about":[{"href":"https:\/\/acontecenafronteira.com.br\/index.php\/wp-json\/wp\/v2\/types\/post"}],"author":[{"embeddable":true,"href":"https:\/\/acontecenafronteira.com.br\/index.php\/wp-json\/wp\/v2\/users\/2"}],"replies":[{"embeddable":true,"href":"https:\/\/acontecenafronteira.com.br\/index.php\/wp-json\/wp\/v2\/comments?post=16871"}],"version-history":[{"count":1,"href":"https:\/\/acontecenafronteira.com.br\/index.php\/wp-json\/wp\/v2\/posts\/16871\/revisions"}],"predecessor-version":[{"id":16874,"href":"https:\/\/acontecenafronteira.com.br\/index.php\/wp-json\/wp\/v2\/posts\/16871\/revisions\/16874"}],"wp:featuredmedia":[{"embeddable":true,"href":"https:\/\/acontecenafronteira.com.br\/index.php\/wp-json\/wp\/v2\/media\/16873"}],"wp:attachment":[{"href":"https:\/\/acontecenafronteira.com.br\/index.php\/wp-json\/wp\/v2\/media?parent=16871"}],"wp:term":[{"taxonomy":"category","embeddable":true,"href":"https:\/\/acontecenafronteira.com.br\/index.php\/wp-json\/wp\/v2\/categories?post=16871"},{"taxonomy":"post_tag","embeddable":true,"href":"https:\/\/acontecenafronteira.com.br\/index.php\/wp-json\/wp\/v2\/tags?post=16871"}],"curies":[{"name":"wp","href":"https:\/\/api.w.org\/{rel}","templated":true}]}}