{"id":16819,"date":"2023-08-16T23:43:15","date_gmt":"2023-08-17T02:43:15","guid":{"rendered":"https:\/\/acontecenafronteira.com.br\/?p=16819"},"modified":"2023-08-16T23:43:15","modified_gmt":"2023-08-17T02:43:15","slug":"premio-paulo-freire-tem-62-projetos-em-desenvolvimento-nas-unidades-de-ensino","status":"publish","type":"post","link":"https:\/\/acontecenafronteira.com.br\/index.php\/2023\/08\/16\/premio-paulo-freire-tem-62-projetos-em-desenvolvimento-nas-unidades-de-ensino\/","title":{"rendered":"Pr\u00eamio Paulo Freire tem 62 projetos em desenvolvimento nas unidades de ensino"},"content":{"rendered":"\n<p><strong><em>S\u00e3o 44 na categoria Ensino Fundamental e 18 na Educa\u00e7\u00e3o Infantil; segunda etapa do concurso inicia em setembro com a apresenta\u00e7\u00e3o dos projetos \u00e0 banca avaliadora<\/em><\/strong><\/p>\n\n\n\n<p>Temas que contribuem com o aprendizado e o desenvolvimento das crian\u00e7as, envolvem fam\u00edlias e comunidades e transformam o ambiente escolar. Assim s\u00e3o os 62 projetos aprovados para a segunda etapa do 15\u00ba Pr\u00eamio Professor Paulo Freire, desenvolvido pela Secretaria Municipal da Educa\u00e7\u00e3o.<\/p>\n\n\n\n<p>O projeto, que iniciou no m\u00eas de junho e est\u00e1 em desenvolvimento nas escolas e Cmeis (Centros Municipais de Educa\u00e7\u00e3o Infantil), seguir\u00e1 para a segunda etapa no m\u00eas de setembro, quando os educadores fazem a apresenta\u00e7\u00e3o dos projetos \u00e0 comiss\u00e3o avaliadora. A etapa final, com apresenta\u00e7\u00f5es dos resultados, ser\u00e1 em novembro.<\/p>\n\n\n\n<p>S\u00e3o 44 projetos aprovados na categoria Ensino Fundamental e 18 na categoria Educa\u00e7\u00e3o Infantil. Os temas s\u00e3o livres, mas todos est\u00e3o alinhados ao planejamento curricular do munic\u00edpio e aos Objetivos de Desenvolvimento Sustent\u00e1vel (ODS).<\/p>\n\n\n\n<blockquote class=\"wp-block-quote is-layout-flow wp-block-quote-is-layout-flow\">\n<p>\u201cMais uma vez, nossos professores est\u00e3o de parab\u00e9ns pelos projetos e o engajamento nas a\u00e7\u00f5es. Temos acompanhado o entusiasmo das crian\u00e7as e das fam\u00edlias envolvidas, vendo ideias incr\u00edveis sendo aplicadas, contribuindo com o processo de ensino-aprendizagem e com o desenvolvimento dos nossos alunos\u201d, disse a secret\u00e1ria da Educa\u00e7\u00e3o, Maria Justina da Silva.<\/p>\n<\/blockquote>\n\n\n\n<p><strong>Temas<\/strong><\/p>\n\n\n\n<p>Na Escola Ac\u00e1cio Pedroso, o projeto trabalha o empreendedorismo e a educa\u00e7\u00e3o financeira atrav\u00e9s de um multibazar; na Escola Altair Ferrais da Silva, a educa\u00e7\u00e3o socioemocional como fator de prote\u00e7\u00e3o e respeito \u00e9 enfatizada atrav\u00e9s do \u201cClube da Empatia\u201d; na C\u00e2ndido Portinari, os alunos aprendem sobre h\u00e1bitos saud\u00e1veis atrav\u00e9s de um projeto sobre alimenta\u00e7\u00e3o escolar.<\/p>\n\n\n\n<p>Na Em\u00edlio de Menezes, o atletismo est\u00e1 sendo utilizado para aprendizagem da matem\u00e1tica; na \u00c9rico Ver\u00edssimo o projeto aborda o combate a obesidade infantil. Na escola Olavo Bilac, al\u00e9m de um concurso gastron\u00f4mico envolvendo alunos e fam\u00edlias, tamb\u00e9m est\u00e1 em desenvolvimento um projeto que prop\u00f5e a constru\u00e7\u00e3o de espa\u00e7os de pertencimento e acolhimento aos alunos migrantes.<\/p>\n\n\n\n<p>Tamb\u00e9m est\u00e3o em desenvolvimento nos Cmeis atividades de musicaliza\u00e7\u00e3o infantil, hortas escolares, de combate ao preconceito e ao racismo, al\u00e9m de pr\u00e1ticas inclusivas para crian\u00e7as com TEA. Ser\u00e3o premiados os melhores projetos nas categorias de Educa\u00e7\u00e3o Infantil e Ensino Fundamental com valores que chegam a R$ 6 mil.<\/p>\n","protected":false},"excerpt":{"rendered":"<p>S\u00e3o 44 na categoria Ensino Fundamental e 18 na Educa\u00e7\u00e3o Infantil; segunda etapa do concurso inicia em setembro com a apresenta\u00e7\u00e3o dos projetos \u00e0 banca avaliadora Temas que contribuem com o aprendizado e o desenvolvimento das crian\u00e7as, envolvem fam\u00edlias e comunidades e transformam o ambiente escolar. Assim s\u00e3o os 62 projetos aprovados para a segunda [&hellip;]<\/p>\n","protected":false},"author":2,"featured_media":16820,"comment_status":"open","ping_status":"open","sticky":false,"template":"","format":"standard","meta":{"om_disable_all_campaigns":false,"_monsterinsights_skip_tracking":false,"_monsterinsights_sitenote_active":false,"_monsterinsights_sitenote_note":"","_monsterinsights_sitenote_category":0,"footnotes":""},"categories":[8],"tags":[],"class_list":["post-16819","post","type-post","status-publish","format-standard","has-post-thumbnail","hentry","category-educaca0"],"_links":{"self":[{"href":"https:\/\/acontecenafronteira.com.br\/index.php\/wp-json\/wp\/v2\/posts\/16819","targetHints":{"allow":["GET"]}}],"collection":[{"href":"https:\/\/acontecenafronteira.com.br\/index.php\/wp-json\/wp\/v2\/posts"}],"about":[{"href":"https:\/\/acontecenafronteira.com.br\/index.php\/wp-json\/wp\/v2\/types\/post"}],"author":[{"embeddable":true,"href":"https:\/\/acontecenafronteira.com.br\/index.php\/wp-json\/wp\/v2\/users\/2"}],"replies":[{"embeddable":true,"href":"https:\/\/acontecenafronteira.com.br\/index.php\/wp-json\/wp\/v2\/comments?post=16819"}],"version-history":[{"count":1,"href":"https:\/\/acontecenafronteira.com.br\/index.php\/wp-json\/wp\/v2\/posts\/16819\/revisions"}],"predecessor-version":[{"id":16821,"href":"https:\/\/acontecenafronteira.com.br\/index.php\/wp-json\/wp\/v2\/posts\/16819\/revisions\/16821"}],"wp:featuredmedia":[{"embeddable":true,"href":"https:\/\/acontecenafronteira.com.br\/index.php\/wp-json\/wp\/v2\/media\/16820"}],"wp:attachment":[{"href":"https:\/\/acontecenafronteira.com.br\/index.php\/wp-json\/wp\/v2\/media?parent=16819"}],"wp:term":[{"taxonomy":"category","embeddable":true,"href":"https:\/\/acontecenafronteira.com.br\/index.php\/wp-json\/wp\/v2\/categories?post=16819"},{"taxonomy":"post_tag","embeddable":true,"href":"https:\/\/acontecenafronteira.com.br\/index.php\/wp-json\/wp\/v2\/tags?post=16819"}],"curies":[{"name":"wp","href":"https:\/\/api.w.org\/{rel}","templated":true}]}}