{"id":16808,"date":"2023-08-15T17:14:03","date_gmt":"2023-08-15T20:14:03","guid":{"rendered":"https:\/\/acontecenafronteira.com.br\/?p=16808"},"modified":"2023-08-15T17:14:04","modified_gmt":"2023-08-15T20:14:04","slug":"aulas-de-natacao-na-piscina-aquecida-e-coberta-do-ceb-darci-zanatta-iniciam-na-segunda-feira-21","status":"publish","type":"post","link":"https:\/\/acontecenafronteira.com.br\/index.php\/2023\/08\/15\/aulas-de-natacao-na-piscina-aquecida-e-coberta-do-ceb-darci-zanatta-iniciam-na-segunda-feira-21\/","title":{"rendered":"Aulas de nata\u00e7\u00e3o na piscina aquecida e coberta do CEB Darci Zanatta iniciam na segunda-feira (21)"},"content":{"rendered":"\n<p><strong><em>Mais de 270 crian\u00e7as que frequentam o espa\u00e7o no contraturno escolar realizam hoje (15) avalia\u00e7\u00f5es dermatol\u00f3gicas para o in\u00edcio das atividades<\/em><\/strong><\/p>\n\n\n\n<p>A Secretaria Municipal da Educa\u00e7\u00e3o inicia, na pr\u00f3xima segunda-feira (21), a partir das 9h30, as aulas de nata\u00e7\u00e3o recreativa para as crian\u00e7as que frequentam o Centro de Conviv\u00eancia Escola Bairro (CEB) Darci Pedro Zanatta, no Morumbi. Os alunos ir\u00e3o utilizar a piscina semiol\u00edmpica aquecida, com cobertura e vesti\u00e1rios, entregues no dia 03 de agosto pela Prefeitura de Foz do Igua\u00e7u.<\/p>\n\n\n\n<p>Nesta ter\u00e7a-feira (15) uma equipe de enfermagem da Unidade B\u00e1sica de Sa\u00fade do Morumbi I realiza avalia\u00e7\u00f5es dermatol\u00f3gicas nas crian\u00e7as para o in\u00edcio das atividades. \u201cBuscamos a UBS para que eles disponibilizassem uma equipe at\u00e9 o centro, para realizar as avalia\u00e7\u00f5es de forma r\u00e1pida e segura. Caso seja identificada alguma les\u00e3o ou infec\u00e7\u00e3o na pele, os pais ser\u00e3o acionados para encaminhar a crian\u00e7a a um especialista\u201d, explicou a coordenadora do CED, Karina Paulino.<\/p>\n\n\n\n<p>As avalia\u00e7\u00f5es iniciaram \u00e0s 8h e seguir\u00e3o at\u00e9 as 17 horas para todos os 277 alunos que participam das atividades ofertadas no Centro de Conviv\u00eancia no contra turno escolar. Eles s\u00e3o estudantes das escolas municipais Irio Manganelli, Jo\u00e3o XXIII, Cora Coralina, Papa Jo\u00e3o Paulo I, Dirceu Lopes, Ant\u00f4nio Gon\u00e7alves Dias, Em\u00edlio de Menezes e dos col\u00e9gios estaduais Tancredo Neves e Dom Pedro.<\/p>\n\n\n\n<p>J\u00e1 as aulas de nata\u00e7\u00e3o ser\u00e3o ofertadas as segundas, quartas e sextas, nos per\u00edodos da manh\u00e3 e da tarde. Elas se somar\u00e3o a uma s\u00e9rie de atividades j\u00e1 ofertadas no CEB, como teatro, rob\u00f3tica, rugby, hapkid\u00f4, xadrez, kung-fu, inicia\u00e7\u00e3o esportiva e aulas l\u00fadicas de portugu\u00eas e matem\u00e1tica.<\/p>\n\n\n\n<p><strong>Obras<\/strong><\/p>\n\n\n\n<p>A piscina de padr\u00e3o semiol\u00edmpico &#8211; com 25 metros de extens\u00e3o por 12,5 de largura \u2013 recebeu cobertura de 701 metros quadrados com estrutura met\u00e1lica e telhas transl\u00facidas para melhor aproveitamento da luz solar. Tamb\u00e9m foi feito o revestimento da piscina, com nova impermeabiliza\u00e7\u00e3o e sistema de aquecimento. Na piscina pequena foi trocado o revestimento. O espa\u00e7o, que agora se assemelha a um gin\u00e1sio esportivo, recebeu vesti\u00e1rios masculino, feminino e adaptado para PCD (pessoas com defici\u00eancia). Os investimentos da Prefeitura na obra chegam a R$ 1,7 milh\u00e3o.<\/p>\n\n\n\n<p><strong>Hidrogin\u00e1stica<\/strong><\/p>\n\n\n\n<p>Paralelo \u00e0s atividades com as crian\u00e7as, a Secretaria de Esportes e Lazer oferta aulas noturnas de hidrogin\u00e1stica para a comunidade. No momento as inscri\u00e7\u00f5es foram todas preenchidas. Informa\u00e7\u00f5es podem ser obtidas atrav\u00e9s do Whatsapp (45) 99962-9041 ou telefone da secretaria: 3521-1200.<\/p>\n\n\n\n<p>Foto: Christian Rizzi\/PMFI<\/p>\n","protected":false},"excerpt":{"rendered":"<p>Mais de 270 crian\u00e7as que frequentam o espa\u00e7o no contraturno escolar realizam hoje (15) avalia\u00e7\u00f5es dermatol\u00f3gicas para o in\u00edcio das atividades A Secretaria Municipal da Educa\u00e7\u00e3o inicia, na pr\u00f3xima segunda-feira (21), a partir das 9h30, as aulas de nata\u00e7\u00e3o recreativa para as crian\u00e7as que frequentam o Centro de Conviv\u00eancia Escola Bairro (CEB) Darci Pedro Zanatta, [&hellip;]<\/p>\n","protected":false},"author":2,"featured_media":16809,"comment_status":"open","ping_status":"open","sticky":false,"template":"","format":"standard","meta":{"om_disable_all_campaigns":false,"_monsterinsights_skip_tracking":false,"_monsterinsights_sitenote_active":false,"_monsterinsights_sitenote_note":"","_monsterinsights_sitenote_category":0,"footnotes":""},"categories":[4,14],"tags":[],"class_list":["post-16808","post","type-post","status-publish","format-standard","has-post-thumbnail","hentry","category-cidade","category-obras"],"_links":{"self":[{"href":"https:\/\/acontecenafronteira.com.br\/index.php\/wp-json\/wp\/v2\/posts\/16808","targetHints":{"allow":["GET"]}}],"collection":[{"href":"https:\/\/acontecenafronteira.com.br\/index.php\/wp-json\/wp\/v2\/posts"}],"about":[{"href":"https:\/\/acontecenafronteira.com.br\/index.php\/wp-json\/wp\/v2\/types\/post"}],"author":[{"embeddable":true,"href":"https:\/\/acontecenafronteira.com.br\/index.php\/wp-json\/wp\/v2\/users\/2"}],"replies":[{"embeddable":true,"href":"https:\/\/acontecenafronteira.com.br\/index.php\/wp-json\/wp\/v2\/comments?post=16808"}],"version-history":[{"count":1,"href":"https:\/\/acontecenafronteira.com.br\/index.php\/wp-json\/wp\/v2\/posts\/16808\/revisions"}],"predecessor-version":[{"id":16810,"href":"https:\/\/acontecenafronteira.com.br\/index.php\/wp-json\/wp\/v2\/posts\/16808\/revisions\/16810"}],"wp:featuredmedia":[{"embeddable":true,"href":"https:\/\/acontecenafronteira.com.br\/index.php\/wp-json\/wp\/v2\/media\/16809"}],"wp:attachment":[{"href":"https:\/\/acontecenafronteira.com.br\/index.php\/wp-json\/wp\/v2\/media?parent=16808"}],"wp:term":[{"taxonomy":"category","embeddable":true,"href":"https:\/\/acontecenafronteira.com.br\/index.php\/wp-json\/wp\/v2\/categories?post=16808"},{"taxonomy":"post_tag","embeddable":true,"href":"https:\/\/acontecenafronteira.com.br\/index.php\/wp-json\/wp\/v2\/tags?post=16808"}],"curies":[{"name":"wp","href":"https:\/\/api.w.org\/{rel}","templated":true}]}}