{"id":16799,"date":"2023-08-14T22:22:05","date_gmt":"2023-08-15T01:22:05","guid":{"rendered":"https:\/\/acontecenafronteira.com.br\/?p=16799"},"modified":"2023-08-14T22:22:05","modified_gmt":"2023-08-15T01:22:05","slug":"itaipu-lanca-livro-para-comemorar-20-anos-do-programa-de-educacao-ambiental","status":"publish","type":"post","link":"https:\/\/acontecenafronteira.com.br\/index.php\/2023\/08\/14\/itaipu-lanca-livro-para-comemorar-20-anos-do-programa-de-educacao-ambiental\/","title":{"rendered":"Itaipu lan\u00e7a livro para comemorar 20 anos do programa de Educa\u00e7\u00e3o Ambiental"},"content":{"rendered":"\n<p><strong><em>Itaipu lan\u00e7a livro para comemorar 20 anos do programa de Educa\u00e7\u00e3o Ambiental<\/em><\/strong><\/p>\n\n\n\n<p><em>Obra \u201cOs Caminhos da Educa\u00e7\u00e3o Ambiental na Itaipu Binacional\u201d ser\u00e1 lan\u00e7ada nesta quarta-feira (16), no Centro de Recep\u00e7\u00e3o de Visitantes da Itaipu.<\/em><\/p>\n\n\n\n<p><strong><em>O que<\/em><\/strong><em>: lan\u00e7amento do livro \u201cOs Caminhos da Educa\u00e7\u00e3o Ambiental na Itaipu Binacional\u201d<\/em><\/p>\n\n\n\n<p><strong><em>Quando<\/em><\/strong><em>: quarta-feira, dia 16 de agosto, a partir das 14h<\/em><\/p>\n\n\n\n<p><strong><em>Local<\/em><\/strong><em>: Centro de Recep\u00e7\u00e3o de Visitantes (Av. Tancredo Neves, 6702)<\/em><\/p>\n\n\n\n<p><strong>Sobre o evento<\/strong><\/p>\n\n\n\n<p>Para comemorar 20 anos de iniciativas em Educa\u00e7\u00e3o Ambiental, a Itaipu Binacional lan\u00e7a nessa quarta-feira (16), \u00e0s 14h, no Centro de Recep\u00e7\u00e3o de Visitantes da Itaipu (Av. Tancredo Neves, 6702), o livro \u201cOs caminhos da Educa\u00e7\u00e3o Ambiental na Itaipu Binacional\u201d.<\/p>\n\n\n\n<p>O diretor-geral brasileiro da Itaipu, Enio Verri, e o diretor de Coordena\u00e7\u00e3o, Carlos Carboni, j\u00e1 confirmaram presen\u00e7a.<\/p>\n\n\n\n<p>O lan\u00e7amento ser\u00e1 marcado por uma palestra do diretor do Departamento de Educa\u00e7\u00e3o e Cidadania Ambiental do Minist\u00e9rio do Meio Ambiente, Marcos Sorrentino, com tema \u201cEduca\u00e7\u00e3o Ambiental \u2013 vinte anos: mudan\u00e7as no clima e a\u00e7\u00e3o territorial\u201d.<\/p>\n\n\n\n<p>Ricamente ilustrado, o livro tem 121 p\u00e1ginas e foi organizado pelas pedagogas Leila de F\u00e1tima Alberton, assistente do diretor de Coordena\u00e7\u00e3o, e Silvana Vitorassi, assistente do diretor-geral brasileiro da Itaipu.<\/p>\n","protected":false},"excerpt":{"rendered":"<p>Itaipu lan\u00e7a livro para comemorar 20 anos do programa de Educa\u00e7\u00e3o Ambiental Obra \u201cOs Caminhos da Educa\u00e7\u00e3o Ambiental na Itaipu Binacional\u201d ser\u00e1 lan\u00e7ada nesta quarta-feira (16), no Centro de Recep\u00e7\u00e3o de Visitantes da Itaipu. O que: lan\u00e7amento do livro \u201cOs Caminhos da Educa\u00e7\u00e3o Ambiental na Itaipu Binacional\u201d Quando: quarta-feira, dia 16 de agosto, a partir [&hellip;]<\/p>\n","protected":false},"author":2,"featured_media":16800,"comment_status":"open","ping_status":"open","sticky":false,"template":"","format":"standard","meta":{"om_disable_all_campaigns":false,"_monsterinsights_skip_tracking":false,"_monsterinsights_sitenote_active":false,"_monsterinsights_sitenote_note":"","_monsterinsights_sitenote_category":0,"footnotes":""},"categories":[11],"tags":[],"class_list":["post-16799","post","type-post","status-publish","format-standard","has-post-thumbnail","hentry","category-itaipu"],"_links":{"self":[{"href":"https:\/\/acontecenafronteira.com.br\/index.php\/wp-json\/wp\/v2\/posts\/16799","targetHints":{"allow":["GET"]}}],"collection":[{"href":"https:\/\/acontecenafronteira.com.br\/index.php\/wp-json\/wp\/v2\/posts"}],"about":[{"href":"https:\/\/acontecenafronteira.com.br\/index.php\/wp-json\/wp\/v2\/types\/post"}],"author":[{"embeddable":true,"href":"https:\/\/acontecenafronteira.com.br\/index.php\/wp-json\/wp\/v2\/users\/2"}],"replies":[{"embeddable":true,"href":"https:\/\/acontecenafronteira.com.br\/index.php\/wp-json\/wp\/v2\/comments?post=16799"}],"version-history":[{"count":1,"href":"https:\/\/acontecenafronteira.com.br\/index.php\/wp-json\/wp\/v2\/posts\/16799\/revisions"}],"predecessor-version":[{"id":16801,"href":"https:\/\/acontecenafronteira.com.br\/index.php\/wp-json\/wp\/v2\/posts\/16799\/revisions\/16801"}],"wp:featuredmedia":[{"embeddable":true,"href":"https:\/\/acontecenafronteira.com.br\/index.php\/wp-json\/wp\/v2\/media\/16800"}],"wp:attachment":[{"href":"https:\/\/acontecenafronteira.com.br\/index.php\/wp-json\/wp\/v2\/media?parent=16799"}],"wp:term":[{"taxonomy":"category","embeddable":true,"href":"https:\/\/acontecenafronteira.com.br\/index.php\/wp-json\/wp\/v2\/categories?post=16799"},{"taxonomy":"post_tag","embeddable":true,"href":"https:\/\/acontecenafronteira.com.br\/index.php\/wp-json\/wp\/v2\/tags?post=16799"}],"curies":[{"name":"wp","href":"https:\/\/api.w.org\/{rel}","templated":true}]}}