{"id":16794,"date":"2023-08-12T17:05:44","date_gmt":"2023-08-12T20:05:44","guid":{"rendered":"https:\/\/acontecenafronteira.com.br\/?p=16794"},"modified":"2023-08-12T17:05:44","modified_gmt":"2023-08-12T20:05:44","slug":"governador-libera-r-20-milhoes-do-estado-para-revitalizacao-do-eixo-monumental-de-maringa","status":"publish","type":"post","link":"https:\/\/acontecenafronteira.com.br\/index.php\/2023\/08\/12\/governador-libera-r-20-milhoes-do-estado-para-revitalizacao-do-eixo-monumental-de-maringa\/","title":{"rendered":"Governador libera R$ 20 milh\u00f5es do Estado para revitaliza\u00e7\u00e3o do Eixo Monumental de Maring\u00e1"},"content":{"rendered":"\n<p><strong><em>O governador Carlos Massa Ratinho Junior anunciou nesta sexta-feira (11) o repasse, a fundo perdido, de R$ 20 milh\u00f5es do Governo do Estado para as obras de revitaliza\u00e7\u00e3o do Eixo Monumental de Maring\u00e1, um trecho de dois quil\u00f4metros que liga a Pra\u00e7a da Catedral \u00e0 Vila Ol\u00edmpica.\u00a0<\/em><\/strong><\/p>\n\n\n\n<p>Ratinho Junior e o prefeito de Maring\u00e1, Ulisses Maia, assinaram a autoriza\u00e7\u00e3o para licita\u00e7\u00e3o da primeira etapa da obra, que vai contemplar tr\u00eas dos sete lotes previstos. O investimento \u00e9 de R$ 50 milh\u00f5es, com outros R$ 30 milh\u00f5es da prefeitura.&nbsp;<\/p>\n\n\n\n<p>As obras do Eixo Monumental contemplam a Pra\u00e7a da Catedral, Pra\u00e7a Renato Celid\u00f4nio, Avenida Get\u00falio Vargas (que ser\u00e1 transformada em cal\u00e7ad\u00e3o), Pra\u00e7a Raposo Tavares, estacionamento entre a Rua Joubert de Carvalho e Avenida Tamandar\u00e9, Pra\u00e7a Obelisco, travessa Jorge Amado (Mercad\u00e3o) e a Vila Ol\u00edmpica.&nbsp;<\/p>\n\n\n\n<p>Ratinho Junior destacou que Maring\u00e1 j\u00e1 \u00e9 refer\u00eancia para o Paran\u00e1 e o Brasil em planejamento urbano e qualidade de vida. \u201cOs que gestores fizeram aqui, ao longo dos anos, \u00e9 o que queremos fazer em todo o Paran\u00e1. Pensar no planejamento a m\u00e9dio e longo prazo e melhorar a infraestrutura das nossas cidades para que as pessoas possam viver com qualidade\u201d, disse.&nbsp;<\/p>\n\n\n\n<blockquote class=\"wp-block-quote is-layout-flow wp-block-quote-is-layout-flow\">\n<p>\u201cEsta obra vai transformar e revitalizar o Centro de Maring\u00e1. \u00c9 um projeto que o prefeito vem trabalhando com o seu time de engenheiros e arquitetos h\u00e1 um bom tempo e, sabendo da sua import\u00e2ncia e grandiosidade, o Governo do Estado tamb\u00e9m entrou nessa parceria\u201d, disse o governador. \u201cMaring\u00e1 j\u00e1 \u00e9 considerada uma das melhores cidades para se viver no Brasil e agora vai ficar ainda mais moderna, com uma obra que vai melhorar a conviv\u00eancia entre as pessoas, fomentar o com\u00e9rcio, o turismo e a sustentabilidade\u201d.<\/p>\n<\/blockquote>\n\n\n\n<p>A \u00e1rea de interven\u00e7\u00e3o soma 169 mil metros quadrados e busca melhorar a ocupa\u00e7\u00e3o dos espa\u00e7os p\u00fablicos da cidade, fomentando o turismo, o com\u00e9rcio, o urbanismo e a conviv\u00eancia entre as pessoas. A obra prev\u00ea a reforma de ruas, cal\u00e7adas, troca da ilumina\u00e7\u00e3o e a instala\u00e7\u00e3o de uma s\u00e9rie de equipamentos urbanos, como bancos e equipamentos de lazer.&nbsp;<\/p>\n\n\n\n<p>Nesta etapa, s\u00e3o contempladas as \u00e1reas no entorno da Catedral Metropolitana (trecho A), da Pra\u00e7a Renato Celid\u00f4nio (trecho B) e da Vila Ol\u00edmpica (trecho G). Os editais da licita\u00e7\u00e3o da primeira fase ser\u00e3o publicados em 16 de agosto e a abertura dos envelopes est\u00e1 prevista para 20 de setembro. Posteriormente, ser\u00e1 publicada a licita\u00e7\u00e3o para revitaliza\u00e7\u00e3o dos outros espa\u00e7os.<\/p>\n\n\n\n<blockquote class=\"wp-block-quote is-layout-flow wp-block-quote-is-layout-flow\">\n<p>\u201cQueremos iniciar a obra at\u00e9 o final do ano e, em aproximadamente tr\u00eas meses, devemos lan\u00e7ar o edital para a outra etapa, que tem um custo estimado de mais R$ 50 milh\u00f5es\u201d, explicou o prefeito. \u201c\u00c9 um projeto muito bem pensado no ponto de vista do planejamento urbano, privilegiando o pedestre e a conviv\u00eancia comunit\u00e1ria. As pessoas v\u00e3o utilizar esse espa\u00e7o para o lazer, a recrea\u00e7\u00e3o e para a conviv\u00eancia social, al\u00e9m dele modernizar o Centro\u201d.<\/p>\n<\/blockquote>\n\n\n\n<p><strong>PROJETO&nbsp;<\/strong>\u2013 Pelo projeto, desenvolvido por meio de um concurso p\u00fablico com a participa\u00e7\u00e3o de arquitetos e urbanistas de todo o Pa\u00eds, as Pra\u00e7as Renato Celid\u00f4nio, que engloba o Centro C\u00edvico de Maring\u00e1, e da Catedral se tornar\u00e3o um Parque Urbano, com a amplia\u00e7\u00e3o dos espa\u00e7os de conex\u00e3o com a natureza.&nbsp;Al\u00e9m disso, o espa\u00e7o contar\u00e1 com tr\u00eas bols\u00f5es de estacionamento, marquises para funcionamento de quiosques, parque infantil, fonte luminosa e uma \u00e1rea com anfiteatro a c\u00e9u aberto para apresenta\u00e7\u00f5es e contempla\u00e7\u00e3o.<\/p>\n\n\n\n<p>Na outra ponta do projeto de revitaliza\u00e7\u00e3o fica a Vila Ol\u00edmpica, que concentra equipamentos como o Est\u00e1dio Willie Davids e o Gin\u00e1sio Municipal, al\u00e9m de receber a Feira do Produtor tr\u00eas vezes por semana. No local, ser\u00e1 feita a requalifica\u00e7\u00e3o das cal\u00e7adas e reorganiza\u00e7\u00e3o dos acessos de ve\u00edculos existentes, beneficiando pedestres e ciclistas.<\/p>\n\n\n\n<p><strong>PRESEN\u00c7AS\u00a0<\/strong>\u2013 Participaram da solenidade os secret\u00e1rios estaduais do Planejamento, Guto Silva; e da Sa\u00fade, Beto Preto; os deputados federais Lu\u00eds Nishimori e Sargento Fahur; os deputados estaduais Soldado Adriano Jos\u00e9, Evandro Ara\u00fajo e Do Carmo; o diretor-geral da Secretaria de Estado das Cidades, M\u00e1rcio Marcolino; o subchefe da Casa Civil, L\u00facio Mauro Tasso; os presidentes da Associa\u00e7\u00e3o dos Munic\u00edpios do Setentri\u00e3o Paranaense (Amusep) e prefeito de \u00c2ngulo, Rog\u00e9rio Bernardo; e da C\u00e2mara Municipal de Maring\u00e1, M\u00e1rio Hossokawa; o vice-prefeito de Maring\u00e1, Edson Scabora; e prefeitos da regi\u00e3o.<\/p>\n\n\n\n<p>Foto: Gilson Abreu\/AEN<\/p>\n","protected":false},"excerpt":{"rendered":"<p>O governador Carlos Massa Ratinho Junior anunciou nesta sexta-feira (11) o repasse, a fundo perdido, de R$ 20 milh\u00f5es do Governo do Estado para as obras de revitaliza\u00e7\u00e3o do Eixo Monumental de Maring\u00e1, um trecho de dois quil\u00f4metros que liga a Pra\u00e7a da Catedral \u00e0 Vila Ol\u00edmpica.\u00a0 Ratinho Junior e o prefeito de Maring\u00e1, Ulisses [&hellip;]<\/p>\n","protected":false},"author":2,"featured_media":16795,"comment_status":"open","ping_status":"open","sticky":false,"template":"","format":"standard","meta":{"om_disable_all_campaigns":false,"_monsterinsights_skip_tracking":false,"_monsterinsights_sitenote_active":false,"_monsterinsights_sitenote_note":"","_monsterinsights_sitenote_category":0,"footnotes":""},"categories":[18],"tags":[],"class_list":["post-16794","post","type-post","status-publish","format-standard","has-post-thumbnail","hentry","category-parana"],"_links":{"self":[{"href":"https:\/\/acontecenafronteira.com.br\/index.php\/wp-json\/wp\/v2\/posts\/16794","targetHints":{"allow":["GET"]}}],"collection":[{"href":"https:\/\/acontecenafronteira.com.br\/index.php\/wp-json\/wp\/v2\/posts"}],"about":[{"href":"https:\/\/acontecenafronteira.com.br\/index.php\/wp-json\/wp\/v2\/types\/post"}],"author":[{"embeddable":true,"href":"https:\/\/acontecenafronteira.com.br\/index.php\/wp-json\/wp\/v2\/users\/2"}],"replies":[{"embeddable":true,"href":"https:\/\/acontecenafronteira.com.br\/index.php\/wp-json\/wp\/v2\/comments?post=16794"}],"version-history":[{"count":1,"href":"https:\/\/acontecenafronteira.com.br\/index.php\/wp-json\/wp\/v2\/posts\/16794\/revisions"}],"predecessor-version":[{"id":16796,"href":"https:\/\/acontecenafronteira.com.br\/index.php\/wp-json\/wp\/v2\/posts\/16794\/revisions\/16796"}],"wp:featuredmedia":[{"embeddable":true,"href":"https:\/\/acontecenafronteira.com.br\/index.php\/wp-json\/wp\/v2\/media\/16795"}],"wp:attachment":[{"href":"https:\/\/acontecenafronteira.com.br\/index.php\/wp-json\/wp\/v2\/media?parent=16794"}],"wp:term":[{"taxonomy":"category","embeddable":true,"href":"https:\/\/acontecenafronteira.com.br\/index.php\/wp-json\/wp\/v2\/categories?post=16794"},{"taxonomy":"post_tag","embeddable":true,"href":"https:\/\/acontecenafronteira.com.br\/index.php\/wp-json\/wp\/v2\/tags?post=16794"}],"curies":[{"name":"wp","href":"https:\/\/api.w.org\/{rel}","templated":true}]}}