{"id":16750,"date":"2023-08-03T23:19:59","date_gmt":"2023-08-04T02:19:59","guid":{"rendered":"https:\/\/acontecenafronteira.com.br\/?p=16750"},"modified":"2023-08-03T23:19:59","modified_gmt":"2023-08-04T02:19:59","slug":"unidades-de-valorizacao-de-reciclaveis-vao-produzir-energia-fotovoltaica","status":"publish","type":"post","link":"https:\/\/acontecenafronteira.com.br\/index.php\/2023\/08\/03\/unidades-de-valorizacao-de-reciclaveis-vao-produzir-energia-fotovoltaica\/","title":{"rendered":"Unidades de Valoriza\u00e7\u00e3o de Recicl\u00e1veis v\u00e3o produzir energia fotovoltaica"},"content":{"rendered":"\n<p><strong><em>UVRs receberam placas de capta\u00e7\u00e3o de energia solar a partir de parceria entre a Prefeitura de Foz do Igua\u00e7u e a Itaipu Binacional; projeto vai reduzir contas de luz das Unidades de Sa\u00fade e das pr\u00f3prias UVRs<\/em><\/strong><\/p>\n\n\n\n<p>O projeto de produ\u00e7\u00e3o de energia fotovoltaica, obtida a partir da radia\u00e7\u00e3o solar, que est\u00e1 sendo implantado nas Unidades de Valores Recicl\u00e1veis (UVRs), vai garantir redu\u00e7\u00e3o das contas de luz das unidades b\u00e1sicas de sa\u00fade de Foz do Igua\u00e7u e das pr\u00f3prias UVRs.<\/p>\n\n\n\n<p>A instala\u00e7\u00e3o das placas de capta\u00e7\u00e3o de energia solar, realizada por meio de parceria entre a Prefeitura Municipal e a Itaipu Binacional, j\u00e1 est\u00e1 conclu\u00edda em cinco UVRs e est\u00e1 em andamento em outras duas estruturas utilizadas para gerenciamento de res\u00edduos.<\/p>\n\n\n\n<p>O processo de energia fotovoltaica para produ\u00e7\u00e3o de energia el\u00e9trica utiliza placas solares instaladas, neste caso, sobre o telhado das UVRs. Esse projeto de gera\u00e7\u00e3o de energia limpa e renov\u00e1vel em Foz do Igua\u00e7u surgiu de uma proposta da Secretaria Municipal de Meio Ambiente e contou com a colabora\u00e7\u00e3o das pastas do Planejamento e Obras. A inten\u00e7\u00e3o \u00e9 fornecer o excedente das unidades de valoriza\u00e7\u00e3o de res\u00edduos para \u00f3rg\u00e3os p\u00fablicos de relev\u00e2ncia e de atendimento direto \u00e0 popula\u00e7\u00e3o.<\/p>\n\n\n\n<p>Com a a\u00e7\u00e3o, o governo do munic\u00edpio d\u00e1 continuidade ao prop\u00f3sito de tornar Foz do Igua\u00e7u, uma cidade cada vez mais sustent\u00e1vel em atendimento aos Objetivos do Desenvolvimento Sustent\u00e1vel &#8211; ODS.<\/p>\n\n\n\n<p>Nesta primeira etapa, pelo menos cinco postos ser\u00e3o contemplados, mas no futuro o objetivo \u00e9 estender o benef\u00edcio para toda a rede.<\/p>\n\n\n\n<blockquote class=\"wp-block-quote is-layout-flow wp-block-quote-is-layout-flow\">\n<p>\u201cHoje, praticamente todas as UVRs possuem estas placas fotovoltaicas e, como esses espa\u00e7os consomem pouca energia el\u00e9trica, o excedente ser\u00e1 destinado \u00e0s unidades b\u00e1sicas de sa\u00fade\u201d, explicou a secret\u00e1ria de Meio Ambiente, Angela Meira. <\/p>\n<\/blockquote>\n\n\n\n<p>De acordo com o cronograma de implanta\u00e7\u00e3o do projeto, as placas solares j\u00e1 est\u00e3o instaladas e ligadas nas UVRs Usina de Asfalto, CEM e Sadia e prontas para serem ligadas na UVR Campos do Igua\u00e7u.<\/p>\n\n\n\n<p>Os equipamentos est\u00e3o em fase de instala\u00e7\u00e3o tamb\u00e9m nas UVRs Jardim Europa e Escola Carlos Gomes. De acordo com o diretor de Ilumina\u00e7\u00e3o P\u00fablica, Pedro Rodrigues, \u00e9 importante destacar que este \u00e9 o primeiro projeto de energia solar da Prefeitura de Foz do Igua\u00e7u. \u201cEle serviu para os t\u00e9cnicos do munic\u00edpios aprenderem cada vez mais e melhor sobre estas quest\u00f5es. Agora, o munic\u00edpio est\u00e1 preparado para licitar este tipo de projeto e fazer a fiscaliza\u00e7\u00e3o e a gest\u00e3o dos empreendimentos\u201d, concluiu.<\/p>\n","protected":false},"excerpt":{"rendered":"<p>UVRs receberam placas de capta\u00e7\u00e3o de energia solar a partir de parceria entre a Prefeitura de Foz do Igua\u00e7u e a Itaipu Binacional; projeto vai reduzir contas de luz das Unidades de Sa\u00fade e das pr\u00f3prias UVRs O projeto de produ\u00e7\u00e3o de energia fotovoltaica, obtida a partir da radia\u00e7\u00e3o solar, que est\u00e1 sendo implantado nas [&hellip;]<\/p>\n","protected":false},"author":2,"featured_media":16751,"comment_status":"open","ping_status":"open","sticky":false,"template":"","format":"standard","meta":{"om_disable_all_campaigns":false,"_monsterinsights_skip_tracking":false,"_monsterinsights_sitenote_active":false,"_monsterinsights_sitenote_note":"","_monsterinsights_sitenote_category":0,"footnotes":""},"categories":[4,11],"tags":[],"class_list":["post-16750","post","type-post","status-publish","format-standard","has-post-thumbnail","hentry","category-cidade","category-itaipu"],"_links":{"self":[{"href":"https:\/\/acontecenafronteira.com.br\/index.php\/wp-json\/wp\/v2\/posts\/16750","targetHints":{"allow":["GET"]}}],"collection":[{"href":"https:\/\/acontecenafronteira.com.br\/index.php\/wp-json\/wp\/v2\/posts"}],"about":[{"href":"https:\/\/acontecenafronteira.com.br\/index.php\/wp-json\/wp\/v2\/types\/post"}],"author":[{"embeddable":true,"href":"https:\/\/acontecenafronteira.com.br\/index.php\/wp-json\/wp\/v2\/users\/2"}],"replies":[{"embeddable":true,"href":"https:\/\/acontecenafronteira.com.br\/index.php\/wp-json\/wp\/v2\/comments?post=16750"}],"version-history":[{"count":1,"href":"https:\/\/acontecenafronteira.com.br\/index.php\/wp-json\/wp\/v2\/posts\/16750\/revisions"}],"predecessor-version":[{"id":16752,"href":"https:\/\/acontecenafronteira.com.br\/index.php\/wp-json\/wp\/v2\/posts\/16750\/revisions\/16752"}],"wp:featuredmedia":[{"embeddable":true,"href":"https:\/\/acontecenafronteira.com.br\/index.php\/wp-json\/wp\/v2\/media\/16751"}],"wp:attachment":[{"href":"https:\/\/acontecenafronteira.com.br\/index.php\/wp-json\/wp\/v2\/media?parent=16750"}],"wp:term":[{"taxonomy":"category","embeddable":true,"href":"https:\/\/acontecenafronteira.com.br\/index.php\/wp-json\/wp\/v2\/categories?post=16750"},{"taxonomy":"post_tag","embeddable":true,"href":"https:\/\/acontecenafronteira.com.br\/index.php\/wp-json\/wp\/v2\/tags?post=16750"}],"curies":[{"name":"wp","href":"https:\/\/api.w.org\/{rel}","templated":true}]}}