{"id":16747,"date":"2023-08-03T23:14:36","date_gmt":"2023-08-04T02:14:36","guid":{"rendered":"https:\/\/acontecenafronteira.com.br\/?p=16747"},"modified":"2023-08-03T23:14:36","modified_gmt":"2023-08-04T02:14:36","slug":"prefeitura-de-foz-convoca-estagiarios-aprovados-em-processo-seletivo","status":"publish","type":"post","link":"https:\/\/acontecenafronteira.com.br\/index.php\/2023\/08\/03\/prefeitura-de-foz-convoca-estagiarios-aprovados-em-processo-seletivo\/","title":{"rendered":"Prefeitura de Foz convoca estagi\u00e1rios aprovados em Processo Seletivo"},"content":{"rendered":"\n<p><strong><em>Mais de 120 estudantes de n\u00edvel m\u00e9dio t\u00e9cnico e de gradua\u00e7\u00e3o est\u00e3o sendo chamados para apresenta\u00e7\u00e3o dos documentos<\/em><\/strong><\/p>\n\n\n\n<p>A Prefeitura de Foz do Igua\u00e7u est\u00e1 convocando os estudantes classificados no Processo Seletivo de Est\u00e1gio (Edital 002\/01\/2023) para se apresentar junto \u00e0 Diretoria de Gest\u00e3o de Pessoas, localizada na Pra\u00e7a Get\u00falio Vargas, n\u00ba 280, Centro.<\/p>\n\n\n\n<p>A rela\u00e7\u00e3o dos candidatos, com a data e hora da apresenta\u00e7\u00e3o, foi publicada ontem (02) no Di\u00e1rio Oficial do Munic\u00edpio: https:\/\/www5.pmfi.pr.gov.br\/pdf-5832&amp;diario. As apresenta\u00e7\u00f5es come\u00e7aram hoje (03) e seguir\u00e3o at\u00e9 o dia 08 de agosto, das 8h \u00e0s 10h30.<\/p>\n\n\n\n<p>Ap\u00f3s a entrega dos documentos, o estudante receber\u00e1 orienta\u00e7\u00f5es quanto aos procedimentos necess\u00e1rios \u00e0 regulariza\u00e7\u00e3o do est\u00e1gio, que dever\u00e1 ser atendido no prazo de at\u00e9 7 dias \u00fateis para os estudantes matriculados em cursos na modalidade presencial e at\u00e9 20 dias corridos para estudantes matriculados em cursos de institui\u00e7\u00f5es na modalidade Educa\u00e7\u00e3o \u00e0 Dist\u00e2ncia (EAD).<\/p>\n\n\n\n<p>Est\u00e3o sendo chamados mais de 120 estudantes de n\u00edvel m\u00e9dio t\u00e9cnico em Forma\u00e7\u00e3o de Docentes, al\u00e9m dos estudantes da gradua\u00e7\u00e3o, dos cursos de Letras, Pedagogia, Administra\u00e7\u00e3o, Direito, Educa\u00e7\u00e3o F\u00edsica, Jornalismo e Turismo.<\/p>\n\n\n\n<p><strong>Documentos necess\u00e1rios<\/strong><\/p>\n\n\n\n<p>Os estudantes convocados devem apresentar os seguintes documentos:<\/p>\n\n\n\n<p>Carteira de Identifica\u00e7\u00e3o \u2013 RG (original e fotoc\u00f3pia);<\/p>\n\n\n\n<p>Cadastro de Pessoa F\u00edsica \u2013 CPF (original e fotoc\u00f3pia);<\/p>\n\n\n\n<p>Carteira de Vacina\u00e7\u00e3o (original e fotoc\u00f3pia), inclusive comprovante de vacina\u00e7\u00e3o contra a COVID-19;<\/p>\n\n\n\n<p>T\u00edtulo de Eleitor (original e fotoc\u00f3pia);<\/p>\n\n\n\n<p>Declara\u00e7\u00e3o de matr\u00edcula escolar (original e fotoc\u00f3pia) expedida h\u00e1 no m\u00e1ximo 60 (sessenta) dias.<\/p>\n\n\n\n<p>Os candidatos que se declararam Baixa Renda devem comprovar esta condi\u00e7\u00e3o no ato da convoca\u00e7\u00e3o, atrav\u00e9s do Cadastro \u00danico (Cad\u00danico).<\/p>\n","protected":false},"excerpt":{"rendered":"<p>Mais de 120 estudantes de n\u00edvel m\u00e9dio t\u00e9cnico e de gradua\u00e7\u00e3o est\u00e3o sendo chamados para apresenta\u00e7\u00e3o dos documentos A Prefeitura de Foz do Igua\u00e7u est\u00e1 convocando os estudantes classificados no Processo Seletivo de Est\u00e1gio (Edital 002\/01\/2023) para se apresentar junto \u00e0 Diretoria de Gest\u00e3o de Pessoas, localizada na Pra\u00e7a Get\u00falio Vargas, n\u00ba 280, Centro. A [&hellip;]<\/p>\n","protected":false},"author":2,"featured_media":16748,"comment_status":"open","ping_status":"open","sticky":false,"template":"","format":"standard","meta":{"om_disable_all_campaigns":false,"_monsterinsights_skip_tracking":false,"_monsterinsights_sitenote_active":false,"_monsterinsights_sitenote_note":"","_monsterinsights_sitenote_category":0,"footnotes":""},"categories":[4],"tags":[],"class_list":["post-16747","post","type-post","status-publish","format-standard","has-post-thumbnail","hentry","category-cidade"],"_links":{"self":[{"href":"https:\/\/acontecenafronteira.com.br\/index.php\/wp-json\/wp\/v2\/posts\/16747","targetHints":{"allow":["GET"]}}],"collection":[{"href":"https:\/\/acontecenafronteira.com.br\/index.php\/wp-json\/wp\/v2\/posts"}],"about":[{"href":"https:\/\/acontecenafronteira.com.br\/index.php\/wp-json\/wp\/v2\/types\/post"}],"author":[{"embeddable":true,"href":"https:\/\/acontecenafronteira.com.br\/index.php\/wp-json\/wp\/v2\/users\/2"}],"replies":[{"embeddable":true,"href":"https:\/\/acontecenafronteira.com.br\/index.php\/wp-json\/wp\/v2\/comments?post=16747"}],"version-history":[{"count":1,"href":"https:\/\/acontecenafronteira.com.br\/index.php\/wp-json\/wp\/v2\/posts\/16747\/revisions"}],"predecessor-version":[{"id":16749,"href":"https:\/\/acontecenafronteira.com.br\/index.php\/wp-json\/wp\/v2\/posts\/16747\/revisions\/16749"}],"wp:featuredmedia":[{"embeddable":true,"href":"https:\/\/acontecenafronteira.com.br\/index.php\/wp-json\/wp\/v2\/media\/16748"}],"wp:attachment":[{"href":"https:\/\/acontecenafronteira.com.br\/index.php\/wp-json\/wp\/v2\/media?parent=16747"}],"wp:term":[{"taxonomy":"category","embeddable":true,"href":"https:\/\/acontecenafronteira.com.br\/index.php\/wp-json\/wp\/v2\/categories?post=16747"},{"taxonomy":"post_tag","embeddable":true,"href":"https:\/\/acontecenafronteira.com.br\/index.php\/wp-json\/wp\/v2\/tags?post=16747"}],"curies":[{"name":"wp","href":"https:\/\/api.w.org\/{rel}","templated":true}]}}