{"id":16713,"date":"2023-07-29T14:54:38","date_gmt":"2023-07-29T17:54:38","guid":{"rendered":"https:\/\/acontecenafronteira.com.br\/?p=16713"},"modified":"2023-07-29T14:54:38","modified_gmt":"2023-07-29T17:54:38","slug":"cohapar-regulariza-imoveis-de-55-familias-de-cornelio-procopio","status":"publish","type":"post","link":"https:\/\/acontecenafronteira.com.br\/index.php\/2023\/07\/29\/cohapar-regulariza-imoveis-de-55-familias-de-cornelio-procopio\/","title":{"rendered":"Cohapar regulariza im\u00f3veis de 55 fam\u00edlias de Corn\u00e9lio Proc\u00f3pio"},"content":{"rendered":"\n<p><strong><em>Em Corn\u00e9lio Proc\u00f3pio, no Norte do Estado, 55 fam\u00edlias tiveram seus im\u00f3veis regularizados, tendo o direito \u00e0 propriedade reconhecido legalmente. As matr\u00edculas dos im\u00f3veis dos moradores do Conjunto Habitacional Flor\u00eancio Rebolho II foram entregues nesta sexta-feira (28) pela Cohapar, em evento no munic\u00edpio.<\/em><\/strong><\/p>\n\n\n\n<p>A a\u00e7\u00e3o faz parte do programa de regulariza\u00e7\u00e3o fundi\u00e1ria da companhia, o Morar Legal\/Escritura na M\u00e3o. O objetivo \u00e9 facilitar a regulariza\u00e7\u00e3o de im\u00f3veis de fam\u00edlias residentes em \u00e1reas de ocupa\u00e7\u00e3o irregular consolidadas em todos os munic\u00edpios paranaenses.<\/p>\n\n\n\n<p>O processo \u00e9 feito sem custos para as fam\u00edlias. Os projetos s\u00e3o totalmente custeados com recursos do Fundo Estadual de Combate \u00e0 Pobreza, atendendo fam\u00edlias com renda de at\u00e9 cinco sal\u00e1rios m\u00ednimos. Em Corn\u00e9lio Proc\u00f3pio, a regulariza\u00e7\u00e3o dos im\u00f3veis recebeu investimento de R$ 38,7 mil.<\/p>\n\n\n\n<p>A Cohapar faz a contrata\u00e7\u00e3o via licita\u00e7\u00e3o da empresa respons\u00e1vel por todo o processo, que entrega \u00e0s fam\u00edlias a matr\u00edcula averbada e registrada no Cart\u00f3rio de Registro de Im\u00f3veis.<\/p>\n\n\n\n<p>Magna Pereira dos Santos Luz, 35 anos, repositora de supermercado, comemorou a iniciativa. \u201cEstamos muito felizes. Agrade\u00e7o demais essa iniciativa\u201d, disse.<\/p>\n\n\n\n<p>Tatiana Cristiana Ferreira, 39 anos, afirmou que a conquista da matr\u00edcula foi um sonho realizado. \u201cO desejo da casa pr\u00f3pria \u00e9 compartilhado por todos os brasileiros. Esse programa ajuda as fam\u00edlias a garantir a documenta\u00e7\u00e3o e tocar a vida\u201d, afirmou<\/p>\n\n\n\n<p>Foto: Cohapar<\/p>\n","protected":false},"excerpt":{"rendered":"<p>Em Corn\u00e9lio Proc\u00f3pio, no Norte do Estado, 55 fam\u00edlias tiveram seus im\u00f3veis regularizados, tendo o direito \u00e0 propriedade reconhecido legalmente. As matr\u00edculas dos im\u00f3veis dos moradores do Conjunto Habitacional Flor\u00eancio Rebolho II foram entregues nesta sexta-feira (28) pela Cohapar, em evento no munic\u00edpio. A a\u00e7\u00e3o faz parte do programa de regulariza\u00e7\u00e3o fundi\u00e1ria da companhia, o [&hellip;]<\/p>\n","protected":false},"author":2,"featured_media":16714,"comment_status":"open","ping_status":"open","sticky":false,"template":"","format":"standard","meta":{"om_disable_all_campaigns":false,"_monsterinsights_skip_tracking":false,"_monsterinsights_sitenote_active":false,"_monsterinsights_sitenote_note":"","_monsterinsights_sitenote_category":0,"footnotes":""},"categories":[19],"tags":[],"class_list":["post-16713","post","type-post","status-publish","format-standard","has-post-thumbnail","hentry","category-politica"],"_links":{"self":[{"href":"https:\/\/acontecenafronteira.com.br\/index.php\/wp-json\/wp\/v2\/posts\/16713","targetHints":{"allow":["GET"]}}],"collection":[{"href":"https:\/\/acontecenafronteira.com.br\/index.php\/wp-json\/wp\/v2\/posts"}],"about":[{"href":"https:\/\/acontecenafronteira.com.br\/index.php\/wp-json\/wp\/v2\/types\/post"}],"author":[{"embeddable":true,"href":"https:\/\/acontecenafronteira.com.br\/index.php\/wp-json\/wp\/v2\/users\/2"}],"replies":[{"embeddable":true,"href":"https:\/\/acontecenafronteira.com.br\/index.php\/wp-json\/wp\/v2\/comments?post=16713"}],"version-history":[{"count":1,"href":"https:\/\/acontecenafronteira.com.br\/index.php\/wp-json\/wp\/v2\/posts\/16713\/revisions"}],"predecessor-version":[{"id":16715,"href":"https:\/\/acontecenafronteira.com.br\/index.php\/wp-json\/wp\/v2\/posts\/16713\/revisions\/16715"}],"wp:featuredmedia":[{"embeddable":true,"href":"https:\/\/acontecenafronteira.com.br\/index.php\/wp-json\/wp\/v2\/media\/16714"}],"wp:attachment":[{"href":"https:\/\/acontecenafronteira.com.br\/index.php\/wp-json\/wp\/v2\/media?parent=16713"}],"wp:term":[{"taxonomy":"category","embeddable":true,"href":"https:\/\/acontecenafronteira.com.br\/index.php\/wp-json\/wp\/v2\/categories?post=16713"},{"taxonomy":"post_tag","embeddable":true,"href":"https:\/\/acontecenafronteira.com.br\/index.php\/wp-json\/wp\/v2\/tags?post=16713"}],"curies":[{"name":"wp","href":"https:\/\/api.w.org\/{rel}","templated":true}]}}