{"id":16695,"date":"2023-07-26T21:12:24","date_gmt":"2023-07-27T00:12:24","guid":{"rendered":"https:\/\/acontecenafronteira.com.br\/?p=16695"},"modified":"2023-07-26T21:12:24","modified_gmt":"2023-07-27T00:12:24","slug":"prefeitura-entrega-nesta-sexta-feira-28-a-praca-de-esporte-e-lazer-na-gleba-guarani","status":"publish","type":"post","link":"https:\/\/acontecenafronteira.com.br\/index.php\/2023\/07\/26\/prefeitura-entrega-nesta-sexta-feira-28-a-praca-de-esporte-e-lazer-na-gleba-guarani\/","title":{"rendered":"Prefeitura entrega nesta sexta-feira (28) a Pra\u00e7a de Esporte e Lazer na Gleba Guarani"},"content":{"rendered":"\n<p><strong><em>Localizada na Rua Angatuba, \u00e1rea de lazer \u00e9 a d\u00e9cima entregue pela gest\u00e3o nos \u00faltimos dois meses<\/em><\/strong><\/p>\n\n\n\n<p>A regi\u00e3o da Gleba Guarani ganhar\u00e1, esta semana, um novo Centro Municipal de Educa\u00e7\u00e3o Infantil (Cmei), na quinta-feira (27) e tamb\u00e9m uma Pra\u00e7a de Esporte e Lazer, que ser\u00e1 entregue pela prefeitura na sexta-feira (28), \u00e0s 18 horas.<\/p>\n\n\n\n<p>O espa\u00e7o, localizado na Rua Angatuba, pr\u00f3ximo a Escola Olavo Bilac, conta com um campo de futebol com grama sint\u00e9tica, academia da terceira idade e playground. Tamb\u00e9m foram constru\u00eddas cal\u00e7adas no entorno com rampas de acesso. Esta \u00e9 a d\u00e9cima \u00e1rea de esporte e lazer entregue pelo munic\u00edpio nos \u00faltimos dois meses.<\/p>\n\n\n\n<blockquote class=\"wp-block-quote is-layout-flow wp-block-quote-is-layout-flow\">\n<p>\u201cA regi\u00e3o do Angatuba\/Gleba Guarani cresceu muito nos \u00faltimos anos por conta dos novos conjuntos habitacionais, e o compromisso da gest\u00e3o sempre foi de oferecer dignidade a essas pessoas, com acesso \u00e0 sa\u00fade, \u00e0 educa\u00e7\u00e3o, esporte e lazer. \u00c9 com muita satisfa\u00e7\u00e3o que estamos entregando mais uma pra\u00e7a em Foz do Igua\u00e7u, que vai proporcionar momentos de lazer para fam\u00edlias\u201d, disse o secret\u00e1rio de Esportes, Ant\u00f4nio Sapia. O investimento da prefeitura na obra e com equipamentos \u00e9 de R$ 617 mil.<\/p>\n<\/blockquote>\n\n\n\n<p><strong>Homenagem<\/strong><\/p>\n\n\n\n<p>A Pra\u00e7a levar\u00e1 o nome do pioneiro \u201cVidal Godoy Roja\u201d, em reconhecimento ao seu esfor\u00e7o, dedica\u00e7\u00e3o e trabalho pelo bairro. Falecido em setembro de 2007 aos 86 anos, \u201cSeo Vidal\u201d como era conhecido contribuiu para o desenvolvimento do bairro e causas sociais.<\/p>\n\n\n\n<p>Nascido no Paraguai, se mudou para Foz do Igua\u00e7u com a esposa, Destituta Gonzales, 1956 em busca de melhores condi\u00e7\u00f5es de vida. Os dois cruzaram o rio Paran\u00e1 de barco e seguiram a p\u00e9 at\u00e9 a regi\u00e3o da Gleba Guarani, onde constru\u00edram a vida. Naquela \u00e9poca, o bairro era uma mata fechada e foi Vidal quem construiu a primeira estrada de terra. De acordo com relatos de familiares, Vidal e seu irm\u00e3o doaram seus terrenos para a constru\u00e7\u00e3o de uma igreja (Congrega\u00e7\u00e3o do Povo de Deus) e para a prefeitura, que construiu a Escola Olavo Bilac. A fam\u00edlia de Seo Vidal segue contribuindo para o bem estar da popula\u00e7\u00e3o com servi\u00e7os e contribui\u00e7\u00f5es sociais.<\/p>\n","protected":false},"excerpt":{"rendered":"<p>Localizada na Rua Angatuba, \u00e1rea de lazer \u00e9 a d\u00e9cima entregue pela gest\u00e3o nos \u00faltimos dois meses A regi\u00e3o da Gleba Guarani ganhar\u00e1, esta semana, um novo Centro Municipal de Educa\u00e7\u00e3o Infantil (Cmei), na quinta-feira (27) e tamb\u00e9m uma Pra\u00e7a de Esporte e Lazer, que ser\u00e1 entregue pela prefeitura na sexta-feira (28), \u00e0s 18 horas. [&hellip;]<\/p>\n","protected":false},"author":2,"featured_media":16696,"comment_status":"open","ping_status":"open","sticky":false,"template":"","format":"standard","meta":{"om_disable_all_campaigns":false,"_monsterinsights_skip_tracking":false,"_monsterinsights_sitenote_active":false,"_monsterinsights_sitenote_note":"","_monsterinsights_sitenote_category":0,"footnotes":""},"categories":[4],"tags":[],"class_list":["post-16695","post","type-post","status-publish","format-standard","has-post-thumbnail","hentry","category-cidade"],"_links":{"self":[{"href":"https:\/\/acontecenafronteira.com.br\/index.php\/wp-json\/wp\/v2\/posts\/16695","targetHints":{"allow":["GET"]}}],"collection":[{"href":"https:\/\/acontecenafronteira.com.br\/index.php\/wp-json\/wp\/v2\/posts"}],"about":[{"href":"https:\/\/acontecenafronteira.com.br\/index.php\/wp-json\/wp\/v2\/types\/post"}],"author":[{"embeddable":true,"href":"https:\/\/acontecenafronteira.com.br\/index.php\/wp-json\/wp\/v2\/users\/2"}],"replies":[{"embeddable":true,"href":"https:\/\/acontecenafronteira.com.br\/index.php\/wp-json\/wp\/v2\/comments?post=16695"}],"version-history":[{"count":1,"href":"https:\/\/acontecenafronteira.com.br\/index.php\/wp-json\/wp\/v2\/posts\/16695\/revisions"}],"predecessor-version":[{"id":16697,"href":"https:\/\/acontecenafronteira.com.br\/index.php\/wp-json\/wp\/v2\/posts\/16695\/revisions\/16697"}],"wp:featuredmedia":[{"embeddable":true,"href":"https:\/\/acontecenafronteira.com.br\/index.php\/wp-json\/wp\/v2\/media\/16696"}],"wp:attachment":[{"href":"https:\/\/acontecenafronteira.com.br\/index.php\/wp-json\/wp\/v2\/media?parent=16695"}],"wp:term":[{"taxonomy":"category","embeddable":true,"href":"https:\/\/acontecenafronteira.com.br\/index.php\/wp-json\/wp\/v2\/categories?post=16695"},{"taxonomy":"post_tag","embeddable":true,"href":"https:\/\/acontecenafronteira.com.br\/index.php\/wp-json\/wp\/v2\/tags?post=16695"}],"curies":[{"name":"wp","href":"https:\/\/api.w.org\/{rel}","templated":true}]}}