{"id":16686,"date":"2023-07-25T18:57:29","date_gmt":"2023-07-25T21:57:29","guid":{"rendered":"https:\/\/acontecenafronteira.com.br\/?p=16686"},"modified":"2023-07-25T18:57:30","modified_gmt":"2023-07-25T21:57:30","slug":"volta-as-aulas-27-mil-alunos-da-rede-municipal-iniciam-o-segundo-semestre","status":"publish","type":"post","link":"https:\/\/acontecenafronteira.com.br\/index.php\/2023\/07\/25\/volta-as-aulas-27-mil-alunos-da-rede-municipal-iniciam-o-segundo-semestre\/","title":{"rendered":"Volta \u00e0s Aulas: 27 mil alunos da Rede Municipal iniciam o segundo semestre"},"content":{"rendered":"\n<p><strong><em>Depois de quinze dias de f\u00e9rias, os estudantes retornaram \u00e0s salas de aula nesta ter\u00e7a-feira (25); planejamento da Secretaria da Educa\u00e7\u00e3o inclui a retomada de conte\u00fados e forma\u00e7\u00f5es com professores<\/em><\/strong><\/p>\n\n\n\n<p>Come\u00e7ou nesta ter\u00e7a-feira (25) para mais de 27 mil alunos o segundo semestre da Rede Municipal de Ensino de Foz do Igua\u00e7u, nas 50 escolas e 45 Cmeis (Centros Municipais de Educa\u00e7\u00e3o Infantil).<\/p>\n\n\n\n<p>A volta \u00e0s aulas foi marcada pelo reencontro dos amigos e a receptividade dos professores e equipes pedag\u00f3gicas, que aguardavam as crian\u00e7as na entrada das unidades de ensino.<\/p>\n\n\n\n<p>Na Escola Gabriela Mistral, no Jardim Lancaster, a anima\u00e7\u00e3o tomou conta das crian\u00e7as. Maria, do 4\u00ba ano, disse que n\u00e3o dormiu direito de tanta ansiedade. \u201cEu n\u00e3o via a hora de voltar e encontrar meus amigos. Estou muito animada\u201d, disse. A colega dela, Camili, disse que a maior dificuldade vai ser acordar cedo de novo. <\/p>\n\n\n\n<blockquote class=\"wp-block-quote is-layout-flow wp-block-quote-is-layout-flow\">\n<p>\u201cEu estava indo dormir mais tarde e agora preciso me acostumar a levantar cedo, mas eu estava com saudade da escola\u201d, disse.<\/p>\n<\/blockquote>\n\n\n\n<p>Na turma do terceiro ano, as crian\u00e7as foram recebidas com carinho especial da professora e come\u00e7aram o dia contando um pouco sobre o per\u00edodo de f\u00e9rias.<\/p>\n\n\n\n<blockquote class=\"wp-block-quote is-layout-flow wp-block-quote-is-layout-flow\">\n<p>\u201cEstes momentos, de conversa e relaxamento das crian\u00e7as, s\u00e3o muito importantes para a retomada dos conte\u00fados. \u00c9 preciso ouvir, acolher e estimular os pequenos para o aprendizado\u201d, disse a secret\u00e1ria da educa\u00e7\u00e3o, Maria Justina da Silva.<\/p>\n<\/blockquote>\n\n\n\n<p>Para o segundo semestre, segundo ela, o foco estar\u00e1 na retomada de conte\u00fados e nas forma\u00e7\u00f5es continuadas com os professores. \u201cEntregamos \u00e0s escolas as avalia\u00e7\u00f5es diagn\u00f3sticas para que os professores fa\u00e7am a an\u00e1lise do que precisa ser enfatizado em cada turma, quais as disciplinas com maior dificuldade e o que precisa ser melhorado. Em cima disso tamb\u00e9m vamos trabalhar com as forma\u00e7\u00f5es dos professores\u201d, disse.<\/p>\n\n\n\n<p>Na segunda-feira (24), os profissionais da educa\u00e7\u00e3o tamb\u00e9m participaram de um semin\u00e1rio e reuni\u00f5es pedag\u00f3gicas para tra\u00e7ar o planejamento dos pr\u00f3ximos meses de aula.<\/p>\n\n\n\n<p>Foto: Thiago Dutra\/PMFI<\/p>\n","protected":false},"excerpt":{"rendered":"<p>Depois de quinze dias de f\u00e9rias, os estudantes retornaram \u00e0s salas de aula nesta ter\u00e7a-feira (25); planejamento da Secretaria da Educa\u00e7\u00e3o inclui a retomada de conte\u00fados e forma\u00e7\u00f5es com professores Come\u00e7ou nesta ter\u00e7a-feira (25) para mais de 27 mil alunos o segundo semestre da Rede Municipal de Ensino de Foz do Igua\u00e7u, nas 50 escolas [&hellip;]<\/p>\n","protected":false},"author":2,"featured_media":16687,"comment_status":"open","ping_status":"open","sticky":false,"template":"","format":"standard","meta":{"om_disable_all_campaigns":false,"_monsterinsights_skip_tracking":false,"_monsterinsights_sitenote_active":false,"_monsterinsights_sitenote_note":"","_monsterinsights_sitenote_category":0,"footnotes":""},"categories":[8],"tags":[],"class_list":["post-16686","post","type-post","status-publish","format-standard","has-post-thumbnail","hentry","category-educaca0"],"_links":{"self":[{"href":"https:\/\/acontecenafronteira.com.br\/index.php\/wp-json\/wp\/v2\/posts\/16686","targetHints":{"allow":["GET"]}}],"collection":[{"href":"https:\/\/acontecenafronteira.com.br\/index.php\/wp-json\/wp\/v2\/posts"}],"about":[{"href":"https:\/\/acontecenafronteira.com.br\/index.php\/wp-json\/wp\/v2\/types\/post"}],"author":[{"embeddable":true,"href":"https:\/\/acontecenafronteira.com.br\/index.php\/wp-json\/wp\/v2\/users\/2"}],"replies":[{"embeddable":true,"href":"https:\/\/acontecenafronteira.com.br\/index.php\/wp-json\/wp\/v2\/comments?post=16686"}],"version-history":[{"count":1,"href":"https:\/\/acontecenafronteira.com.br\/index.php\/wp-json\/wp\/v2\/posts\/16686\/revisions"}],"predecessor-version":[{"id":16688,"href":"https:\/\/acontecenafronteira.com.br\/index.php\/wp-json\/wp\/v2\/posts\/16686\/revisions\/16688"}],"wp:featuredmedia":[{"embeddable":true,"href":"https:\/\/acontecenafronteira.com.br\/index.php\/wp-json\/wp\/v2\/media\/16687"}],"wp:attachment":[{"href":"https:\/\/acontecenafronteira.com.br\/index.php\/wp-json\/wp\/v2\/media?parent=16686"}],"wp:term":[{"taxonomy":"category","embeddable":true,"href":"https:\/\/acontecenafronteira.com.br\/index.php\/wp-json\/wp\/v2\/categories?post=16686"},{"taxonomy":"post_tag","embeddable":true,"href":"https:\/\/acontecenafronteira.com.br\/index.php\/wp-json\/wp\/v2\/tags?post=16686"}],"curies":[{"name":"wp","href":"https:\/\/api.w.org\/{rel}","templated":true}]}}