{"id":16678,"date":"2023-07-24T18:05:01","date_gmt":"2023-07-24T21:05:01","guid":{"rendered":"https:\/\/acontecenafronteira.com.br\/?p=16678"},"modified":"2023-07-24T18:05:01","modified_gmt":"2023-07-24T21:05:01","slug":"itaipu-se-ilumina-de-azul-para-marcar-dia-mundial-de-prevencao-de-afogamentos","status":"publish","type":"post","link":"https:\/\/acontecenafronteira.com.br\/index.php\/2023\/07\/24\/itaipu-se-ilumina-de-azul-para-marcar-dia-mundial-de-prevencao-de-afogamentos\/","title":{"rendered":"Itaipu se ilumina de azul para marcar Dia Mundial de Preven\u00e7\u00e3o de Afogamentos"},"content":{"rendered":"\n<p><strong><em>Nessa ter\u00e7a-feira (25), edifica\u00e7\u00f5es da usina de Itaipu v\u00e3o ganhar a cor azul para marcar a campanha do Dia Mundial de Preven\u00e7\u00e3o do Afogamento. A a\u00e7\u00e3o atende a uma iniciativa da Sociedade Brasileira de Salvamento Aqu\u00e1tico (Sobrasa) para chamar a aten\u00e7\u00e3o sobre o problema. Quase seis mil mortes por afogamentos s\u00e3o registradas no Brasil todos os anos.\u00a0<\/em><\/strong><\/p>\n\n\n\n<p>A causa tamb\u00e9m \u00e9 abra\u00e7ada por outros monumentos e locais, como o Pal\u00e1cio Igua\u00e7u, em Curitiba, e, no Rio de Janeiro, o Cristo Redentor, o Santu\u00e1rio Arquidiocesano Cristo Redentor, o AquaRio, o Bondinho do P\u00e3o de A\u00e7\u00facar, o Bonde de Santa Teresa, assim como a Igreja da Penha e a ponte estaiada Roberto Marinho; em S\u00e3o Paulo, o Pal\u00e1cio das Ind\u00fastrias (Banespinha) e os clubes associados ao Sindiclubes.&nbsp;<\/p>\n\n\n\n<p>Na Itaipu, ser\u00e3o iluminados o monumento da Universidade Federal da Integra\u00e7\u00e3o Latino-Americana (Unila), as calotas do Parque da Piracema e a fachada do Centro de Recep\u00e7\u00e3o de Visitantes (CRV), por onde passam os turistas que entram na usina.&nbsp;<\/p>\n\n\n\n<p>Empresa reconhecida por suas a\u00e7\u00f5es de responsabilidade social, a usina de Itaipu tem aderido a v\u00e1rios movimentos similares, como o Outubro Rosa, campanha mundial de preven\u00e7\u00e3o do c\u00e2ncer de mama, e o Novembro Azul, que marca a campanha de preven\u00e7\u00e3o ao c\u00e2ncer de pr\u00f3stata, entre outros.&nbsp;<\/p>\n\n\n\n<p>O gerente da Divis\u00e3o de Seguran\u00e7a da Central, Edson Vidal, v\u00ea essa iniciativa por parte da Itaipu como algo bastante relevante, uma vez que parte dos afogamentos registrados em Foz do Igua\u00e7u e regi\u00e3o ocorre em balne\u00e1rios e rios que fazem parte das bacias fluviais dos rios Paran\u00e1 e Igua\u00e7u.&nbsp;<\/p>\n\n\n\n<blockquote class=\"wp-block-quote is-layout-flow wp-block-quote-is-layout-flow\">\n<p>\u201cDesse modo, empresas de grande porte que aderem a programas de dissemina\u00e7\u00e3o de conte\u00fado preventivo v\u00e3o ao encontro das estrat\u00e9gias implementadas por institui\u00e7\u00f5es como o Corpo de Bombeiros do Paran\u00e1\u201d, diz.<\/p>\n<\/blockquote>\n\n\n\n<p><strong>25 de julho<\/strong><\/p>\n\n\n\n<p>A data foi decretada pela Organiza\u00e7\u00e3o das Na\u00e7\u00f5es Unidas (ONU), em 2021, para lembrar que a preven\u00e7\u00e3o \u00e9 a melhor solu\u00e7\u00e3o para os casos de afogamento. Encabe\u00e7ado pela Sobrasa, o movimento \u201cGo Blue\u201d quer alertar para uma estat\u00edstica assustadora: a cada 1h30, um brasileiro morre afogado no pa\u00eds, especialmente em rios, lagos e represas.<\/p>\n\n\n\n<p>Segundo a organiza\u00e7\u00e3o, esses incidentes poderiam ser facilmente evitados por meio da dissemina\u00e7\u00e3o de informa\u00e7\u00f5es sobre seguran\u00e7a aqu\u00e1tica e conscientiza\u00e7\u00e3o sobre os riscos envolvidos nesses epis\u00f3dios.<\/p>\n\n\n\n<p>De acordo com a Sobrasa, os afogamentos responderam por mais de 2,5 milh\u00f5es de mortes na \u00faltima d\u00e9cada, em todo o mundo. Desse total, 90% das mortes ocorreram em pa\u00edses de baixa e m\u00e9dia renda. Globalmente, as principais v\u00edtimas s\u00e3o crian\u00e7as de 1 a 4 anos, seguidas por crian\u00e7as de 5 a 9 anos. No Brasil, em m\u00e9dia, 16 brasileiros morrem afogados diariamente, ou seja, um a cada 90 minutos. O afogamento mata quatro crian\u00e7as por dia, das quais uma morte acontece dentro de casa a cada tr\u00eas dias.<\/p>\n\n\n\n<p>Este tipo de acidente corresponde \u00e0 primeira causa de morte de meninos e meninas de 1 a 4 anos, \u00e0 segunda de 5 a 9 anos e \u00e0 terceira causa de 10 a 19 anos. <\/p>\n\n\n\n<blockquote class=\"wp-block-quote is-layout-flow wp-block-quote-is-layout-flow\">\n<p>De acordo com a Sobrasa, \u201cs\u00e3o crian\u00e7as que morrem em piscinas dentro de casa ou na casa de vizinhos, beb\u00eas que se afogam em baldes em acidentes dom\u00e9sticos e todos os tipos de fatalidades que poderiam ser evitadas com informa\u00e7\u00e3o\u201d.<\/p>\n<\/blockquote>\n\n\n\n<p><em><strong>Cr\u00e9ditos: Rafa\u00a0Kondlatsch \/ Itaipu Binacional.\u00a0<\/strong><\/em><\/p>\n","protected":false},"excerpt":{"rendered":"<p>Nessa ter\u00e7a-feira (25), edifica\u00e7\u00f5es da usina de Itaipu v\u00e3o ganhar a cor azul para marcar a campanha do Dia Mundial de Preven\u00e7\u00e3o do Afogamento. A a\u00e7\u00e3o atende a uma iniciativa da Sociedade Brasileira de Salvamento Aqu\u00e1tico (Sobrasa) para chamar a aten\u00e7\u00e3o sobre o problema. Quase seis mil mortes por afogamentos s\u00e3o registradas no Brasil todos [&hellip;]<\/p>\n","protected":false},"author":2,"featured_media":16679,"comment_status":"open","ping_status":"open","sticky":false,"template":"","format":"standard","meta":{"om_disable_all_campaigns":false,"_monsterinsights_skip_tracking":false,"_monsterinsights_sitenote_active":false,"_monsterinsights_sitenote_note":"","_monsterinsights_sitenote_category":0,"footnotes":""},"categories":[11],"tags":[],"class_list":["post-16678","post","type-post","status-publish","format-standard","has-post-thumbnail","hentry","category-itaipu"],"_links":{"self":[{"href":"https:\/\/acontecenafronteira.com.br\/index.php\/wp-json\/wp\/v2\/posts\/16678","targetHints":{"allow":["GET"]}}],"collection":[{"href":"https:\/\/acontecenafronteira.com.br\/index.php\/wp-json\/wp\/v2\/posts"}],"about":[{"href":"https:\/\/acontecenafronteira.com.br\/index.php\/wp-json\/wp\/v2\/types\/post"}],"author":[{"embeddable":true,"href":"https:\/\/acontecenafronteira.com.br\/index.php\/wp-json\/wp\/v2\/users\/2"}],"replies":[{"embeddable":true,"href":"https:\/\/acontecenafronteira.com.br\/index.php\/wp-json\/wp\/v2\/comments?post=16678"}],"version-history":[{"count":1,"href":"https:\/\/acontecenafronteira.com.br\/index.php\/wp-json\/wp\/v2\/posts\/16678\/revisions"}],"predecessor-version":[{"id":16680,"href":"https:\/\/acontecenafronteira.com.br\/index.php\/wp-json\/wp\/v2\/posts\/16678\/revisions\/16680"}],"wp:featuredmedia":[{"embeddable":true,"href":"https:\/\/acontecenafronteira.com.br\/index.php\/wp-json\/wp\/v2\/media\/16679"}],"wp:attachment":[{"href":"https:\/\/acontecenafronteira.com.br\/index.php\/wp-json\/wp\/v2\/media?parent=16678"}],"wp:term":[{"taxonomy":"category","embeddable":true,"href":"https:\/\/acontecenafronteira.com.br\/index.php\/wp-json\/wp\/v2\/categories?post=16678"},{"taxonomy":"post_tag","embeddable":true,"href":"https:\/\/acontecenafronteira.com.br\/index.php\/wp-json\/wp\/v2\/tags?post=16678"}],"curies":[{"name":"wp","href":"https:\/\/api.w.org\/{rel}","templated":true}]}}