{"id":16639,"date":"2023-07-18T19:12:41","date_gmt":"2023-07-18T22:12:41","guid":{"rendered":"https:\/\/acontecenafronteira.com.br\/?p=16639"},"modified":"2023-07-18T19:12:41","modified_gmt":"2023-07-18T22:12:41","slug":"primeira-onca-nascida-em-refugio-de-itaipu-e-levada-para-acasalamento-em-goias","status":"publish","type":"post","link":"https:\/\/acontecenafronteira.com.br\/index.php\/2023\/07\/18\/primeira-onca-nascida-em-refugio-de-itaipu-e-levada-para-acasalamento-em-goias\/","title":{"rendered":"Primeira on\u00e7a nascida em Ref\u00fagio de Itaipu \u00e9 levada para acasalamento em Goi\u00e1s"},"content":{"rendered":"\n<p><strong><em>Depois de percorrer mais de 1.500 quil\u00f4metros, numa viagem terrestre com dura\u00e7\u00e3o de 30 horas, a Cacau, primeira on\u00e7a nascida no Ref\u00fagio Biol\u00f3gico Bela Vista da usina de Itaipu, chegou na \u00faltima quarta-feira (12) ao recinto da organiza\u00e7\u00e3o n\u00e3o governamental Instituto NEX, que mant\u00e9m um abrigo de on\u00e7as em Corumb\u00e1 de Goi\u00e1s (entorno do Distrito Federal).<\/em><\/strong><\/p>\n\n\n\n<p>Cacau foi levada para uma tentativa de namoro e acasalamento com Ox\u00f3ssi, uma on\u00e7a-pintada mel\u00e2nica como ela. Depois de uma temporada no Distrito Federal, Cacau seguir\u00e1 para seu destino final, o Zool\u00f3gico Municipal de Curitiba, onde est\u00e1 sendo constru\u00eddo um recinto especial para receber a nova moradora at\u00e9 o final do ano.<\/p>\n\n\n\n<p>A tentativa de reprodu\u00e7\u00e3o faz parte do Programa Nacional de Manejo Ex Situ da On\u00e7a-Pintada, coordenado pela Associa\u00e7\u00e3o de Zool\u00f3gicos e Aqu\u00e1rios do Brasil e pelo Instituto Chico Mendes de Conserva\u00e7\u00e3o da Biodiversidade, do Minist\u00e9rio do Meio Ambiente.<\/p>\n\n\n\n<p>Inicialmente, Cacau, que tem 6 anos e pesa 79 quilos, faria a viagem de avi\u00e3o, mas n\u00e3o havia tamanho adequado de caixa para o transporte em aeronave. A viagem foi acompanhada pelo m\u00e9dico veterin\u00e1rio Pedro Henrique Ferreira Telles e o bi\u00f3logo Marcos Jos\u00e9 de Oliveira, ambos da Divis\u00e3o de \u00c1reas Protegidas da Itaipu.<\/p>\n\n\n\n<p>Os dois empregados de Itaipu se dividiram nas tarefas de dirigir a caminhonete e oferecer os cuidados b\u00e1sicos com a on\u00e7a, para quem foi preparada uma cama de feno, para tornar a viagem o mais confort\u00e1vel poss\u00edvel.<\/p>\n\n\n\n<p>A sa\u00edda de Foz do Igua\u00e7u foi \u00e0s 4h de ter\u00e7a-feira (11) e a chegada ao criadouro conservacionista foi \u00e0s 10h da quarta-feira (12). Por quest\u00e3o de seguran\u00e7a e comodidade, houve uma pausa para dormir, da qual Cacau tamb\u00e9m usufruiu.<\/p>\n\n\n\n<p><strong>Preparativos<\/strong><\/p>\n\n\n\n<p>Para acostumar Cacau \u00e0 viagem, ao longo de um m\u00eas, a on\u00e7a passou por um condicionamento para entrar e sair da caixa. E deu certo. Gra\u00e7as ao condicionamento feito pela bi\u00f3loga terceirizada J\u00falia Castro Lima Dias, ela aprendeu o processo apenas ouvindo seu nome.<\/p>\n\n\n\n<blockquote class=\"wp-block-quote is-layout-flow wp-block-quote-is-layout-flow\">\n<p>\u201cCacau n\u00e3o precisou ser submetida a nenhum tipo de sedativo ou tranquilizante e ficou 100% consciente e calma durante todo o trajeto, que fez em grande parte acordada\u201d, conta Pedro.<\/p>\n<\/blockquote>\n\n\n\n<p>A cada duas horas, eles paravam o ve\u00edculo para ver as condi\u00e7\u00f5es da viajante, como temperatura e grau de conforto. Cacau recusou comida e \u00e1gua durante o deslocamento, mas chegou ao lar tempor\u00e1rio com boa hidrata\u00e7\u00e3o. O animal tolera at\u00e9 tr\u00eas dias sem alimenta\u00e7\u00e3o.<\/p>\n\n\n\n<blockquote class=\"wp-block-quote is-layout-flow wp-block-quote-is-layout-flow\">\n<p>\u201cFoi uma viagem cansativa para os motoristas, mas bastante tranquila para a Cacau. A gente abria a ventila\u00e7\u00e3o da caixa nos momentos de maior calor e fechava quando esfriava\u201d, diz Pedro.<\/p>\n<\/blockquote>\n\n\n\n<p><strong>Namoro<\/strong><\/p>\n\n\n\n<p>Cacau deve ficar no local, que hoje abriga 24 on\u00e7as, de tr\u00eas a seis meses, per\u00edodo m\u00ednimo previsto para a aproxima\u00e7\u00e3o com Ox\u00f3ssi e uma poss\u00edvel prenhez. Com 3 anos e 84 quilos, Ox\u00f3ssi \u00e9 considerado uma boa op\u00e7\u00e3o para a reprodu\u00e7\u00e3o.<\/p>\n\n\n\n<blockquote class=\"wp-block-quote is-layout-flow wp-block-quote-is-layout-flow\">\n<p>\u201c\u00c9 bom lembrar que a Cacau carrega a gen\u00e9tica da Mata Atl\u00e2ntica. Como n\u00e3o tem uma on\u00e7a semelhante para a reprodu\u00e7\u00e3o, a mais indicada \u00e9 a do Cerrado, que tem uma gen\u00e9tica mais parecida com a dela. A m\u00e3e da Cacau tamb\u00e9m \u00e9 do Cerrado\u201d, explica o veterin\u00e1rio.<\/p>\n<\/blockquote>\n\n\n\n<p>Como a Cacau est\u00e1 perto de completar 7 anos e est\u00e1 no per\u00edodo reprodutivo, \u00e9 importante que ela conhe\u00e7a novos ambientes e o potencial de conserva\u00e7\u00e3o dessa esp\u00e9cie seja explorado.<\/p>\n\n\n\n<p>Cacau deve ficar alguns dias em ambienta\u00e7\u00e3o antes de ser apresentada a Ox\u00f3ssi. Se der certo o namoro, ap\u00f3s gesta\u00e7\u00e3o de cem dias, o casal pode ter de um a quatro filhotes.<\/p>\n\n\n\n<p><strong>On\u00e7as de Itaipu<\/strong><\/p>\n\n\n\n<p>O Ref\u00fagio Biol\u00f3gico Bela Vista abriga, atualmente, quatro exemplares da esp\u00e9cie: o macho Valente, encontrado sozinho ainda filhote numa fazenda na divisa entre Mato Grosso do Sul e S\u00e3o Paulo, em 2007; a f\u00eamea mel\u00e2nica Nena, tamb\u00e9m encontrada sozinha no Sul de Goi\u00e1s, em 2016; e as oncinhas g\u00eameas Arapu\u00e1 e Jata\u00ed, que est\u00e3o com sete meses de vida.<\/p>\n\n\n\n<figure class=\"wp-block-video\"><video height=\"656\" style=\"aspect-ratio: 368 \/ 656;\" width=\"368\" controls src=\"https:\/\/acontecenafronteira.com.br\/wp-content\/uploads\/2023\/07\/01condicionamento_cacau.mp4\"><\/video><\/figure>\n\n\n\n<p>Cr\u00e9dito: Marcos Oliveira\/Itaipu Binacional.<\/p>\n","protected":false},"excerpt":{"rendered":"<p>Depois de percorrer mais de 1.500 quil\u00f4metros, numa viagem terrestre com dura\u00e7\u00e3o de 30 horas, a Cacau, primeira on\u00e7a nascida no Ref\u00fagio Biol\u00f3gico Bela Vista da usina de Itaipu, chegou na \u00faltima quarta-feira (12) ao recinto da organiza\u00e7\u00e3o n\u00e3o governamental Instituto NEX, que mant\u00e9m um abrigo de on\u00e7as em Corumb\u00e1 de Goi\u00e1s (entorno do Distrito [&hellip;]<\/p>\n","protected":false},"author":2,"featured_media":16641,"comment_status":"open","ping_status":"open","sticky":false,"template":"","format":"standard","meta":{"om_disable_all_campaigns":false,"_monsterinsights_skip_tracking":false,"_monsterinsights_sitenote_active":false,"_monsterinsights_sitenote_note":"","_monsterinsights_sitenote_category":0,"footnotes":""},"categories":[11],"tags":[],"class_list":["post-16639","post","type-post","status-publish","format-standard","has-post-thumbnail","hentry","category-itaipu"],"_links":{"self":[{"href":"https:\/\/acontecenafronteira.com.br\/index.php\/wp-json\/wp\/v2\/posts\/16639","targetHints":{"allow":["GET"]}}],"collection":[{"href":"https:\/\/acontecenafronteira.com.br\/index.php\/wp-json\/wp\/v2\/posts"}],"about":[{"href":"https:\/\/acontecenafronteira.com.br\/index.php\/wp-json\/wp\/v2\/types\/post"}],"author":[{"embeddable":true,"href":"https:\/\/acontecenafronteira.com.br\/index.php\/wp-json\/wp\/v2\/users\/2"}],"replies":[{"embeddable":true,"href":"https:\/\/acontecenafronteira.com.br\/index.php\/wp-json\/wp\/v2\/comments?post=16639"}],"version-history":[{"count":1,"href":"https:\/\/acontecenafronteira.com.br\/index.php\/wp-json\/wp\/v2\/posts\/16639\/revisions"}],"predecessor-version":[{"id":16642,"href":"https:\/\/acontecenafronteira.com.br\/index.php\/wp-json\/wp\/v2\/posts\/16639\/revisions\/16642"}],"wp:featuredmedia":[{"embeddable":true,"href":"https:\/\/acontecenafronteira.com.br\/index.php\/wp-json\/wp\/v2\/media\/16641"}],"wp:attachment":[{"href":"https:\/\/acontecenafronteira.com.br\/index.php\/wp-json\/wp\/v2\/media?parent=16639"}],"wp:term":[{"taxonomy":"category","embeddable":true,"href":"https:\/\/acontecenafronteira.com.br\/index.php\/wp-json\/wp\/v2\/categories?post=16639"},{"taxonomy":"post_tag","embeddable":true,"href":"https:\/\/acontecenafronteira.com.br\/index.php\/wp-json\/wp\/v2\/tags?post=16639"}],"curies":[{"name":"wp","href":"https:\/\/api.w.org\/{rel}","templated":true}]}}