{"id":1660,"date":"2021-11-05T10:03:45","date_gmt":"2021-11-05T13:03:45","guid":{"rendered":"https:\/\/acontecenafronteira.com.br\/?p=1660"},"modified":"2021-11-05T10:03:46","modified_gmt":"2021-11-05T13:03:46","slug":"tempestade-exigiu-atencao-maxima-dos-operadores-de-itaipu-e-trabalho-integrado-com-o-setor-eletrico","status":"publish","type":"post","link":"https:\/\/acontecenafronteira.com.br\/index.php\/2021\/11\/05\/tempestade-exigiu-atencao-maxima-dos-operadores-de-itaipu-e-trabalho-integrado-com-o-setor-eletrico\/","title":{"rendered":"Tempestade exigiu aten\u00e7\u00e3o m\u00e1xima dos operadores de Itaipu e trabalho integrado com o setor el\u00e9trico"},"content":{"rendered":"\n<p>Queda de torres de transmiss\u00e3o, no dia 23 de outubro, acarretou o desligamento de cinco unidades geradoras da usina, que manteve a produ\u00e7\u00e3o de energia para o Brasil e o Paraguai. Ministro de Minas e Energia destaca resili\u00eancia do setor e elogia trabalho<\/p>\n\n\n\n<p>Eram 12h57 do dia 23 de outubro (s\u00e1bado) quando houve o desligamento de uma linha de 66 kV, interrompendo a transmiss\u00e3o de uma pequena parte da energia gerada pela hidrel\u00e9trica de Itaipu que alimenta os servi\u00e7os auxiliares de Furnas no HVDC (corrente cont\u00ednua de alta tens\u00e3o). Esse incidente, logo identificado e corrigido pelas equipes de Tempo Real, poderia ser uma ocorr\u00eancia de menor gravidade na rotina dos operadores e despachantes se n\u00e3o fosse a sequ\u00eancia de acontecimentos que viria a seguir, em raz\u00e3o da tempestade que atingiu a regi\u00e3o.<\/p>\n\n\n\n<p>O alerta j\u00e1 havia sido dado no dia anterior, em boletim meteorol\u00f3gico da Divis\u00e3o de Estudos Hidrol\u00f3gicos e Energ\u00e9ticos de Itaipu, indicando a possibilidade de fen\u00f4menos clim\u00e1ticos moderados a ocasionalmente fortes na regi\u00e3o Oeste do Paran\u00e1. Essa informa\u00e7\u00e3o antecipada permitiu ao Operador Nacional do Sistema (ONS) preparar o sistema el\u00e9trico para suportar poss\u00edveis eventos no sistema de transmiss\u00e3o associados \u00e0 Itaipu.<\/p>\n\n\n\n<p>No in\u00edcio da tarde daquele s\u00e1bado, o cen\u00e1rio mais cr\u00edtico previsto pela equipe da Hidrologia se confirmou. Ventos fortes e chuvas intensas avan\u00e7avam sobre o sistema de transmiss\u00e3o de Furnas, provocando eventos em s\u00e9rie e desdobramentos variados na usina.<\/p>\n\n\n\n<p>No mesmo hor\u00e1rio do primeiro desligamento, \u00e0s 12h57, houve falta de energia no Ref\u00fagio Biol\u00f3gico de Itaipu, alimentado pela usina. \u00c0s 13h10, alarmes anunciavam que a linha de 765kV Foz-Ivaipor\u00e3 2 tamb\u00e9m estava desligada. \u00c0s 13h42, a Seguran\u00e7a Empresarial comunicou \u00e0 Diretoria T\u00e9cnica que os ventos estouraram as portas de vidro do hall do Edif\u00edcio da Produ\u00e7\u00e3o. Aquele n\u00e3o seria um dia normal.<\/p>\n\n\n\n<p>O engenheiro Paulo Zanelli Junior, gerente da Divis\u00e3o de Opera\u00e7\u00e3o da Usina e Subesta\u00e7\u00f5es, respons\u00e1vel pelas salas de supervis\u00e3o e controle central (CCR) e da subesta\u00e7\u00e3o da margem paraguaia, anotou oito perturba\u00e7\u00f5es e 15 ocorr\u00eancias operativas em apenas uma hora e meia \u2013 como partida e parada de unidades geradoras e abertura e fechamento do vertedouro. \u201cTudo isso vai acontecendo e gerando uma necessidade de a\u00e7\u00e3o, comunica\u00e7\u00e3o em tempo real, decis\u00f5es r\u00e1pidas, sempre pautadas em procedimentos vigentes, na habilidade e na experi\u00eancia da equipe\u201d, pontua.<\/p>\n\n\n\n<p>Segundo ele, qualquer deslize \u2013 como desligar a unidade geradora errada ou trocar o vertimento de uma calha para outra \u2013 poderia agravar os problemas. \u201cQuando voc\u00ea l\u00ea a letra fria de um relat\u00f3rio, n\u00e3o consegue sentir o que \u00e9 o momento, ali na sala de controle. Foi um trabalho intenso da equipe binacional, que n\u00e3o parou em nenhum momento.\u201d<\/p>\n\n\n\n<p>Supervisor de turno da Sala de Controle do Despacho de Carga, o engenheiro Cl\u00e1udio Henrique Cardoso diz que acontecimentos desta natureza exigem aten\u00e7\u00e3o, concentra\u00e7\u00e3o e racioc\u00ednio das equipes de Tempo Real, que al\u00e9m de sempre atentos e dispon\u00edveis, devem analisar, entender, levantar dados t\u00e9cnicos, planejar, coordenar e executar a normaliza\u00e7\u00e3o dos sistemas afetados num curto per\u00edodo. \u201cEm momentos de perturba\u00e7\u00e3o, as equipes s\u00e3o estressadas ao m\u00e1ximo\u201d, salienta.<\/p>\n\n\n\n<p>O gerente da Divis\u00e3o de Programa\u00e7\u00e3o e Estat\u00edstica de Itaipu, Rafael Favoreto, menciona outro elemento que agrava a tens\u00e3o quando os eventos s\u00e3o sequenciais e provocados por fatores externos: a incerteza. \u201cUma linha cai e volta em seguida; a outra cai e n\u00e3o volta, e \u00e9 preciso isol\u00e1-la. Mas na hora voc\u00ea n\u00e3o sabe o que provocou os desligamentos, se foi vento, raio, queda de torre ou outro motivo\u201d, anota o engenheiro, que no dia do temporal tamb\u00e9m respondia pelo Departamento de Opera\u00e7\u00e3o do Sistema.<\/p>\n\n\n\n<p>\u201cS\u00e3o v\u00e1rias a\u00e7\u00f5es que o profissional est\u00e1 tomando na hora, mas o c\u00e9rebro dele est\u00e1 ali tamb\u00e9m projetando o futuro: o que mais vai acontecer? Vai desligar tudo aqui? O que vem depois?\u201d, complementa Paulo Zanelli, que compara a a\u00e7\u00e3o dos operadores a de um piloto de ca\u00e7a.<\/p>\n\n\n\n<p>\u201cN\u00e3o \u00e9 um piloto de um avi\u00e3o comercial. Porque \u00e9 um profissional muito espec\u00edfico. Se eu for no mercado para buscar um operador para colocar na sala de controle, para tomar decis\u00f5es, eu n\u00e3o vou achar. Posso achar o melhor operador, o melhor despachante, mas ele vai ter que chegar aqui e passar por um processo de prepara\u00e7\u00e3o muito intenso. \u00c9 um profissional que n\u00e3o est\u00e1 na prateleira\u201d, conclui.<\/p>\n\n\n\n<p><strong>Sistemas de prote\u00e7\u00e3o<\/strong><\/p>\n\n\n\n<p>As maiores complica\u00e7\u00f5es da tempestade do dia 23 foram causadas pela queda de duas torres de transmiss\u00e3o de 750 kV, uma a 11 quil\u00f4metros da subesta\u00e7\u00e3o de Furnas, em Santa Terezinha de Itaipu, e outra a 74 quil\u00f4metros, pr\u00f3ximo de Medianeira. Cada torre levava linhas distintas do sistema de corrente alternada. O incidente acarretou o acionamento autom\u00e1tico de prote\u00e7\u00f5es e o desligamento, em momentos diferentes, de cinco das dez unidades geradoras de Itaipu do setor de 60 Hz (frequ\u00eancia utilizada no Brasil) \u2013 entre as 20 unidades geradoras dispon\u00edveis da usina.<\/p>\n\n\n\n<p>O temporal trouxe um problema adicional, com a redu\u00e7\u00e3o na deflu\u00eancia e consequente queda no n\u00edvel do Rio Paran\u00e1 a jusante da usina. Como o Acordo Tripartite (do qual fazem parte o Brasil, Paraguai e Argentina) imp\u00f5e limites de varia\u00e7\u00e3o por hora e por dia nos n\u00edveis do rio (m\u00e1ximo de dois metros em 24 horas), foi preciso abrir o vertedouro da usina \u00e0s 14h32.<\/p>\n\n\n\n<p>Essa a\u00e7\u00e3o exigiu uma s\u00e9rie de medidas, desde c\u00e1lculos para saber a quantidade de \u00e1gua que seria vertida, a defini\u00e7\u00e3o de quais calhas seriam usadas, conforme normativas vigentes, at\u00e9 o acionamento da Seguran\u00e7a Empresarial para verificar se havia pessoas transitando irregularmente nas margens a jusante. Um alarme tamb\u00e9m foi disparado antes de a \u00e1gua escoar pelas calhas, como medida adicional de seguran\u00e7a. Mesmo assim, a a\u00e7\u00e3o de abertura do vertedouro ocorreu em apenas tr\u00eas minutos ap\u00f3s a caracteriza\u00e7\u00e3o e confirma\u00e7\u00e3o do risco de viola\u00e7\u00e3o do Acordo Tripartite.<\/p>\n\n\n\n<p>O vertimento do dia 23 ocorreu depois de esgotadas todas as alternativas operacionais poss\u00edveis e apenas o m\u00ednimo necess\u00e1rio para compensar a redu\u00e7\u00e3o parcial da gera\u00e7\u00e3o de energia. \u00c0 medida que a Itaipu foi sendo demandada para o restabelecimento da gera\u00e7\u00e3o, a vaz\u00e3o vertida foi reduzida at\u00e9 o completo fechamento do sistema, \u00e0s 22h28 de s\u00e1bado.<\/p>\n\n\n\n<p>Rafael Favoreto lembra que havia mais de 500 dias que o vertedouro de Itaipu n\u00e3o era aberto \u2013 a \u00faltima fora em 28 de maio de 2020 para permitir o escoamento da safra de gr\u00e3os paraguaia para os portos argentinos, pelo Rio Paran\u00e1. \u201cNunca o vertedouro ficou fechado por tanto tempo e s\u00f3 foi aberto, neste caso, por evento extremo.\u201d<\/p>\n\n\n\n<p>O superintendente de Opera\u00e7\u00e3o, Jos\u00e9 Benedito Mota Junior, destaca que o evento demonstrou n\u00e3o apenas o alto n\u00edvel dos profissionais da Itaipu e de Furnas (que percorreram as linhas para localizar a origem do problema), como a confiabilidade dos equipamentos da usina, em perfeito estado de conserva\u00e7\u00e3o. Ele observa que unidades geradoras que precisaram ser desligadas, ap\u00f3s a queda das linhas de transmiss\u00e3o, retornaram sem problemas, rapidamente, assim que o sistema foi normalizado.<\/p>\n\n\n\n<p>\u201cIsso \u00e9 um forte ind\u00edcio de que as instala\u00e7\u00f5es est\u00e3o em excelentes condi\u00e7\u00f5es, tem boa confiabilidade e est\u00e3o dispon\u00edveis\u201d, atesta o superintendente de Manuten\u00e7\u00e3o, Marco Aur\u00e9lio Siqueira Mauro. A \u00e1rea atuou em diferentes momentos da tormenta, desde o reparo nos vidros do hall do Edif\u00edcio da Produ\u00e7\u00e3o at\u00e9 a verifica\u00e7\u00e3o e o restabelecimento da conex\u00e3o do Ref\u00fagio Biol\u00f3gico. Tudo conforme previsto nos planos de conting\u00eancia.<\/p>\n\n\n\n<p><strong>Ministro de Minas e Energia elogia a\u00e7\u00f5es<\/strong><\/p>\n\n\n\n<p>Apesar da gravidade, a situa\u00e7\u00e3o foi normalizada no mesmo dia, sem que houvesse corte de carga para o Sistema Interligado Nacional (SIN) e preju\u00edzo para o abastecimento de energia. A experi\u00eancia reafirmou a integra\u00e7\u00e3o entre diversas \u00e1reas da empresa e as equipes de Furnas, com o acompanhamento e coordena\u00e7\u00e3o do Minist\u00e9rio de Minas e Energia e do ONS.<\/p>\n\n\n\n<p>\u201cEsse incidente mostrou a resili\u00eancia do sistema el\u00e9trico brasileiro e paraguaio, particularmente da Itaipu Binacional e de Furnas Centrais El\u00e9tricas, que prontamente tomaram todas as provid\u00eancias para que os consumidores de ambos os pa\u00edses n\u00e3o tivessem nenhum problema naquilo que diz respeito a sua seguran\u00e7a energ\u00e9tica\u201d, disse o ministro de Minas e Energia, almirante Bento Albuquerque, em passagem por Foz do Igua\u00e7u para a reuni\u00e3o do Conselho de Administra\u00e7\u00e3o da binacional.<\/p>\n\n\n\n<p>No \u00faltimo dia 27, com um dia de anteced\u00eancia, Furnas restabeleceu a primeira das duas linhas de transmiss\u00e3o de 750kV que ainda estava fora de opera\u00e7\u00e3o por causa do temporal. O outro circuito retornou na sexta-feira (29), tamb\u00e9m antes do previsto.<\/p>\n\n\n\n<p>\u201cIsso \u00e9 mais uma demonstra\u00e7\u00e3o de que as medidas que est\u00e3o sendo adotadas pelo ONS, pela Ag\u00eancia Nacional de Energia El\u00e9trica, pela C\u00e2mara de Comercializa\u00e7\u00e3o de Energia El\u00e9trica, e todos os agentes vinculados, como Furnas e a pr\u00f3pria Itaipu Binacional, t\u00eam sido fundamentais para que o Brasil passe por esse per\u00edodo dif\u00edcil e que n\u00f3s possamos entrar em melhores condi\u00e7\u00f5es em 2022\u201d, disse o ministro, ao mencionar a atual crise hidrol\u00f3gica enfrentada pelo Pa\u00eds, uma das maiores da hist\u00f3ria.<\/p>\n\n\n\n<p>O diretor-geral brasileiro de Itaipu, general Jo\u00e3o Francisco Ferreira, tamb\u00e9m destacou a integra\u00e7\u00e3o entre os diversos atores respons\u00e1veis pelo sistema el\u00e9trico para que situa\u00e7\u00f5es extremas, como a do dia 23, tenham pronta resposta. \u201cO setor segue atuando para evitar a falta de energia para o consumidor e, quando isso se torna inevit\u00e1vel, restabelec\u00ea-la no menor tempo poss\u00edvel. Nesse caso, felizmente, sem qualquer impacto ao consumidor\u201d, diz.<\/p>\n\n\n\n<p>\u201cFoi realmente um trabalho integrado entre nossas equipes do setor el\u00e9trico\u201d, refor\u00e7a o diretor t\u00e9cnico executivo da binacional, Celso Torino. \u201cA come\u00e7ar pelos cuidados pr\u00e9vios das institui\u00e7\u00f5es do setor e do ONS aplicando crit\u00e9rios de seguran\u00e7a adequados para momentos de tempestades. A seguir, na fase que chamamos de Tempo Real, as a\u00e7\u00f5es coordenadas e de pronta resposta entre ONS, Furnas, Itaipu Binacional e Ande (estatal paraguaia). Ao final, os esfor\u00e7os exemplares das equipes de Furnas em colocar essas torres e linhas em opera\u00e7\u00e3o no menor tempo poss\u00edvel\u201d, relaciona.<\/p>\n\n\n\n<figure class=\"wp-block-gallery columns-3 is-cropped wp-block-gallery-1 is-layout-flex wp-block-gallery-is-layout-flex\"><ul class=\"blocks-gallery-grid\"><li class=\"blocks-gallery-item\"><figure><img loading=\"lazy\" decoding=\"async\" width=\"1024\" height=\"684\" src=\"https:\/\/acontecenafronteira.com.br\/wp-content\/uploads\/2021\/11\/6182a5a1b36527_20211026RF2426-1024x684.jpg?v=1636117307\" alt=\"\" data-id=\"1661\" data-full-url=\"https:\/\/acontecenafronteira.com.br\/wp-content\/uploads\/2021\/11\/6182a5a1b36527_20211026RF2426.jpg?v=1636117307\" data-link=\"https:\/\/acontecenafronteira.com.br\/?attachment_id=1661\" class=\"wp-image-1661\" srcset=\"https:\/\/acontecenafronteira.com.br\/wp-content\/uploads\/2021\/11\/6182a5a1b36527_20211026RF2426-1024x684.jpg?v=1636117307 1024w, https:\/\/acontecenafronteira.com.br\/wp-content\/uploads\/2021\/11\/6182a5a1b36527_20211026RF2426-300x200.jpg?v=1636117307 300w, https:\/\/acontecenafronteira.com.br\/wp-content\/uploads\/2021\/11\/6182a5a1b36527_20211026RF2426-768x513.jpg?v=1636117307 768w, https:\/\/acontecenafronteira.com.br\/wp-content\/uploads\/2021\/11\/6182a5a1b36527_20211026RF2426-1536x1025.jpg?v=1636117307 1536w, https:\/\/acontecenafronteira.com.br\/wp-content\/uploads\/2021\/11\/6182a5a1b36527_20211026RF2426.jpg?v=1636117307 2048w\" sizes=\"auto, (max-width: 1024px) 100vw, 1024px\" \/><figcaption class=\"blocks-gallery-item__caption\">Diretor-geral brasileiro de Itaipu, general Jo\u00e3o Francisco Ferreira. Foto: Rubens Fraulini.<\/figcaption><\/figure><\/li><li class=\"blocks-gallery-item\"><figure><img loading=\"lazy\" decoding=\"async\" width=\"1024\" height=\"768\" src=\"https:\/\/acontecenafronteira.com.br\/wp-content\/uploads\/2021\/11\/6182a5ae0265e4_Image_2021-11-01_at_15.31.26-1024x768.jpeg?v=1636117308\" alt=\"\" data-id=\"1662\" data-full-url=\"https:\/\/acontecenafronteira.com.br\/wp-content\/uploads\/2021\/11\/6182a5ae0265e4_Image_2021-11-01_at_15.31.26.jpeg?v=1636117308\" data-link=\"https:\/\/acontecenafronteira.com.br\/?attachment_id=1662\" class=\"wp-image-1662\" srcset=\"https:\/\/acontecenafronteira.com.br\/wp-content\/uploads\/2021\/11\/6182a5ae0265e4_Image_2021-11-01_at_15.31.26-1024x768.jpeg?v=1636117308 1024w, https:\/\/acontecenafronteira.com.br\/wp-content\/uploads\/2021\/11\/6182a5ae0265e4_Image_2021-11-01_at_15.31.26-300x225.jpeg?v=1636117308 300w, https:\/\/acontecenafronteira.com.br\/wp-content\/uploads\/2021\/11\/6182a5ae0265e4_Image_2021-11-01_at_15.31.26-768x576.jpeg?v=1636117308 768w, https:\/\/acontecenafronteira.com.br\/wp-content\/uploads\/2021\/11\/6182a5ae0265e4_Image_2021-11-01_at_15.31.26.jpeg?v=1636117308 1280w\" sizes=\"auto, (max-width: 1024px) 100vw, 1024px\" \/><figcaption class=\"blocks-gallery-item__caption\">quipe de Furnas repara torre de transmiss\u00e3o. Foto: Furnas.<\/figcaption><\/figure><\/li><li class=\"blocks-gallery-item\"><figure><img loading=\"lazy\" decoding=\"async\" width=\"1024\" height=\"601\" src=\"https:\/\/acontecenafronteira.com.br\/wp-content\/uploads\/2021\/11\/6182a5b63a73c1_SABADO0069-1024x601.jpg?v=1636117330\" alt=\"\" data-id=\"1663\" data-full-url=\"https:\/\/acontecenafronteira.com.br\/wp-content\/uploads\/2021\/11\/6182a5b63a73c1_SABADO0069-scaled.jpg?v=1636117330\" data-link=\"https:\/\/acontecenafronteira.com.br\/?attachment_id=1663\" class=\"wp-image-1663\" srcset=\"https:\/\/acontecenafronteira.com.br\/wp-content\/uploads\/2021\/11\/6182a5b63a73c1_SABADO0069-1024x601.jpg?v=1636117330 1024w, https:\/\/acontecenafronteira.com.br\/wp-content\/uploads\/2021\/11\/6182a5b63a73c1_SABADO0069-300x176.jpg?v=1636117330 300w, https:\/\/acontecenafronteira.com.br\/wp-content\/uploads\/2021\/11\/6182a5b63a73c1_SABADO0069-768x451.jpg?v=1636117330 768w, https:\/\/acontecenafronteira.com.br\/wp-content\/uploads\/2021\/11\/6182a5b63a73c1_SABADO0069-1536x901.jpg?v=1636117330 1536w, https:\/\/acontecenafronteira.com.br\/wp-content\/uploads\/2021\/11\/6182a5b63a73c1_SABADO0069-2048x1202.jpg?v=1636117330 2048w\" sizes=\"auto, (max-width: 1024px) 100vw, 1024px\" \/><figcaption class=\"blocks-gallery-item__caption\">No \u00faltimo dia 23, dia virou noite. Foto: SkyTakes\/\u00c1rvores Filmes.<\/figcaption><\/figure><\/li><li class=\"blocks-gallery-item\"><figure><img loading=\"lazy\" decoding=\"async\" width=\"1024\" height=\"684\" src=\"https:\/\/acontecenafronteira.com.br\/wp-content\/uploads\/2021\/11\/6182a5c40e18d6_20211029RF3014-1024x684.jpg?v=1636117333\" alt=\"\" data-id=\"1664\" data-full-url=\"https:\/\/acontecenafronteira.com.br\/wp-content\/uploads\/2021\/11\/6182a5c40e18d6_20211029RF3014.jpg?v=1636117333\" data-link=\"https:\/\/acontecenafronteira.com.br\/?attachment_id=1664\" class=\"wp-image-1664\" srcset=\"https:\/\/acontecenafronteira.com.br\/wp-content\/uploads\/2021\/11\/6182a5c40e18d6_20211029RF3014-1024x684.jpg?v=1636117333 1024w, https:\/\/acontecenafronteira.com.br\/wp-content\/uploads\/2021\/11\/6182a5c40e18d6_20211029RF3014-300x200.jpg?v=1636117333 300w, https:\/\/acontecenafronteira.com.br\/wp-content\/uploads\/2021\/11\/6182a5c40e18d6_20211029RF3014-768x513.jpg?v=1636117333 768w, https:\/\/acontecenafronteira.com.br\/wp-content\/uploads\/2021\/11\/6182a5c40e18d6_20211029RF3014-1536x1025.jpg?v=1636117333 1536w, https:\/\/acontecenafronteira.com.br\/wp-content\/uploads\/2021\/11\/6182a5c40e18d6_20211029RF3014.jpg?v=1636117333 2048w\" sizes=\"auto, (max-width: 1024px) 100vw, 1024px\" \/><figcaption class=\"blocks-gallery-item__caption\">Ministro Bento Albuquerque. Foto: Rubens Fraulini.<\/figcaption><\/figure><\/li><li class=\"blocks-gallery-item\"><figure><img loading=\"lazy\" decoding=\"async\" width=\"1024\" height=\"768\" src=\"https:\/\/acontecenafronteira.com.br\/wp-content\/uploads\/2021\/11\/6182a5da47e202_MicrosoftTeams-image.jpg\" alt=\"\" data-id=\"1665\" data-full-url=\"https:\/\/acontecenafronteira.com.br\/wp-content\/uploads\/2021\/11\/6182a5da47e202_MicrosoftTeams-image.jpg?v=1636117334\" data-link=\"https:\/\/acontecenafronteira.com.br\/?attachment_id=1665\" class=\"wp-image-1665\" srcset=\"https:\/\/acontecenafronteira.com.br\/wp-content\/uploads\/2021\/11\/6182a5da47e202_MicrosoftTeams-image.jpg?v=1636117334 1024w, https:\/\/acontecenafronteira.com.br\/wp-content\/uploads\/2021\/11\/6182a5da47e202_MicrosoftTeams-image-300x225.jpg?v=1636117334 300w, https:\/\/acontecenafronteira.com.br\/wp-content\/uploads\/2021\/11\/6182a5da47e202_MicrosoftTeams-image-768x576.jpg?v=1636117334 768w\" sizes=\"auto, (max-width: 1024px) 100vw, 1024px\" \/><figcaption class=\"blocks-gallery-item__caption\">Equipe da sala de comando central (CCR) que atuou no dia 23 de outubro. Foto: Diretoria T\u00e9cnica.<\/figcaption><\/figure><\/li><li class=\"blocks-gallery-item\"><figure><img loading=\"lazy\" decoding=\"async\" width=\"1024\" height=\"512\" src=\"https:\/\/acontecenafronteira.com.br\/wp-content\/uploads\/2021\/11\/6182a61daa4be3_Image_2021-11-01_at_14.27.41-1024x512.jpeg?v=1636117335\" alt=\"\" data-id=\"1666\" data-full-url=\"https:\/\/acontecenafronteira.com.br\/wp-content\/uploads\/2021\/11\/6182a61daa4be3_Image_2021-11-01_at_14.27.41.jpeg?v=1636117335\" data-link=\"https:\/\/acontecenafronteira.com.br\/?attachment_id=1666\" class=\"wp-image-1666\" srcset=\"https:\/\/acontecenafronteira.com.br\/wp-content\/uploads\/2021\/11\/6182a61daa4be3_Image_2021-11-01_at_14.27.41-1024x512.jpeg?v=1636117335 1024w, https:\/\/acontecenafronteira.com.br\/wp-content\/uploads\/2021\/11\/6182a61daa4be3_Image_2021-11-01_at_14.27.41-300x150.jpeg?v=1636117335 300w, https:\/\/acontecenafronteira.com.br\/wp-content\/uploads\/2021\/11\/6182a61daa4be3_Image_2021-11-01_at_14.27.41-768x384.jpeg?v=1636117335 768w, https:\/\/acontecenafronteira.com.br\/wp-content\/uploads\/2021\/11\/6182a61daa4be3_Image_2021-11-01_at_14.27.41-1536x768.jpeg?v=1636117335 1536w, https:\/\/acontecenafronteira.com.br\/wp-content\/uploads\/2021\/11\/6182a61daa4be3_Image_2021-11-01_at_14.27.41.jpeg?v=1636117335 1599w\" sizes=\"auto, (max-width: 1024px) 100vw, 1024px\" \/><figcaption class=\"blocks-gallery-item__caption\">Sala de Despacho de Carga da Itaipu. Foto: L\u00facio Horta.<\/figcaption><\/figure><\/li><\/ul><\/figure>\n","protected":false},"excerpt":{"rendered":"<p>Queda de torres de transmiss\u00e3o, no dia 23 de outubro, acarretou o desligamento de cinco unidades geradoras da usina, que manteve a produ\u00e7\u00e3o de energia para o Brasil e o Paraguai. Ministro de Minas e Energia destaca resili\u00eancia do setor e elogia trabalho Eram 12h57 do dia 23 de outubro (s\u00e1bado) quando houve o desligamento [&hellip;]<\/p>\n","protected":false},"author":2,"featured_media":1663,"comment_status":"open","ping_status":"open","sticky":false,"template":"","format":"standard","meta":{"om_disable_all_campaigns":false,"_monsterinsights_skip_tracking":false,"_monsterinsights_sitenote_active":false,"_monsterinsights_sitenote_note":"","_monsterinsights_sitenote_category":0,"footnotes":""},"categories":[4,11],"tags":[],"class_list":["post-1660","post","type-post","status-publish","format-standard","has-post-thumbnail","hentry","category-cidade","category-itaipu"],"_links":{"self":[{"href":"https:\/\/acontecenafronteira.com.br\/index.php\/wp-json\/wp\/v2\/posts\/1660","targetHints":{"allow":["GET"]}}],"collection":[{"href":"https:\/\/acontecenafronteira.com.br\/index.php\/wp-json\/wp\/v2\/posts"}],"about":[{"href":"https:\/\/acontecenafronteira.com.br\/index.php\/wp-json\/wp\/v2\/types\/post"}],"author":[{"embeddable":true,"href":"https:\/\/acontecenafronteira.com.br\/index.php\/wp-json\/wp\/v2\/users\/2"}],"replies":[{"embeddable":true,"href":"https:\/\/acontecenafronteira.com.br\/index.php\/wp-json\/wp\/v2\/comments?post=1660"}],"version-history":[{"count":1,"href":"https:\/\/acontecenafronteira.com.br\/index.php\/wp-json\/wp\/v2\/posts\/1660\/revisions"}],"predecessor-version":[{"id":1667,"href":"https:\/\/acontecenafronteira.com.br\/index.php\/wp-json\/wp\/v2\/posts\/1660\/revisions\/1667"}],"wp:featuredmedia":[{"embeddable":true,"href":"https:\/\/acontecenafronteira.com.br\/index.php\/wp-json\/wp\/v2\/media\/1663"}],"wp:attachment":[{"href":"https:\/\/acontecenafronteira.com.br\/index.php\/wp-json\/wp\/v2\/media?parent=1660"}],"wp:term":[{"taxonomy":"category","embeddable":true,"href":"https:\/\/acontecenafronteira.com.br\/index.php\/wp-json\/wp\/v2\/categories?post=1660"},{"taxonomy":"post_tag","embeddable":true,"href":"https:\/\/acontecenafronteira.com.br\/index.php\/wp-json\/wp\/v2\/tags?post=1660"}],"curies":[{"name":"wp","href":"https:\/\/api.w.org\/{rel}","templated":true}]}}