{"id":16582,"date":"2023-07-11T22:14:25","date_gmt":"2023-07-12T01:14:25","guid":{"rendered":"https:\/\/acontecenafronteira.com.br\/?p=16582"},"modified":"2023-07-11T22:14:26","modified_gmt":"2023-07-12T01:14:26","slug":"biblioteca-municipal-promove-contacao-de-historias-para-criancas","status":"publish","type":"post","link":"https:\/\/acontecenafronteira.com.br\/index.php\/2023\/07\/11\/biblioteca-municipal-promove-contacao-de-historias-para-criancas\/","title":{"rendered":"Biblioteca Municipal promove conta\u00e7\u00e3o de hist\u00f3rias para crian\u00e7as"},"content":{"rendered":"\n<p><strong><em>Em raz\u00e3o das f\u00e9rias escolas, atividades foram ampliadas esta semana; encontros acontecem nesta quarta (12), quinta (13) e sexta-feira (14), \u00e0s 10 horas<\/em><\/strong><\/p>\n\n\n\n<p>Uma semana cheia de hist\u00f3rias encantadoras. \u00c9 o que as crian\u00e7as v\u00e3o encontrar na Biblioteca P\u00fablica Elfrida Engel Nunes, de Foz do Igua\u00e7u, durante a \u201cHora da Hist\u00f3ria\u201d. Ser\u00e3o tr\u00eas dias de conta\u00e7\u00e3o de hist\u00f3rias para os pequenos, nesta quarta (12), quinta (13) e sexta (14), sempre \u00e0s 10 horas da manh\u00e3. A entrada \u00e9 gratuita e o encontro limitado a 20 crian\u00e7as.<\/p>\n\n\n\n<p>O projeto, desenvolvido desde o m\u00eas passado pela equipe da Biblioteca InfantoJuvenil, foi ampliado esta semana em raz\u00e3o das f\u00e9rias escolares. A partir da pr\u00f3xima semana ele volta a acontecer todas as nas sextas-feiras, tamb\u00e9m \u00e0s 10h.<\/p>\n\n\n\n<p>Os encontros proporcionam \u00e0s crian\u00e7as momentos l\u00fadicos e de est\u00edmulo \u00e0 leitura. Al\u00e9m disso, eles incentivam os pequenos a conhecer o espa\u00e7o, o acervo e os servi\u00e7os ofertados.<\/p>\n\n\n\n<p>A Biblioteca Municipal possui aproximadamente 70 mil exemplares de livros impressos, al\u00e9m de 7.300 na Biblioteca Infantojuvenil. Existem ainda cerca de 300 exemplares de livros em braille e audiolivros.<\/p>\n\n\n\n<p>Todas as obras est\u00e3o \u00e0 disposi\u00e7\u00e3o dos moradores, que podem visitar o local de segunda a sexta-feira, das 8h \u00e0s 14h. Para fazer o empr\u00e9stimo, \u00e9 necess\u00e1rio um cadastro (basta levar os documentos pessoais e um comprovante de resid\u00eancia).<\/p>\n\n\n\n<p><strong>Confira a programa\u00e7\u00e3o desta semana:<\/strong><\/p>\n\n\n\n<p>Dia 12\/07: &#8220;Lenda das Cataratas&#8221; de Andr\u00e9 Ribas Vieira e Melissa de Sousa Ferreira. Mergulhe na magia das Cataratas com essa lenda fascinante!<\/p>\n\n\n\n<p>Dia 13\/07: &#8220;Chapeuzinho Amarelo&#8221; de Chico Buarque. Descubra uma vers\u00e3o surpreendente dessa hist\u00f3ria cl\u00e1ssica, repleta de coragem e supera\u00e7\u00e3o.<\/p>\n\n\n\n<p>Dia 14\/07: &#8220;O monstro das cores&#8221; de Anna Llenas. Acompanhe o ador\u00e1vel monstro em uma jornada para entender e expressar suas emo\u00e7\u00f5es coloridas.<\/p>\n\n\n\n<p>As sess\u00f5es come\u00e7am \u00e0s 10h na Biblioteca P\u00fablica, Rua Benjamin Constant, 62, Centro.<\/p>\n\n\n\n<p><\/p>\n","protected":false},"excerpt":{"rendered":"<p>Em raz\u00e3o das f\u00e9rias escolas, atividades foram ampliadas esta semana; encontros acontecem nesta quarta (12), quinta (13) e sexta-feira (14), \u00e0s 10 horas Uma semana cheia de hist\u00f3rias encantadoras. \u00c9 o que as crian\u00e7as v\u00e3o encontrar na Biblioteca P\u00fablica Elfrida Engel Nunes, de Foz do Igua\u00e7u, durante a \u201cHora da Hist\u00f3ria\u201d. Ser\u00e3o tr\u00eas dias de [&hellip;]<\/p>\n","protected":false},"author":2,"featured_media":16583,"comment_status":"open","ping_status":"open","sticky":false,"template":"","format":"standard","meta":{"om_disable_all_campaigns":false,"_monsterinsights_skip_tracking":false,"_monsterinsights_sitenote_active":false,"_monsterinsights_sitenote_note":"","_monsterinsights_sitenote_category":0,"footnotes":""},"categories":[3,8],"tags":[],"class_list":["post-16582","post","type-post","status-publish","format-standard","has-post-thumbnail","hentry","category-cultura","category-educaca0"],"_links":{"self":[{"href":"https:\/\/acontecenafronteira.com.br\/index.php\/wp-json\/wp\/v2\/posts\/16582","targetHints":{"allow":["GET"]}}],"collection":[{"href":"https:\/\/acontecenafronteira.com.br\/index.php\/wp-json\/wp\/v2\/posts"}],"about":[{"href":"https:\/\/acontecenafronteira.com.br\/index.php\/wp-json\/wp\/v2\/types\/post"}],"author":[{"embeddable":true,"href":"https:\/\/acontecenafronteira.com.br\/index.php\/wp-json\/wp\/v2\/users\/2"}],"replies":[{"embeddable":true,"href":"https:\/\/acontecenafronteira.com.br\/index.php\/wp-json\/wp\/v2\/comments?post=16582"}],"version-history":[{"count":1,"href":"https:\/\/acontecenafronteira.com.br\/index.php\/wp-json\/wp\/v2\/posts\/16582\/revisions"}],"predecessor-version":[{"id":16584,"href":"https:\/\/acontecenafronteira.com.br\/index.php\/wp-json\/wp\/v2\/posts\/16582\/revisions\/16584"}],"wp:featuredmedia":[{"embeddable":true,"href":"https:\/\/acontecenafronteira.com.br\/index.php\/wp-json\/wp\/v2\/media\/16583"}],"wp:attachment":[{"href":"https:\/\/acontecenafronteira.com.br\/index.php\/wp-json\/wp\/v2\/media?parent=16582"}],"wp:term":[{"taxonomy":"category","embeddable":true,"href":"https:\/\/acontecenafronteira.com.br\/index.php\/wp-json\/wp\/v2\/categories?post=16582"},{"taxonomy":"post_tag","embeddable":true,"href":"https:\/\/acontecenafronteira.com.br\/index.php\/wp-json\/wp\/v2\/tags?post=16582"}],"curies":[{"name":"wp","href":"https:\/\/api.w.org\/{rel}","templated":true}]}}