{"id":16058,"date":"2023-04-24T13:11:10","date_gmt":"2023-04-24T16:11:10","guid":{"rendered":"https:\/\/acontecenafronteira.com.br\/?p=16058"},"modified":"2023-04-24T13:11:11","modified_gmt":"2023-04-24T16:11:11","slug":"conheca-o-vereador-adnan-el-sayed-e-sua-trajetoria-nos-dois-anos-de-mandato","status":"publish","type":"post","link":"https:\/\/acontecenafronteira.com.br\/index.php\/2023\/04\/24\/conheca-o-vereador-adnan-el-sayed-e-sua-trajetoria-nos-dois-anos-de-mandato\/","title":{"rendered":"Conhe\u00e7a o vereador Adnan El Sayed e sua trajet\u00f3ria nos dois anos de mandato"},"content":{"rendered":"\n<p><strong><em>Natural de S\u00e3o Paulo (capital), Adnan El Sayed (PSD) \u00e9 economista e mestre em desenvolvimento econ\u00f4mico. Empres\u00e1rio e professor em Foz do Igua\u00e7u, o parlamentar disputou seu primeiro pleito eleitoral em 2020.<\/em><\/strong><\/p>\n\n\n\n<p>Presidente da Comiss\u00e3o de Turismo, Ind\u00fastria, Com\u00e9rcio, Assuntos Fronteiri\u00e7os e Seguran\u00e7a P\u00fablica, o parlamentar tamb\u00e9m integra as demais comiss\u00f5es: Mista (membro); de Legisla\u00e7\u00e3o, Justi\u00e7a e Reda\u00e7\u00e3o (membro); de Economia, Finan\u00e7as e Or\u00e7amento (suplente).<\/p>\n\n\n\n<blockquote class=\"wp-block-quote is-layout-flow wp-block-quote-is-layout-flow\">\n<p>\u201cO Projeto de lei (171\/2021) nosso, que instaura como obrigat\u00f3rio o ensino de ingl\u00eas e espanhol nas escolas. Eu acho que vai revolucionar o futuro da nossa cidade. Uma vez implementado, todas as crian\u00e7as ter\u00e3o essa oportunidade e com certeza far\u00e1 grande diferen\u00e7a. Acredito que \u00e9 uma marca do nosso mandato\u201d, comenta o vereador, em rela\u00e7\u00e3o \u00e0s proposituras j\u00e1 realizadas neste mandato.<\/p>\n<\/blockquote>\n\n\n\n<p>Al\u00e9m do Projeto de lei, o parlamentar destaca tamb\u00e9m: \u201cUma indica\u00e7\u00e3o muito importante que fizemos, no meio da pandemia ainda, era que o prefeito fizesse uma frente de trabalho contratando microempreendedores individuais para fazer a manuten\u00e7\u00e3o dos espa\u00e7os p\u00fablicos. Isso fez com que n\u00e3o s\u00f3 tiv\u00e9ssemos espa\u00e7os mais bonitos na cidade, tamb\u00e9m fez gerar empregos, renda e ampliar as oportunidades para os trabalhadores e trabalhadoras do nosso munic\u00edpio\u201d.<\/p>\n\n\n\n<p>Questionado sobre as expectativas para o bi\u00eanio 2023-2024, Adnan (PSD) vislumbra: \u201cO sonho \u00e9 o prop\u00f3sito que eu tive desde quando me candidatei, que \u00e9 fazer com que as pessoas enxerguem na pol\u00edtica uma forma de transforma\u00e7\u00e3o positiva para a sociedade. E eu tenho certeza que grandes transforma\u00e7\u00f5es no nosso munic\u00edpio podem acontecer justamente atrav\u00e9s da pol\u00edtica e da participa\u00e7\u00e3o de todos\u201d.<\/p>\n\n\n\n<p>Foto: Christian Rizzi &#8211; C\u00e2mara Foz<\/p>\n","protected":false},"excerpt":{"rendered":"<p>Natural de S\u00e3o Paulo (capital), Adnan El Sayed (PSD) \u00e9 economista e mestre em desenvolvimento econ\u00f4mico. Empres\u00e1rio e professor em Foz do Igua\u00e7u, o parlamentar disputou seu primeiro pleito eleitoral em 2020. Presidente da Comiss\u00e3o de Turismo, Ind\u00fastria, Com\u00e9rcio, Assuntos Fronteiri\u00e7os e Seguran\u00e7a P\u00fablica, o parlamentar tamb\u00e9m integra as demais comiss\u00f5es: Mista (membro); de Legisla\u00e7\u00e3o, [&hellip;]<\/p>\n","protected":false},"author":2,"featured_media":16059,"comment_status":"open","ping_status":"open","sticky":false,"template":"","format":"standard","meta":{"om_disable_all_campaigns":false,"_monsterinsights_skip_tracking":false,"_monsterinsights_sitenote_active":false,"_monsterinsights_sitenote_note":"","_monsterinsights_sitenote_category":0,"footnotes":""},"categories":[4,19],"tags":[],"class_list":["post-16058","post","type-post","status-publish","format-standard","has-post-thumbnail","hentry","category-cidade","category-politica"],"_links":{"self":[{"href":"https:\/\/acontecenafronteira.com.br\/index.php\/wp-json\/wp\/v2\/posts\/16058","targetHints":{"allow":["GET"]}}],"collection":[{"href":"https:\/\/acontecenafronteira.com.br\/index.php\/wp-json\/wp\/v2\/posts"}],"about":[{"href":"https:\/\/acontecenafronteira.com.br\/index.php\/wp-json\/wp\/v2\/types\/post"}],"author":[{"embeddable":true,"href":"https:\/\/acontecenafronteira.com.br\/index.php\/wp-json\/wp\/v2\/users\/2"}],"replies":[{"embeddable":true,"href":"https:\/\/acontecenafronteira.com.br\/index.php\/wp-json\/wp\/v2\/comments?post=16058"}],"version-history":[{"count":1,"href":"https:\/\/acontecenafronteira.com.br\/index.php\/wp-json\/wp\/v2\/posts\/16058\/revisions"}],"predecessor-version":[{"id":16060,"href":"https:\/\/acontecenafronteira.com.br\/index.php\/wp-json\/wp\/v2\/posts\/16058\/revisions\/16060"}],"wp:featuredmedia":[{"embeddable":true,"href":"https:\/\/acontecenafronteira.com.br\/index.php\/wp-json\/wp\/v2\/media\/16059"}],"wp:attachment":[{"href":"https:\/\/acontecenafronteira.com.br\/index.php\/wp-json\/wp\/v2\/media?parent=16058"}],"wp:term":[{"taxonomy":"category","embeddable":true,"href":"https:\/\/acontecenafronteira.com.br\/index.php\/wp-json\/wp\/v2\/categories?post=16058"},{"taxonomy":"post_tag","embeddable":true,"href":"https:\/\/acontecenafronteira.com.br\/index.php\/wp-json\/wp\/v2\/tags?post=16058"}],"curies":[{"name":"wp","href":"https:\/\/api.w.org\/{rel}","templated":true}]}}