{"id":16050,"date":"2023-04-22T15:17:09","date_gmt":"2023-04-22T18:17:09","guid":{"rendered":"https:\/\/acontecenafronteira.com.br\/?p=16050"},"modified":"2023-04-22T15:17:10","modified_gmt":"2023-04-22T18:17:10","slug":"liderancas-da-regiao-leste-darao-apoio-em-mobilizacao-contra-a-dengue-na-proxima-semana","status":"publish","type":"post","link":"https:\/\/acontecenafronteira.com.br\/index.php\/2023\/04\/22\/liderancas-da-regiao-leste-darao-apoio-em-mobilizacao-contra-a-dengue-na-proxima-semana\/","title":{"rendered":"Lideran\u00e7as da regi\u00e3o Leste dar\u00e3o apoio em mobiliza\u00e7\u00e3o contra a dengue na pr\u00f3xima semana"},"content":{"rendered":"\n<p><strong><em>Representantes da Prefeitura de Foz reuniram-se neste s\u00e1bado com a comunidade para discutir as a\u00e7\u00f5es que ser\u00e3o feitas a partir de segunda-feira (24) no combate ao mosquito transmissor da doen\u00e7a<\/em><\/strong><\/p>\n\n\n\n<p>O prefeito Chico Brasileiro, secret\u00e1rios e diretores do Munic\u00edpio reuniram-se neste s\u00e1bado (22), na Escola Municipal Cora Coralina, com lideran\u00e7as comunit\u00e1rias da regi\u00e3o Leste de Foz do Igua\u00e7u &#8211; entre l\u00edderes religiosos, representantes de associa\u00e7\u00f5es de moradores e comunidade escolar &#8211; para discutir as estrat\u00e9gias da mobiliza\u00e7\u00e3o de enfrentamento \u00e0 dengue, que inicia na pr\u00f3xima segunda-feira (24).<\/p>\n\n\n\n<p>A regi\u00e3o \u00e9 apontada pelo mapa de calor do Centro de Controle de Zoonoses (CCZ) como o local de maior \u00edndice de notifica\u00e7\u00f5es da doen\u00e7a, mesmo ap\u00f3s uma s\u00e9rie de a\u00e7\u00f5es de limpeza, orienta\u00e7\u00f5es e vistorias j\u00e1 realizadas pela prefeitura. De segunda a s\u00e1bado, as equipes da administra\u00e7\u00e3o municipal far\u00e3o vistorias de casa em casa para localizar criadouros do mosquito transmissor da dengue. Nos locais onde forem encontrados, os propriet\u00e1rios ser\u00e3o autuados.<\/p>\n\n\n\n<p>Conforme a Secretaria Municipal de Sa\u00fade, Foz tem at\u00e9 o momento mais de 35 mil notifica\u00e7\u00f5es de dengue, sendo 3.196 casos confirmados. Outra preocupa\u00e7\u00e3o \u00e9 com a chikungunya &#8211; tamb\u00e9m transmitida pelo mosquito Aedes aegypti -, que j\u00e1 possui 820 notifica\u00e7\u00f5es, das quais 237 casos confirmados de pessoas n\u00e3o residentes em Foz e 127 de residentes na cidade. No Paraguai, a epidemia est\u00e1 avan\u00e7ada e 91 pessoas j\u00e1 morreram em virtude da doen\u00e7a, sendo muitas delas crian\u00e7as.<\/p>\n\n\n\n<p>\u201cEstamos aqui hoje para passar a gravidade deste momento e pedir o apoio de voc\u00eas, que s\u00e3o lideran\u00e7as na regi\u00e3o e t\u00eam o poder de comunica\u00e7\u00e3o com os moradores. Nossa prioridade \u00e9 a elimina\u00e7\u00e3o de criadouros, em uma a\u00e7\u00e3o conjunta entre o poder p\u00fablico e a popula\u00e7\u00e3o\u201d, afirmou o prefeito Chico Brasileiro.<\/p>\n\n\n\n<p>De acordo com o CCZ, mais de 70% dos criadouros do mosquito est\u00e3o dentro de resid\u00eancias &#8211; em locais como calhas, vasos de plantas, garrafas pl\u00e1sticas, reservat\u00f3rios de geladeiras, entre outros. \u201cPedimos ent\u00e3o aos moradores que aproveitem o s\u00e1bado e o domingo para verificar cada canto de suas casas e evitar que a doen\u00e7a continue proliferando\u201d, destacou o prefeito.<\/p>\n\n\n\n<p><strong>A\u00e7\u00f5es j\u00e1 realizadas<\/strong><\/p>\n\n\n\n<p>Desde novembro do ano passado, com a identifica\u00e7\u00e3o da regi\u00e3o Leste como a de maior n\u00famero de casos de dengue, o CCZ intensificou as vistorias nos im\u00f3veis dos bairros. Em mar\u00e7o foram iniciadas for\u00e7as-tarefas que reuniram v\u00e1rias secretarias, nas quais foram retiradas mais de 280 toneladas de entulhos da regi\u00e3o. Tamb\u00e9m foram distribu\u00eddos materiais de orienta\u00e7\u00e3o e sacos de lixo para o descarte correto de res\u00edduos aos moradores.<\/p>\n\n\n\n<p><strong>Descarte de lixo<\/strong><\/p>\n\n\n\n<p>De acordo com a Secretaria de Meio Ambiente, a regi\u00e3o Leste \u00e9 atendida quatro vezes por semana com a coleta &#8211; sendo 3 vezes a coleta de lixo org\u00e2nico e 1 de materiais recicl\u00e1veis. Para o descarte de materiais inertes &#8211; como vasos sanit\u00e1rios, pias, telhas &#8211; existe um ponto fixo na UVR do Jardim Europa (Rua Ronaldo Lopes com a Rua Ant\u00f4nio S\u00e3o da Silva), onde os materiais podem ser deixados de forma gratuita. Tamb\u00e9m \u00e9 poss\u00edvel fazer o descarte gratuito no aterro sanit\u00e1rio utilizando ve\u00edculos de pequeno porte.<\/p>\n","protected":false},"excerpt":{"rendered":"<p>Representantes da Prefeitura de Foz reuniram-se neste s\u00e1bado com a comunidade para discutir as a\u00e7\u00f5es que ser\u00e3o feitas a partir de segunda-feira (24) no combate ao mosquito transmissor da doen\u00e7a O prefeito Chico Brasileiro, secret\u00e1rios e diretores do Munic\u00edpio reuniram-se neste s\u00e1bado (22), na Escola Municipal Cora Coralina, com lideran\u00e7as comunit\u00e1rias da regi\u00e3o Leste de [&hellip;]<\/p>\n","protected":false},"author":2,"featured_media":16051,"comment_status":"open","ping_status":"open","sticky":false,"template":"","format":"standard","meta":{"om_disable_all_campaigns":false,"_monsterinsights_skip_tracking":false,"_monsterinsights_sitenote_active":false,"_monsterinsights_sitenote_note":"","_monsterinsights_sitenote_category":0,"footnotes":""},"categories":[4],"tags":[],"class_list":["post-16050","post","type-post","status-publish","format-standard","has-post-thumbnail","hentry","category-cidade"],"_links":{"self":[{"href":"https:\/\/acontecenafronteira.com.br\/index.php\/wp-json\/wp\/v2\/posts\/16050","targetHints":{"allow":["GET"]}}],"collection":[{"href":"https:\/\/acontecenafronteira.com.br\/index.php\/wp-json\/wp\/v2\/posts"}],"about":[{"href":"https:\/\/acontecenafronteira.com.br\/index.php\/wp-json\/wp\/v2\/types\/post"}],"author":[{"embeddable":true,"href":"https:\/\/acontecenafronteira.com.br\/index.php\/wp-json\/wp\/v2\/users\/2"}],"replies":[{"embeddable":true,"href":"https:\/\/acontecenafronteira.com.br\/index.php\/wp-json\/wp\/v2\/comments?post=16050"}],"version-history":[{"count":1,"href":"https:\/\/acontecenafronteira.com.br\/index.php\/wp-json\/wp\/v2\/posts\/16050\/revisions"}],"predecessor-version":[{"id":16052,"href":"https:\/\/acontecenafronteira.com.br\/index.php\/wp-json\/wp\/v2\/posts\/16050\/revisions\/16052"}],"wp:featuredmedia":[{"embeddable":true,"href":"https:\/\/acontecenafronteira.com.br\/index.php\/wp-json\/wp\/v2\/media\/16051"}],"wp:attachment":[{"href":"https:\/\/acontecenafronteira.com.br\/index.php\/wp-json\/wp\/v2\/media?parent=16050"}],"wp:term":[{"taxonomy":"category","embeddable":true,"href":"https:\/\/acontecenafronteira.com.br\/index.php\/wp-json\/wp\/v2\/categories?post=16050"},{"taxonomy":"post_tag","embeddable":true,"href":"https:\/\/acontecenafronteira.com.br\/index.php\/wp-json\/wp\/v2\/tags?post=16050"}],"curies":[{"name":"wp","href":"https:\/\/api.w.org\/{rel}","templated":true}]}}