{"id":16047,"date":"2023-04-21T12:41:18","date_gmt":"2023-04-21T15:41:18","guid":{"rendered":"https:\/\/acontecenafronteira.com.br\/?p=16047"},"modified":"2023-04-21T12:41:19","modified_gmt":"2023-04-21T15:41:19","slug":"prefeitura-de-foz-e-descomplica-uniamerica-fazem-blitz-educativa-no-feriado-de-tiradentes","status":"publish","type":"post","link":"https:\/\/acontecenafronteira.com.br\/index.php\/2023\/04\/21\/prefeitura-de-foz-e-descomplica-uniamerica-fazem-blitz-educativa-no-feriado-de-tiradentes\/","title":{"rendered":"Prefeitura de Foz e Descomplica UniAm\u00e9rica fazem blitz educativa no feriado de Tiradentes"},"content":{"rendered":"\n<p><strong><em>A\u00e7\u00e3o pr\u00f3xima ao shopping JL, a partir das 10h, marca as atividades do Dia Nacional da Paz no Tr\u00e2nsito, comemorado dia 21 de abril<\/em><\/strong><br>\u00a0<br>Estudantes do Centro Universit\u00e1rio Descomplica UniAm\u00e9rica e agentes da C\u00e2mara T\u00e9cnica de Tr\u00e2nsito do GGIM \u2013 Gabinete de Gest\u00e3o Integrada Municipal e do Programa Vida no Tr\u00e2nsito (PVT) promovem nesta sexta-feira (21), feriado de Tiradentes, uma blitz educativa no cruzamento da Avenida Paran\u00e1 com a Avenida Rep\u00fablica Argentina, a partir das 10h.<\/p>\n\n\n\n<p>A atividade faz parte das a\u00e7\u00f5es do \u201cDia Nacional da Paz no Tr\u00e2nsito\u201d, comemorado no 21 de abril. O objetivo \u00e9 lembrar a sociedade igua\u00e7uense sobre posturas e atitudes que devem ser praticadas diariamente para reduzir o elevado n\u00famero de acidentes e tornar as ruas da cidade mais seguras para todos.<\/p>\n\n\n\n<p>Al\u00e9m da conversa com os condutores, haver\u00e1 a distribui\u00e7\u00e3o de adesivos, com foco no alerta sobre a banaliza\u00e7\u00e3o do consumo de \u00e1lcool.<\/p>\n\n\n\n<blockquote class=\"wp-block-quote is-layout-flow wp-block-quote-is-layout-flow\">\n<p>\u201cUm dos maiores compromissos da Descomplica UniAm\u00e9rica \u00e9 instigar a aprendizagem com sentido e prop\u00f3sito. Essa a\u00e7\u00e3o, por exemplo, faz parte de um projeto integrador do curso de Comunica\u00e7\u00e3o Social. Acompanhar isso de perto \u00e9 motivo de grande orgulho para n\u00f3s\u201d; comenta Mauricio Pedroso, diretor geral da Descomplica UniAm\u00e9rica.<\/p>\n<\/blockquote>\n\n\n\n<blockquote class=\"wp-block-quote is-layout-flow wp-block-quote-is-layout-flow\">\n<p>\u201cTodas as pe\u00e7as da campanha de esclarecimento no tr\u00e2nsito foram produzidas pelos pr\u00f3prios alunos\u201d, refor\u00e7a a professora Isabela Collares, que tamb\u00e9m \u00e9 a respons\u00e1vel pelo projeto Antes da Saideira, sobre a banaliza\u00e7\u00e3o do consumo de bebidas alco\u00f3licas na sociedade.<\/p>\n<\/blockquote>\n","protected":false},"excerpt":{"rendered":"<p>A\u00e7\u00e3o pr\u00f3xima ao shopping JL, a partir das 10h, marca as atividades do Dia Nacional da Paz no Tr\u00e2nsito, comemorado dia 21 de abril\u00a0Estudantes do Centro Universit\u00e1rio Descomplica UniAm\u00e9rica e agentes da C\u00e2mara T\u00e9cnica de Tr\u00e2nsito do GGIM \u2013 Gabinete de Gest\u00e3o Integrada Municipal e do Programa Vida no Tr\u00e2nsito (PVT) promovem nesta sexta-feira (21), [&hellip;]<\/p>\n","protected":false},"author":2,"featured_media":16048,"comment_status":"open","ping_status":"open","sticky":false,"template":"","format":"standard","meta":{"om_disable_all_campaigns":false,"_monsterinsights_skip_tracking":false,"_monsterinsights_sitenote_active":false,"_monsterinsights_sitenote_note":"","_monsterinsights_sitenote_category":0,"footnotes":""},"categories":[4],"tags":[],"class_list":["post-16047","post","type-post","status-publish","format-standard","has-post-thumbnail","hentry","category-cidade"],"_links":{"self":[{"href":"https:\/\/acontecenafronteira.com.br\/index.php\/wp-json\/wp\/v2\/posts\/16047","targetHints":{"allow":["GET"]}}],"collection":[{"href":"https:\/\/acontecenafronteira.com.br\/index.php\/wp-json\/wp\/v2\/posts"}],"about":[{"href":"https:\/\/acontecenafronteira.com.br\/index.php\/wp-json\/wp\/v2\/types\/post"}],"author":[{"embeddable":true,"href":"https:\/\/acontecenafronteira.com.br\/index.php\/wp-json\/wp\/v2\/users\/2"}],"replies":[{"embeddable":true,"href":"https:\/\/acontecenafronteira.com.br\/index.php\/wp-json\/wp\/v2\/comments?post=16047"}],"version-history":[{"count":1,"href":"https:\/\/acontecenafronteira.com.br\/index.php\/wp-json\/wp\/v2\/posts\/16047\/revisions"}],"predecessor-version":[{"id":16049,"href":"https:\/\/acontecenafronteira.com.br\/index.php\/wp-json\/wp\/v2\/posts\/16047\/revisions\/16049"}],"wp:featuredmedia":[{"embeddable":true,"href":"https:\/\/acontecenafronteira.com.br\/index.php\/wp-json\/wp\/v2\/media\/16048"}],"wp:attachment":[{"href":"https:\/\/acontecenafronteira.com.br\/index.php\/wp-json\/wp\/v2\/media?parent=16047"}],"wp:term":[{"taxonomy":"category","embeddable":true,"href":"https:\/\/acontecenafronteira.com.br\/index.php\/wp-json\/wp\/v2\/categories?post=16047"},{"taxonomy":"post_tag","embeddable":true,"href":"https:\/\/acontecenafronteira.com.br\/index.php\/wp-json\/wp\/v2\/tags?post=16047"}],"curies":[{"name":"wp","href":"https:\/\/api.w.org\/{rel}","templated":true}]}}