{"id":16008,"date":"2023-04-19T08:41:43","date_gmt":"2023-04-19T11:41:43","guid":{"rendered":"https:\/\/acontecenafronteira.com.br\/?p=16008"},"modified":"2023-04-19T09:02:03","modified_gmt":"2023-04-19T12:02:03","slug":"partido-liberal-pl-de-santa-helena-tem-novo-presidente","status":"publish","type":"post","link":"https:\/\/acontecenafronteira.com.br\/index.php\/2023\/04\/19\/partido-liberal-pl-de-santa-helena-tem-novo-presidente\/","title":{"rendered":"Partido Liberal (PL) de Santa Helena tem novo Presidente"},"content":{"rendered":"\n<p><strong><em>Partido se reorganiza na regi\u00e3o &#8211; O partido j\u00e1 come\u00e7ou a filiar novas lideran\u00e7as<\/em><\/strong><\/p>\n\n\n\n<p>Passadas as elei\u00e7\u00f5es que reconduziram Fernando Giacobo para a C\u00e2mara Federal e com adendo de mais um deputado em Bras\u00edlia, Vermelho, o PL se reorganiza no oeste do Paran\u00e1 e em Santa Helena acontece a mesma coisa do que em outros munic\u00edpios da regi\u00e3o. Na Assembleia Legislativa, o representante regional do partido \u00e9 Marcel Micheletto.<\/p>\n\n\n\n<p>Foi confirmado como novo presidente local do Partido Liberal, que tem como presidente de honra, Bolsonaro, Mario Cezar de Almeida.<\/p>\n\n\n\n<p>O nome do empres\u00e1rio do ramo de comunica\u00e7\u00e3o foi confirmado pela Executiva Nacional e far\u00e1 um mandato de transi\u00e7\u00e3o com vistas \u00e0 reorganiza\u00e7\u00e3o do partido e filia\u00e7\u00e3o de novas lideran\u00e7as.<\/p>\n\n\n\n<p>Mario desenvolve suas atividades ligadas ao SBT (Rede Massa) de Foz do Igua\u00e7u, mas tem resid\u00eancia em Santa Helena, desde 2012, onde \u00e9 eleitor.<\/p>\n\n\n\n<blockquote class=\"wp-block-quote is-layout-flow wp-block-quote-is-layout-flow\">\n<p>O partido j\u00e1 come\u00e7ou a filiar novas lideran\u00e7as, vai se organizar tamb\u00e9m nos distritos e criar tanto o PL Mulher quanto o PL Jovem, segmentos que j\u00e1 existem no contexto nacional da agremia\u00e7\u00e3o, Afirma M\u00e1rio.<\/p>\n<\/blockquote>\n\n\n\n<p><strong>Nova Executiva<\/strong><\/p>\n\n\n\n<p>Mario Almeida, presidente; Edimar (Nego) Santin, vice; Elder Boff, secret\u00e1rio; Edineia Ferreira, segunda secret\u00e1ria; Raphael Garbossa, tesoureiro; Aline Noro, segunda tesoureira e Roberto Carlos Mayer, vogal.<\/p>\n\n\n\n<p>Mais quatro filiados ser\u00e3o convidados para complementar uma lista de 12 lideran\u00e7as que estar\u00e3o \u00e0 frente do Partido Liberal.<\/p>\n\n\n\n<p>O pr\u00f3prio Deputado Federal Giacobo, presidente estadual do PL, estar\u00e1 em Santa Helena abonando novas fichas de filia\u00e7\u00e3o e avalizando os novos nomes da dire\u00e7\u00e3o local.<\/p>\n\n\n\n<p>Em setembro, ser\u00e1 escolhido o novo presidente do PL, que comandar\u00e1 o partido durante o per\u00edodo que anteceder\u00e1 as elei\u00e7\u00f5es municipais de 2024.<\/p>\n","protected":false},"excerpt":{"rendered":"<p>Partido se reorganiza na regi\u00e3o &#8211; O partido j\u00e1 come\u00e7ou a filiar novas lideran\u00e7as Passadas as elei\u00e7\u00f5es que reconduziram Fernando Giacobo para a C\u00e2mara Federal e com adendo de mais um deputado em Bras\u00edlia, Vermelho, o PL se reorganiza no oeste do Paran\u00e1 e em Santa Helena acontece a mesma coisa do que em outros [&hellip;]<\/p>\n","protected":false},"author":2,"featured_media":16012,"comment_status":"open","ping_status":"open","sticky":false,"template":"","format":"standard","meta":{"om_disable_all_campaigns":false,"_monsterinsights_skip_tracking":false,"_monsterinsights_sitenote_active":false,"_monsterinsights_sitenote_note":"","_monsterinsights_sitenote_category":0,"footnotes":""},"categories":[19,1],"tags":[],"class_list":["post-16008","post","type-post","status-publish","format-standard","has-post-thumbnail","hentry","category-politica","category-sem-categoria"],"_links":{"self":[{"href":"https:\/\/acontecenafronteira.com.br\/index.php\/wp-json\/wp\/v2\/posts\/16008","targetHints":{"allow":["GET"]}}],"collection":[{"href":"https:\/\/acontecenafronteira.com.br\/index.php\/wp-json\/wp\/v2\/posts"}],"about":[{"href":"https:\/\/acontecenafronteira.com.br\/index.php\/wp-json\/wp\/v2\/types\/post"}],"author":[{"embeddable":true,"href":"https:\/\/acontecenafronteira.com.br\/index.php\/wp-json\/wp\/v2\/users\/2"}],"replies":[{"embeddable":true,"href":"https:\/\/acontecenafronteira.com.br\/index.php\/wp-json\/wp\/v2\/comments?post=16008"}],"version-history":[{"count":9,"href":"https:\/\/acontecenafronteira.com.br\/index.php\/wp-json\/wp\/v2\/posts\/16008\/revisions"}],"predecessor-version":[{"id":16022,"href":"https:\/\/acontecenafronteira.com.br\/index.php\/wp-json\/wp\/v2\/posts\/16008\/revisions\/16022"}],"wp:featuredmedia":[{"embeddable":true,"href":"https:\/\/acontecenafronteira.com.br\/index.php\/wp-json\/wp\/v2\/media\/16012"}],"wp:attachment":[{"href":"https:\/\/acontecenafronteira.com.br\/index.php\/wp-json\/wp\/v2\/media?parent=16008"}],"wp:term":[{"taxonomy":"category","embeddable":true,"href":"https:\/\/acontecenafronteira.com.br\/index.php\/wp-json\/wp\/v2\/categories?post=16008"},{"taxonomy":"post_tag","embeddable":true,"href":"https:\/\/acontecenafronteira.com.br\/index.php\/wp-json\/wp\/v2\/tags?post=16008"}],"curies":[{"name":"wp","href":"https:\/\/api.w.org\/{rel}","templated":true}]}}