{"id":1582,"date":"2021-11-04T09:45:57","date_gmt":"2021-11-04T12:45:57","guid":{"rendered":"https:\/\/acontecenafronteira.com.br\/?p=1582"},"modified":"2021-11-04T09:45:58","modified_gmt":"2021-11-04T12:45:58","slug":"retomada-alegre-idosos-do-centro-de-convivencia-visitam-atrativos-de-foz-do-iguacu","status":"publish","type":"post","link":"https:\/\/acontecenafronteira.com.br\/index.php\/2021\/11\/04\/retomada-alegre-idosos-do-centro-de-convivencia-visitam-atrativos-de-foz-do-iguacu\/","title":{"rendered":"Retomada alegre: Idosos do Centro de Conviv\u00eancia visitam atrativos de Foz do Igua\u00e7u"},"content":{"rendered":"\n<p>Roteiro de visitas foi idealizado pela Secretaria de Assist\u00eancia Social e marcou a volta dos grandes eventos realizados para os idosos.<\/p>\n\n\n\n<figure class=\"wp-block-gallery columns-3 is-cropped wp-block-gallery-1 is-layout-flex wp-block-gallery-is-layout-flex\"><ul class=\"blocks-gallery-grid\"><li class=\"blocks-gallery-item\"><figure><img loading=\"lazy\" decoding=\"async\" width=\"799\" height=\"533\" src=\"http:\/\/acontecenafronteira.com.br\/wp-content\/uploads\/2021\/11\/WhatsApp-Image-2021-11-04-at-09.13.27-3.jpeg\" alt=\"\" data-id=\"1583\" data-full-url=\"http:\/\/acontecenafronteira.com.br\/wp-content\/uploads\/2021\/11\/WhatsApp-Image-2021-11-04-at-09.13.27-3.jpeg\" data-link=\"https:\/\/acontecenafronteira.com.br\/?attachment_id=1583\" class=\"wp-image-1583\" srcset=\"https:\/\/acontecenafronteira.com.br\/wp-content\/uploads\/2021\/11\/WhatsApp-Image-2021-11-04-at-09.13.27-3.jpeg?v=1636029906 799w, https:\/\/acontecenafronteira.com.br\/wp-content\/uploads\/2021\/11\/WhatsApp-Image-2021-11-04-at-09.13.27-3-300x200.jpeg?v=1636029906 300w, https:\/\/acontecenafronteira.com.br\/wp-content\/uploads\/2021\/11\/WhatsApp-Image-2021-11-04-at-09.13.27-3-768x512.jpeg?v=1636029906 768w\" sizes=\"auto, (max-width: 799px) 100vw, 799px\" \/><\/figure><\/li><li class=\"blocks-gallery-item\"><figure><img loading=\"lazy\" decoding=\"async\" width=\"799\" height=\"533\" src=\"http:\/\/acontecenafronteira.com.br\/wp-content\/uploads\/2021\/11\/WhatsApp-Image-2021-11-04-at-09.13.27-2.jpeg\" alt=\"\" data-id=\"1584\" data-full-url=\"http:\/\/acontecenafronteira.com.br\/wp-content\/uploads\/2021\/11\/WhatsApp-Image-2021-11-04-at-09.13.27-2.jpeg\" data-link=\"https:\/\/acontecenafronteira.com.br\/?attachment_id=1584\" class=\"wp-image-1584\" srcset=\"https:\/\/acontecenafronteira.com.br\/wp-content\/uploads\/2021\/11\/WhatsApp-Image-2021-11-04-at-09.13.27-2.jpeg?v=1636029907 799w, https:\/\/acontecenafronteira.com.br\/wp-content\/uploads\/2021\/11\/WhatsApp-Image-2021-11-04-at-09.13.27-2-300x200.jpeg?v=1636029907 300w, https:\/\/acontecenafronteira.com.br\/wp-content\/uploads\/2021\/11\/WhatsApp-Image-2021-11-04-at-09.13.27-2-768x512.jpeg?v=1636029907 768w\" sizes=\"auto, (max-width: 799px) 100vw, 799px\" \/><\/figure><\/li><li class=\"blocks-gallery-item\"><figure><img loading=\"lazy\" decoding=\"async\" width=\"799\" height=\"533\" src=\"http:\/\/acontecenafronteira.com.br\/wp-content\/uploads\/2021\/11\/WhatsApp-Image-2021-11-04-at-09.13.27.jpeg\" alt=\"\" data-id=\"1586\" data-full-url=\"http:\/\/acontecenafronteira.com.br\/wp-content\/uploads\/2021\/11\/WhatsApp-Image-2021-11-04-at-09.13.27.jpeg\" data-link=\"https:\/\/acontecenafronteira.com.br\/?attachment_id=1586\" class=\"wp-image-1586\" srcset=\"https:\/\/acontecenafronteira.com.br\/wp-content\/uploads\/2021\/11\/WhatsApp-Image-2021-11-04-at-09.13.27.jpeg?v=1636029910 799w, https:\/\/acontecenafronteira.com.br\/wp-content\/uploads\/2021\/11\/WhatsApp-Image-2021-11-04-at-09.13.27-300x200.jpeg?v=1636029910 300w, https:\/\/acontecenafronteira.com.br\/wp-content\/uploads\/2021\/11\/WhatsApp-Image-2021-11-04-at-09.13.27-768x512.jpeg?v=1636029910 768w\" sizes=\"auto, (max-width: 799px) 100vw, 799px\" \/><\/figure><\/li><\/ul><\/figure>\n\n\n\n<p>Ap\u00f3s quase dois anos longe dos amigos e das divertidas atividades di\u00e1rias, dona Maria Joaquina, de 73 anos, n\u00e3o escondeu a alegria de poder voltar a sair de casa com tranquilidade. Ela e os amigos que frequentam Centro de Conviv\u00eancia do Idoso Afra Roth, em Foz do Igua\u00e7u, passaram a \u00faltima semana visitando os atrativos tur\u00edsticos da cidade.<\/p>\n\n\n\n<p>\u201cDesde que come\u00e7ou a pandemia eu n\u00e3o visitei mais nenhum atrativo e n\u00e3o fiz nenhum passeio. Foi tudo de bom, parece at\u00e9 que fiquei mais leve depois de um per\u00edodo t\u00e3o complicado, que nos deixou com muito medo\u201d, conta.<\/p>\n\n\n\n<p>Aproximadamente 200 idosos participaram dos passeios pelas Cataratas do Igua\u00e7u, Itaipu Binacional, Parque das Aves, Marco das Tr\u00eas Fronteiras, al\u00e9m do Museu de Cera e Movie Cars.<\/p>\n\n\n\n<p>O roteiro que contemplou as grandes paisagens da fronteira foi idealizado pela Secretaria Municipal de Assist\u00eancia Social, em parceria com a Secretaria de Turismo e Projetos Estrat\u00e9gicos, em alus\u00e3o ao m\u00eas do idoso, celebrado em outubro.<\/p>\n\n\n\n<blockquote class=\"wp-block-quote is-layout-flow wp-block-quote-is-layout-flow\"><p>\u201cT\u00ednhamos h\u00e1 algum tempo esse desejo de realizar um evento em grande estilo para os idosos. Tivemos essa oportunidade a partir das parcerias que firmamos tamb\u00e9m com os atrativos tur\u00edsticos, que de bra\u00e7os abertos aceitaram e proporcionaram uma grande experi\u00eancia\u201d, relata o secret\u00e1rio de Assist\u00eancia Social, Elias Souza.<\/p><\/blockquote>\n\n\n\n<p>Energias renovadas<\/p>\n\n\n\n<p>Para Maria Aparecida, 71, visitar os atrativos em Foz j\u00e1 era algo comum, por sempre acompanhar os parentes que a visitavam. Mas assim como a colega Maria Joaquina, desde o come\u00e7o da pandemia ainda n\u00e3o havia retornado a nenhum passeio. Agora com as tr\u00eas doses em dia, o convite n\u00e3o poderia ser recusado.<\/p>\n\n\n\n<blockquote class=\"wp-block-quote is-layout-flow wp-block-quote-is-layout-flow\"><p>\u201cIr para as Cataratas foi como uma renova\u00e7\u00e3o de alma. Me senti at\u00e9 mais jovem\u201d, brincou. \u201c\u00c9 muito bom poder voltar a sair, conviver com meus amigos da mesma idade, espairecer e deixar para tr\u00e1s isso tudo que aconteceu\u201d, completa.<\/p><\/blockquote>\n\n\n\n<p>O seu J\u00f4natas Gomes, 72, conta que matou a vontade de finalmente poder estar em contato com outras pessoas e retornar \u00e0 vida que tinha. \u201cEu praticamente n\u00e3o saia de casa e me fazia muita falta, nem ao shopping eu ia, porque eu sabia dos riscos e queria me proteger. Agora eu me sinto seguro. Tudo foi muito divertido, at\u00e9 no caminho dentro do \u00f4nibus o pessoal estava alegre, rindo, conversando. Foi muito bom\u201d, afirmou.<\/p>\n\n\n\n<p>Volta gradual<\/p>\n\n\n\n<p>De acordo com o coordenador do Servi\u00e7o de Conviv\u00eancia e Fortalecimento de V\u00ednculos do CCI, William C\u00e9sar de Castro, os trabalhos presenciais come\u00e7aram a ser retomados aos poucos, desde julho, com as aulas de gin\u00e1stica, alfabetiza\u00e7\u00e3o, pilates, dan\u00e7a cultural, jogos l\u00fadicos, coral, artesanato e roda de chimarr\u00e3o.<\/p>\n\n\n\n<p>Durante a pandemia, com a suspens\u00e3o das atividades, os idosos foram acompanhados por liga\u00e7\u00f5es telef\u00f4nicas e tamb\u00e9m por visitas domiciliares, quando identificada alguma fragilidade. As visitas foram feitas por uma educadora e uma assistente social.<\/p>\n\n\n\n<p>Al\u00e9m disto, tamb\u00e9m foi mantido o projeto de alfabetiza\u00e7\u00e3o de forma remota. O conte\u00fado pedag\u00f3gico elaborado pelos professores era entregue no domic\u00edlio dos alfabetizandos.<\/p>\n\n\n\n<blockquote class=\"wp-block-quote is-layout-flow wp-block-quote-is-layout-flow\"><p>&#8220;Estamos num processo de retomada gradual, felizes em rever nossos usu\u00e1rios, foi um momento dif\u00edcil para todos n\u00f3s, mas gra\u00e7as a Deus j\u00e1 estamos no processo de retomada das atividades, imprescind\u00edveis para sa\u00fade f\u00edsica e mental dos idosos.&#8221; afirma Castro.<\/p><p>Fotos: Welyton Manoel\/PMFI<\/p><\/blockquote>\n","protected":false},"excerpt":{"rendered":"<p>Roteiro de visitas foi idealizado pela Secretaria de Assist\u00eancia Social e marcou a volta dos grandes eventos realizados para os idosos. Ap\u00f3s quase dois anos longe dos amigos e das divertidas atividades di\u00e1rias, dona Maria Joaquina, de 73 anos, n\u00e3o escondeu a alegria de poder voltar a sair de casa com tranquilidade. Ela e os [&hellip;]<\/p>\n","protected":false},"author":2,"featured_media":1585,"comment_status":"open","ping_status":"open","sticky":false,"template":"","format":"standard","meta":{"om_disable_all_campaigns":false,"_monsterinsights_skip_tracking":false,"_monsterinsights_sitenote_active":false,"_monsterinsights_sitenote_note":"","_monsterinsights_sitenote_category":0,"footnotes":""},"categories":[4,9],"tags":[],"class_list":["post-1582","post","type-post","status-publish","format-standard","has-post-thumbnail","hentry","category-cidade","category-turismo"],"_links":{"self":[{"href":"https:\/\/acontecenafronteira.com.br\/index.php\/wp-json\/wp\/v2\/posts\/1582","targetHints":{"allow":["GET"]}}],"collection":[{"href":"https:\/\/acontecenafronteira.com.br\/index.php\/wp-json\/wp\/v2\/posts"}],"about":[{"href":"https:\/\/acontecenafronteira.com.br\/index.php\/wp-json\/wp\/v2\/types\/post"}],"author":[{"embeddable":true,"href":"https:\/\/acontecenafronteira.com.br\/index.php\/wp-json\/wp\/v2\/users\/2"}],"replies":[{"embeddable":true,"href":"https:\/\/acontecenafronteira.com.br\/index.php\/wp-json\/wp\/v2\/comments?post=1582"}],"version-history":[{"count":1,"href":"https:\/\/acontecenafronteira.com.br\/index.php\/wp-json\/wp\/v2\/posts\/1582\/revisions"}],"predecessor-version":[{"id":1587,"href":"https:\/\/acontecenafronteira.com.br\/index.php\/wp-json\/wp\/v2\/posts\/1582\/revisions\/1587"}],"wp:featuredmedia":[{"embeddable":true,"href":"https:\/\/acontecenafronteira.com.br\/index.php\/wp-json\/wp\/v2\/media\/1585"}],"wp:attachment":[{"href":"https:\/\/acontecenafronteira.com.br\/index.php\/wp-json\/wp\/v2\/media?parent=1582"}],"wp:term":[{"taxonomy":"category","embeddable":true,"href":"https:\/\/acontecenafronteira.com.br\/index.php\/wp-json\/wp\/v2\/categories?post=1582"},{"taxonomy":"post_tag","embeddable":true,"href":"https:\/\/acontecenafronteira.com.br\/index.php\/wp-json\/wp\/v2\/tags?post=1582"}],"curies":[{"name":"wp","href":"https:\/\/api.w.org\/{rel}","templated":true}]}}