{"id":158,"date":"2021-10-05T09:48:19","date_gmt":"2021-10-05T12:48:19","guid":{"rendered":"http:\/\/acontecenafronteira.com.br\/?p=158"},"modified":"2021-10-05T09:48:20","modified_gmt":"2021-10-05T12:48:20","slug":"equipe-masculina-sub-16-da-abasfi-vai-participar-do-maior-torneio-de-base-do-basquete-brasileiro","status":"publish","type":"post","link":"https:\/\/acontecenafronteira.com.br\/index.php\/2021\/10\/05\/equipe-masculina-sub-16-da-abasfi-vai-participar-do-maior-torneio-de-base-do-basquete-brasileiro\/","title":{"rendered":"Equipe masculina sub-16 da Abasfi vai participar do maior torneio de base do basquete brasileiro"},"content":{"rendered":"\n<p>A estreia dos jovens atletas ser\u00e1 na ter\u00e7a-feira, 5, com transmiss\u00e3o ao vivo pelo Youtube do Foz Basquete.<\/p>\n\n\n\n<p>A equipe masculina sub-16 da Associa\u00e7\u00e3o de Basquete de Foz do Igua\u00e7u (Abasfi\/Foz) far\u00e1 a estreia no Brasileiro Interclubes, o maior torneio de base do basquete brasileiro. Os jovens talentos da fronteira enfrentam na estreia o Gr\u00eamio N\u00e1utico Uni\u00e3o, do Rio Grande do Sul, nesta ter\u00e7a-feira (5).\u00a0<br><br>A competi\u00e7\u00e3o acontece em Campina Grande, na Para\u00edba, com transmiss\u00e3o ao vivo pelo Youtube do Foz Basquete.<br><br>O time integra o grupo da classificat\u00f3ria A, que ainda conta com Fluminense (RJ) e Aeroclube (RN). Outros dez clubes integram o grupo, como S\u00e3o Paulo, Sport, Praia Clube e Botafogo.\u00a0<br><br>O t\u00e9cnico Douglas Stapf conta que ser\u00e1 a primeira participa\u00e7\u00e3o da equipe na competi\u00e7\u00e3o. Ele ainda refor\u00e7a que um dos destaques do time ser\u00e1 a t\u00e9cnica das jogadas como umas das principais t\u00e1ticas dentro de quadra.<\/p>\n\n\n\n<blockquote class=\"wp-block-quote is-layout-flow wp-block-quote-is-layout-flow\"><p>\u00a0<br><br>\u201cTemos um elenco que n\u00e3o \u00e9 muito alto, contudo, compensam no conjunto de t\u00e9cnicas que apresentam. Vamos aprender mais e esperamos o melhor para a campanha\u201d, afirma.\u00a0<\/p><\/blockquote>\n\n\n\n<p><br>Todos os atletas recebem o apoio da Prefeitura, por meio da Secretaria de Esporte e Lazer, e Itaipu Binacional. Al\u00e9m disso, a Abasfi conta tamb\u00e9m com o projeto Pr\u00f3-Esporte, incentivo do Governo do Estado que facilita a capta\u00e7\u00e3o de recursos de patrocinadores.\u00a0<\/p>\n","protected":false},"excerpt":{"rendered":"<p>A estreia dos jovens atletas ser\u00e1 na ter\u00e7a-feira, 5, com transmiss\u00e3o ao vivo pelo Youtube do Foz Basquete. A equipe masculina sub-16 da Associa\u00e7\u00e3o de Basquete de Foz do Igua\u00e7u (Abasfi\/Foz) far\u00e1 a estreia no Brasileiro Interclubes, o maior torneio de base do basquete brasileiro. Os jovens talentos da fronteira enfrentam na estreia o Gr\u00eamio [&hellip;]<\/p>\n","protected":false},"author":2,"featured_media":159,"comment_status":"open","ping_status":"open","sticky":false,"template":"","format":"standard","meta":{"om_disable_all_campaigns":false,"_monsterinsights_skip_tracking":false,"_monsterinsights_sitenote_active":false,"_monsterinsights_sitenote_note":"","_monsterinsights_sitenote_category":0,"footnotes":""},"categories":[4,2],"tags":[],"class_list":["post-158","post","type-post","status-publish","format-standard","has-post-thumbnail","hentry","category-cidade","category-esportes"],"_links":{"self":[{"href":"https:\/\/acontecenafronteira.com.br\/index.php\/wp-json\/wp\/v2\/posts\/158","targetHints":{"allow":["GET"]}}],"collection":[{"href":"https:\/\/acontecenafronteira.com.br\/index.php\/wp-json\/wp\/v2\/posts"}],"about":[{"href":"https:\/\/acontecenafronteira.com.br\/index.php\/wp-json\/wp\/v2\/types\/post"}],"author":[{"embeddable":true,"href":"https:\/\/acontecenafronteira.com.br\/index.php\/wp-json\/wp\/v2\/users\/2"}],"replies":[{"embeddable":true,"href":"https:\/\/acontecenafronteira.com.br\/index.php\/wp-json\/wp\/v2\/comments?post=158"}],"version-history":[{"count":1,"href":"https:\/\/acontecenafronteira.com.br\/index.php\/wp-json\/wp\/v2\/posts\/158\/revisions"}],"predecessor-version":[{"id":160,"href":"https:\/\/acontecenafronteira.com.br\/index.php\/wp-json\/wp\/v2\/posts\/158\/revisions\/160"}],"wp:featuredmedia":[{"embeddable":true,"href":"https:\/\/acontecenafronteira.com.br\/index.php\/wp-json\/wp\/v2\/media\/159"}],"wp:attachment":[{"href":"https:\/\/acontecenafronteira.com.br\/index.php\/wp-json\/wp\/v2\/media?parent=158"}],"wp:term":[{"taxonomy":"category","embeddable":true,"href":"https:\/\/acontecenafronteira.com.br\/index.php\/wp-json\/wp\/v2\/categories?post=158"},{"taxonomy":"post_tag","embeddable":true,"href":"https:\/\/acontecenafronteira.com.br\/index.php\/wp-json\/wp\/v2\/tags?post=158"}],"curies":[{"name":"wp","href":"https:\/\/api.w.org\/{rel}","templated":true}]}}