{"id":1566,"date":"2021-11-03T14:56:19","date_gmt":"2021-11-03T17:56:19","guid":{"rendered":"https:\/\/acontecenafronteira.com.br\/?p=1566"},"modified":"2021-11-03T14:56:21","modified_gmt":"2021-11-03T17:56:21","slug":"cruzes-em-homenagem-aos-mortos-na-br-277-em-sao-miguel-do-iguacu-sao-instaladas-no-trevo-de-saida-para-medianeira","status":"publish","type":"post","link":"https:\/\/acontecenafronteira.com.br\/index.php\/2021\/11\/03\/cruzes-em-homenagem-aos-mortos-na-br-277-em-sao-miguel-do-iguacu-sao-instaladas-no-trevo-de-saida-para-medianeira\/","title":{"rendered":"Cruzes em homenagem aos mortos na BR-277 em S\u00e3o Miguel do Igua\u00e7u s\u00e3o instaladas no trevo de sa\u00edda para Medianeira"},"content":{"rendered":"\n<p>Para homenagear as v\u00edtimas que morreram na BR-277 em S\u00e3o Miguel do Igua\u00e7u por acidentes de tr\u00e2nsito, e tamb\u00e9m pedir, em prece e ora\u00e7\u00e3o, cerca de 50 (cinquenta) cruzes brancas foram instaladas no trevo de sa\u00edda para Medianeira, na manh\u00e3 desta quarta-feira (03). A a\u00e7\u00e3o foi criada para lembrar sobre a responsabilidade que cada um tem pela\u00a0 vida do pr\u00f3ximo.<\/p>\n\n\n\n<p>Em apenas 5 dias, 3 mortes j\u00e1 foram registradas na BR-277. A iniciativa partiu de um grupo de pessoas que recentemente perdeu um grande amigo neste trecho. A ideia surgiu tamb\u00e9m das l\u00e1grimas das pessoas que pedem ora\u00e7\u00e3o e acolhimento. Devemos nos solidarizar com a dor. As cruzes lembram n\u00e3o s\u00f3 a morte, mas a vida que perdura.<\/p>\n\n\n\n<p>Fonte: Costa Oeste News<a href=\"https:\/\/portalcostaoeste.com.br\/#facebook\" rel=\"noreferrer noopener\" target=\"_blank\"><\/a><\/p>\n","protected":false},"excerpt":{"rendered":"<p>Para homenagear as v\u00edtimas que morreram na BR-277 em S\u00e3o Miguel do Igua\u00e7u por acidentes de tr\u00e2nsito, e tamb\u00e9m pedir, em prece e ora\u00e7\u00e3o, cerca de 50 (cinquenta) cruzes brancas foram instaladas no trevo de sa\u00edda para Medianeira, na manh\u00e3 desta quarta-feira (03). A a\u00e7\u00e3o foi criada para lembrar sobre a responsabilidade que cada um [&hellip;]<\/p>\n","protected":false},"author":2,"featured_media":1567,"comment_status":"open","ping_status":"open","sticky":false,"template":"","format":"standard","meta":{"om_disable_all_campaigns":false,"_monsterinsights_skip_tracking":false,"_monsterinsights_sitenote_active":false,"_monsterinsights_sitenote_note":"","_monsterinsights_sitenote_category":0,"footnotes":""},"categories":[1],"tags":[],"class_list":["post-1566","post","type-post","status-publish","format-standard","has-post-thumbnail","hentry","category-sem-categoria"],"_links":{"self":[{"href":"https:\/\/acontecenafronteira.com.br\/index.php\/wp-json\/wp\/v2\/posts\/1566","targetHints":{"allow":["GET"]}}],"collection":[{"href":"https:\/\/acontecenafronteira.com.br\/index.php\/wp-json\/wp\/v2\/posts"}],"about":[{"href":"https:\/\/acontecenafronteira.com.br\/index.php\/wp-json\/wp\/v2\/types\/post"}],"author":[{"embeddable":true,"href":"https:\/\/acontecenafronteira.com.br\/index.php\/wp-json\/wp\/v2\/users\/2"}],"replies":[{"embeddable":true,"href":"https:\/\/acontecenafronteira.com.br\/index.php\/wp-json\/wp\/v2\/comments?post=1566"}],"version-history":[{"count":1,"href":"https:\/\/acontecenafronteira.com.br\/index.php\/wp-json\/wp\/v2\/posts\/1566\/revisions"}],"predecessor-version":[{"id":1568,"href":"https:\/\/acontecenafronteira.com.br\/index.php\/wp-json\/wp\/v2\/posts\/1566\/revisions\/1568"}],"wp:featuredmedia":[{"embeddable":true,"href":"https:\/\/acontecenafronteira.com.br\/index.php\/wp-json\/wp\/v2\/media\/1567"}],"wp:attachment":[{"href":"https:\/\/acontecenafronteira.com.br\/index.php\/wp-json\/wp\/v2\/media?parent=1566"}],"wp:term":[{"taxonomy":"category","embeddable":true,"href":"https:\/\/acontecenafronteira.com.br\/index.php\/wp-json\/wp\/v2\/categories?post=1566"},{"taxonomy":"post_tag","embeddable":true,"href":"https:\/\/acontecenafronteira.com.br\/index.php\/wp-json\/wp\/v2\/tags?post=1566"}],"curies":[{"name":"wp","href":"https:\/\/api.w.org\/{rel}","templated":true}]}}