{"id":15591,"date":"2023-02-18T11:30:25","date_gmt":"2023-02-18T14:30:25","guid":{"rendered":"https:\/\/acontecenafronteira.com.br\/?p=15591"},"modified":"2023-02-18T11:30:25","modified_gmt":"2023-02-18T14:30:25","slug":"expedicao-encontra-tres-plantas-ameacadas-de-extincao-uma-delas-pela-primeira-vez-desde-1995","status":"publish","type":"post","link":"https:\/\/acontecenafronteira.com.br\/index.php\/2023\/02\/18\/expedicao-encontra-tres-plantas-ameacadas-de-extincao-uma-delas-pela-primeira-vez-desde-1995\/","title":{"rendered":"Expedi\u00e7\u00e3o encontra tr\u00eas plantas amea\u00e7adas de extin\u00e7\u00e3o, uma delas pela primeira vez desde 1995"},"content":{"rendered":"\n<p><strong><em>A expedi\u00e7\u00e3o de campo para o registro de esp\u00e9cies de flora amea\u00e7adas de extin\u00e7\u00e3o do Territ\u00f3rio Caminho das Tropas Paran\u00e1-S\u00e3o Paulo, encerrada nesta semana, divulgou os primeiros resultados e achados. <\/em><\/strong><\/p>\n\n\n\n<p>A atividade faz parte das a\u00e7\u00f5es do Plano de A\u00e7\u00e3o Territorial \u2013 PAT Caminho das Tropas Paran\u00e1 \u2013 S\u00e3o Paulo que foi institu\u00eddo pela Resolu\u00e7\u00e3o SEDEST 48, de 22 de setembro de 2021. No territ\u00f3rio paranaense as a\u00e7\u00f5es s\u00e3o coordenadas pelo Governo do Estado, por meio da Secretaria do Desenvolvimento Sustent\u00e1vel (Sedest).<\/p>\n\n\n\n<p>A expedi\u00e7\u00e3o durou nove dias e envolveu dez t\u00e9cnicos de institui\u00e7\u00f5es parceiras como CNCFLORA\/Jardim Bot\u00e2nico do Rio de Janeiro, Laborat\u00f3rio de Dendrologia e Conserva\u00e7\u00e3o da Flora\/UFPR, Museu Bot\u00e2nico Municipal de Curitiba, Sociedade Chau\u00e1. A viagem abrangeu nove munic\u00edpios: Itarar\u00e9, Bom Sucesso do Itarar\u00e9, Barra do Chap\u00e9u, Ribeira, Seng\u00e9s, Jaguaria\u00edva, Ponta Grossa, Palmeira e Lapa.<\/p>\n\n\n\n<p>Entre os principais resultados destaca-se o registro de v\u00e1rias esp\u00e9cies de flora com interesse conservacionista em Unidades de Conserva\u00e7\u00e3o como o Parque Estadual (PE) de Vila Velha, PE do Cerrado, PE Vale do Cod\u00f3, PE do Monge, Reserva Particular do Patrim\u00f4nio Natural (RPPN) Mata do Ur\u00fa, RPPN Meia Lua e RPPN Caminho das Tropas, a qual leva o nome do territ\u00f3rio alvo do projeto.<\/p>\n\n\n\n<p>A expedi\u00e7\u00e3o encontrou a esp\u00e9cie<em>&nbsp;Serjania hatschbachii<\/em>, um tipo de cip\u00f3 lenhoso sem registro h\u00e1 quase 30 anos (o \u00faltimo foi em 1995), e as esp\u00e9cies amea\u00e7adas&nbsp;<em>Galianthe souzae<\/em>&nbsp;e&nbsp;<em>Mimosa strobiliflora&nbsp;<\/em>no Paran\u00e1. Das nove esp\u00e9cies-alvo escolhidas como foco da expedi\u00e7\u00e3o, essas tr\u00eas foram encontradas e uma outra ainda passa por investiga\u00e7\u00e3o, uma vez que sua identifica\u00e7\u00e3o depende de pesquisas laboratoriais. Tamb\u00e9m foram coletadas 268 esp\u00e9cies de pelo menos 35 fam\u00edlias bot\u00e2nicas \u2013 a maioria ainda necessita de an\u00e1lise para identifica\u00e7\u00e3o.<\/p>\n\n\n\n<p>Essas tr\u00eas esp\u00e9cies encontradas s\u00e3o t\u00e3o raras que n\u00e3o possuem nomes populares, segundo o professor de Engenharia Florestal da UFPR Christopher Thomas Blum, que participou da expedi\u00e7\u00e3o. \u201cPoder\u00edamos pensar em um nome para elas, mas seria algo artificial. Elas s\u00e3o t\u00e3o raras que a sociedade humana de modo geral n\u00e3o teve um contato com essas plantas a ponto de atribuir um nome\u201d, afirmou.<\/p>\n\n\n\n<p>A equipe planeja retomar as pesquisas na \u00e9poca de flora\u00e7\u00e3o delas, o que facilitar\u00e1 a localiza\u00e7\u00e3o de outras esp\u00e9cies-alvo. \u201cEncontramos remanescentes de vegeta\u00e7\u00e3o de boa qualidade que podem abrigar essas esp\u00e9cies que estamos procurando. Agora esperamos localiz\u00e1-las nas pr\u00f3ximas expedi\u00e7\u00f5es porque s\u00e3o esp\u00e9cies arbustivas ou herb\u00e1ceas, mais f\u00e1ceis de localizar na primavera\u201d, pontou o professor.<\/p>\n\n\n\n<p>O secret\u00e1rio de Desenvolvimento Sustent\u00e1vel, Valdemar Bernardo Jorge, ressaltou a import\u00e2ncia da expedi\u00e7\u00e3o e a valoriza\u00e7\u00e3o da flora paranaense. \u201cO trabalho integrado de diversos pesquisadores nas a\u00e7\u00f5es \u00e9 fundamental para a conserva\u00e7\u00e3o da flora amea\u00e7ada no Paran\u00e1 e no Brasil. O registro dessas esp\u00e9cies vai auxiliar em a\u00e7\u00f5es de cuidado e restaura\u00e7\u00e3o\u201d, complementou.<\/p>\n\n\n\n<p><strong>PR\u00d3-ESP\u00c9CIES&nbsp;<\/strong>\u2013 O Minist\u00e9rio do Meio Ambiente (MMA) instituiu o Programa Nacional para a Conserva\u00e7\u00e3o de Esp\u00e9cies Amea\u00e7adas de Extin\u00e7\u00e3o &#8211; Pr\u00f3-Esp\u00e9cies por meio da Portaria N\u00ba 43, de 31 de janeiro de 2014, visando cumprir a Meta 12 da Conven\u00e7\u00e3o sobre Diversidade Biol\u00f3gica (CDB). A implementa\u00e7\u00e3o desse programa \u00e9 viabilizada pelo GEF Pr\u00f3-Esp\u00e9cies &#8211; Todos Contra a Extin\u00e7\u00e3o.<\/p>\n\n\n\n<p>O Projeto trabalha em conjunto em 13 estados do Brasil: Maranh\u00e3o (MA), Bahia (BA), Par\u00e1 (PA), Amazonas (AM), Tocantins (TO), Goi\u00e1s (GO), Santa Catarina (SC), Paran\u00e1 (PR), Rio Grande do Sul (RS), Minas Gerais (MG), S\u00e3o Paulo (SP), Rio de Janeiro (RJ) e Esp\u00edrito Santo (ES). Est\u00e3o sendo desenvolvidas estrat\u00e9gias de conserva\u00e7\u00e3o em 24 territ\u00f3rios, totalizando 9 milh\u00f5es de hectares.<\/p>\n\n\n\n<p>O Brasil conta com um extenso cat\u00e1logo de esp\u00e9cies de fauna e flora. Em rela\u00e7\u00e3o \u00e0 fauna, s\u00e3o mais de 100 mil invertebrados e quase 9 mil vertebrados; na flora, mais de 46 mil esp\u00e9cies. Como consequ\u00eancia das atividades humanas que interferem a conserva\u00e7\u00e3o do meio ambiente, atualmente 2.113 plantas e&nbsp;1.173 animais recebem a classifica\u00e7\u00e3o Criticamente em Perigo.<\/p>\n\n\n\n<p><strong>Esp\u00e9cies encontradas:<\/strong><\/p>\n\n\n\n<p><em>Galianthe souzae<\/em>&nbsp;\u2013 coletadas amostras e realizada contagem em popula\u00e7\u00e3o j\u00e1 conhecida no Morro dos Cristais.<\/p>\n\n\n\n<p><em>Serjania hatschbachii&nbsp;<\/em>\u2013 reencontrada e coletada na localidade onde originalmente foi descoberta (Vale do Ribeira).<\/p>\n\n\n\n<p><em>Mimosa strobiliflora Burkart<\/em>&nbsp;\u2013 contado n\u00famero em popula\u00e7\u00e3o j\u00e1 conhecida (Lapa), procurada em remanescentes potenciais, mas n\u00e3o encontrada.<\/p>\n\n\n\n<p><strong>Esp\u00e9cies com chance de ter sido encontrada:<\/strong><\/p>\n\n\n\n<p><em>Butia pubispatha<\/em>&nbsp;\u2013 coletados dois indiv\u00edduos com identifica\u00e7\u00e3o ainda a ser confirmada em nova localidade (PE Vale do Cod\u00f3).<\/p>\n\n\n\n<p>Foto: Sedest<\/p>\n","protected":false},"excerpt":{"rendered":"<p>A expedi\u00e7\u00e3o de campo para o registro de esp\u00e9cies de flora amea\u00e7adas de extin\u00e7\u00e3o do Territ\u00f3rio Caminho das Tropas Paran\u00e1-S\u00e3o Paulo, encerrada nesta semana, divulgou os primeiros resultados e achados. A atividade faz parte das a\u00e7\u00f5es do Plano de A\u00e7\u00e3o Territorial \u2013 PAT Caminho das Tropas Paran\u00e1 \u2013 S\u00e3o Paulo que foi institu\u00eddo pela Resolu\u00e7\u00e3o [&hellip;]<\/p>\n","protected":false},"author":2,"featured_media":15592,"comment_status":"open","ping_status":"open","sticky":false,"template":"","format":"standard","meta":{"om_disable_all_campaigns":false,"_monsterinsights_skip_tracking":false,"_monsterinsights_sitenote_active":false,"_monsterinsights_sitenote_note":"","_monsterinsights_sitenote_category":0,"footnotes":""},"categories":[18],"tags":[],"class_list":["post-15591","post","type-post","status-publish","format-standard","has-post-thumbnail","hentry","category-parana"],"_links":{"self":[{"href":"https:\/\/acontecenafronteira.com.br\/index.php\/wp-json\/wp\/v2\/posts\/15591","targetHints":{"allow":["GET"]}}],"collection":[{"href":"https:\/\/acontecenafronteira.com.br\/index.php\/wp-json\/wp\/v2\/posts"}],"about":[{"href":"https:\/\/acontecenafronteira.com.br\/index.php\/wp-json\/wp\/v2\/types\/post"}],"author":[{"embeddable":true,"href":"https:\/\/acontecenafronteira.com.br\/index.php\/wp-json\/wp\/v2\/users\/2"}],"replies":[{"embeddable":true,"href":"https:\/\/acontecenafronteira.com.br\/index.php\/wp-json\/wp\/v2\/comments?post=15591"}],"version-history":[{"count":1,"href":"https:\/\/acontecenafronteira.com.br\/index.php\/wp-json\/wp\/v2\/posts\/15591\/revisions"}],"predecessor-version":[{"id":15593,"href":"https:\/\/acontecenafronteira.com.br\/index.php\/wp-json\/wp\/v2\/posts\/15591\/revisions\/15593"}],"wp:featuredmedia":[{"embeddable":true,"href":"https:\/\/acontecenafronteira.com.br\/index.php\/wp-json\/wp\/v2\/media\/15592"}],"wp:attachment":[{"href":"https:\/\/acontecenafronteira.com.br\/index.php\/wp-json\/wp\/v2\/media?parent=15591"}],"wp:term":[{"taxonomy":"category","embeddable":true,"href":"https:\/\/acontecenafronteira.com.br\/index.php\/wp-json\/wp\/v2\/categories?post=15591"},{"taxonomy":"post_tag","embeddable":true,"href":"https:\/\/acontecenafronteira.com.br\/index.php\/wp-json\/wp\/v2\/tags?post=15591"}],"curies":[{"name":"wp","href":"https:\/\/api.w.org\/{rel}","templated":true}]}}