{"id":15563,"date":"2023-02-15T10:50:49","date_gmt":"2023-02-15T13:50:49","guid":{"rendered":"https:\/\/acontecenafronteira.com.br\/?p=15563"},"modified":"2023-02-15T10:50:49","modified_gmt":"2023-02-15T13:50:49","slug":"com-shows-e-cinema-na-rua-turistas-e-moradores-do-litoral-tiveram-temporada-cultural","status":"publish","type":"post","link":"https:\/\/acontecenafronteira.com.br\/index.php\/2023\/02\/15\/com-shows-e-cinema-na-rua-turistas-e-moradores-do-litoral-tiveram-temporada-cultural\/","title":{"rendered":"Com shows e cinema na rua, turistas e moradores do Litoral tiveram temporada cultural"},"content":{"rendered":"\n<p><strong><em>Ara Ketu,\u00a0Leonardo, Santiago, Eduardo Costa, Samb\u00f4, Trio Parada Dura, C\u00e9sar Menotti &amp; Fabiano, Fernando &amp; Sorocaba, Maria Cec\u00edlia &amp; Rodolfo, Jeann\u00a0&amp; Julio,\u00a0Antony &amp; Gabriel, Edson &amp; Hudson, Jo\u00e3o Bosco &amp; Vinicius, Bruno &amp; Barretto, George Henrique &amp; Rodrigo, Sempre Tem, Dell Cavalini,\u00a0Quinteto S.A., Alem\u00e3o do Forr\u00f3, &#8220;O Poderoso Chefinho 2&#8221; e &#8220;Os Croods 2&#8221;. <\/em><\/strong><\/p>\n\n\n\n<p>Duas pessoas n\u00e3o conseguem contar com os dedos das m\u00e3os a quantidade de atra\u00e7\u00f5es culturais que o Governo do Estado levou ao Ver\u00e3o Maior Paran\u00e1 em 2023.<\/p>\n\n\n\n<p>Nas praias de Caiob\u00e1, em Matinhos, e Marisol, em Pontal do Paran\u00e1, as atra\u00e7\u00f5es ficaram com as duplas sertanejas e as estrelas do pagode e do samba. Com apoio da Renault do Brasil, foram&nbsp;seis semanas de apresenta\u00e7\u00f5es com praias lotadas, nenhum incidente de seguran\u00e7a, e atra\u00e7\u00f5es para todos os gostos, com direito a apresenta\u00e7\u00f5es de artistas locais nas pr\u00e9vias.&nbsp;<\/p>\n\n\n\n<p>Teve de tudo: Ara Ketu cantando &#8220;Pipoca&#8221; na chuva,&nbsp;C\u00e9sar Menotti &amp; Fabiano tocando para uma multid\u00e3o de f\u00e3s,&nbsp;Fernando &amp; Sorocaba transformando as praias&nbsp;em fazendas com hits de sucesso,&nbsp;Trio Parada Dura emocionando as gera\u00e7\u00f5es com cabelo branco,&nbsp;p\u00fablico sambando no palco com o Sempre Tem, fotos nos camarins, trio el\u00e9trico chamando o p\u00fablico, show de luzes com as lanternas dos celulares, paranaenses emocionados e comerciantes felizes com o p\u00fablico.<\/p>\n\n\n\n<p>Todas as apresenta\u00e7\u00f5es contaram com anima\u00e7\u00e3o de palco e a estrutura necess\u00e1ria para garantir a divers\u00e3o de milhares de pessoas.<\/p>\n\n\n\n<p>&#8220;Foi o maior Ver\u00e3o Paran\u00e1 da nossa hist\u00f3ria. Nos planejamos ao longo de um ano inteiro e conseguimos levar aos turistas e moradores do Litoral duas dezenas de shows gratuitos com atra\u00e7\u00f5es nacionais com proje\u00e7\u00e3o internacional. E todos foram un\u00e2nimes nos elogios ao p\u00fablico. Foram seis finais de semana entre o Ano Novo e o Carnaval com programa\u00e7\u00e3o intensa e que vai ficar guardada na mem\u00f3ria&#8221;, afirmou Elaine\u00a0Pereira Almeida, uma das coordenadoras do projeto.<\/p>\n\n\n\n<p><strong>CINEMA NA PRA\u00c7A&nbsp;<\/strong>\u2013 O projeto Cinema na Pra\u00e7a, que leva sess\u00f5es gratuitas de filmes \u00e0 popula\u00e7\u00e3o de pequenos munic\u00edpios desde 2019, terminou a programa\u00e7\u00e3o de ver\u00e3o, que come\u00e7ou no dia 04 de janeiro, no \u00faltimo domingo (12), em Matinhos, com&nbsp;um p\u00fablico total de cerca de 5,5 mil pessoas sentadas.&nbsp;Foram realizadas 36 sess\u00f5es nos munic\u00edpios de Guaratuba, Matinhos, Pontal do Paran\u00e1, Paranagu\u00e1, Morretes e Antonina.<\/p>\n\n\n\n<p>A temporada 2022\/23 iniciou o trajeto em Jataizinho, no Norte do Estado, no dia 7 de outubro, percorrendo 54 munic\u00edpios entre Interior e Litoral, alcan\u00e7ando&nbsp;um p\u00fablico de 32.775 pessoas sentadas.&nbsp;<\/p>\n\n\n\n<p>No Interior, as cidades que receberam a programa\u00e7\u00e3o foram: Alto Para\u00edso, Alto Piquiri, Andir\u00e1, \u00c2ngulo, Araruna, Atalaia, Bela Vista do Para\u00edso, Boa Esperan\u00e7a, Boa Ventura de S\u00e3o Roque, Brasil\u00e2ndia do Sul, Cambira, Campina do Sim\u00e3o, Cand\u00f3i, Colorado, Florest\u00f3polis, Goioer\u00ea, Ipor\u00e3, Iretama, Itaguaj\u00e9, Jandaia do Sul, Japur\u00e1, Jardim Olinda, Jataizinho, Laranjal, Laranjeiras do Sul, Lidian\u00f3polis, Lobato, Lunardelli, Mambor\u00ea, Mandagua\u00e7u, Maril\u00e2ndia do Sul, Mariluz, Moreira Sales, Nova Laranjeiras, Ourizona, Peabiru, Prado Ferreira, Primeiro de Maio, Quer\u00eancia do Norte, Reserva do Igua\u00e7u, Rondon, Santa Cruz de Monte Castelo, Santo Ant\u00f4nio do Caiu\u00e1, S\u00e3o Jorge do Patroc\u00ednio, S\u00e3o Pedro do Paran\u00e1, S\u00e3o Sebasti\u00e3o da Amoreira, Sertan\u00f3polis, Terra Boa e Wenceslau Braz.&nbsp;<\/p>\n\n\n\n<p>Os filmes da temporada foram \u201cO Poderoso Chefinho 2 \u2013 Neg\u00f3cios da Fam\u00edlia\u201d e \u201cOs Croods 2 \u2013 Uma Nova Era\u201d, sempre exibidos \u00e0s 19 horas e 21 horas, respectivamente.&nbsp;Os filmes s\u00e3o concedidos pela Motion Picture Association of America \u2013 associa\u00e7\u00e3o comercial americana que representa os principais est\u00fadios cinematogr\u00e1ficos de Hollywood. A programa\u00e7\u00e3o conta com acessibilidade, disponibilizando as primeiras fileiras para pessoas com defici\u00eancia, idosos e gestantes. Todos os filmes t\u00eam classifica\u00e7\u00e3o livre para que todas as fam\u00edlias tenham acesso \u00e0 iniciativa.<\/p>\n\n\n\n<p>O Cinema na Pra\u00e7a \u00e9 um projeto do Governo do Estado do Paran\u00e1 executado pela Secretaria de Estado da Cultura (SEEC) e Casa Civil \u2013 Governadoria. Esta edi\u00e7\u00e3o do programa contou com a parceria da Renault do Brasil. O objetivo \u00e9 levar o entretenimento do cinema e proporcionar o acesso \u00e0 cultura de forma gratuita para espectadores de munic\u00edpios do interior do Paran\u00e1 que n\u00e3o possuem salas de exibi\u00e7\u00e3o. Uma carreta com um grande tel\u00e3o de LED percorre cidades do Paran\u00e1 com at\u00e9 30 mil habitantes.<\/p>\n\n\n\n<p>Agora, o Cinema na Pra\u00e7a segue para curta temporada nos bairros da Capital, como forma de uma homenagem do Governo do Estado ao anivers\u00e1rio de 330 anos de Curitiba. Moradores e moradoras da Cidade Industrial, Tatuquara, S\u00edtio Cercado, Cajuru e Boqueir\u00e3o poder\u00e3o assistir gratuitamente aos filmes.<\/p>\n\n\n\n<p>Foto: Leonardo F. Sguarezi\/SECOM e Gilson Abreu\/AEN<\/p>\n","protected":false},"excerpt":{"rendered":"<p>Ara Ketu,\u00a0Leonardo, Santiago, Eduardo Costa, Samb\u00f4, Trio Parada Dura, C\u00e9sar Menotti &amp; Fabiano, Fernando &amp; Sorocaba, Maria Cec\u00edlia &amp; Rodolfo, Jeann\u00a0&amp; Julio,\u00a0Antony &amp; Gabriel, Edson &amp; Hudson, Jo\u00e3o Bosco &amp; Vinicius, Bruno &amp; Barretto, George Henrique &amp; Rodrigo, Sempre Tem, Dell Cavalini,\u00a0Quinteto S.A., Alem\u00e3o do Forr\u00f3, &#8220;O Poderoso Chefinho 2&#8221; e &#8220;Os Croods 2&#8221;. Duas [&hellip;]<\/p>\n","protected":false},"author":2,"featured_media":15564,"comment_status":"open","ping_status":"open","sticky":false,"template":"","format":"standard","meta":{"om_disable_all_campaigns":false,"_monsterinsights_skip_tracking":false,"_monsterinsights_sitenote_active":false,"_monsterinsights_sitenote_note":"","_monsterinsights_sitenote_category":0,"footnotes":""},"categories":[13],"tags":[],"class_list":["post-15563","post","type-post","status-publish","format-standard","has-post-thumbnail","hentry","category-entretenimento"],"_links":{"self":[{"href":"https:\/\/acontecenafronteira.com.br\/index.php\/wp-json\/wp\/v2\/posts\/15563","targetHints":{"allow":["GET"]}}],"collection":[{"href":"https:\/\/acontecenafronteira.com.br\/index.php\/wp-json\/wp\/v2\/posts"}],"about":[{"href":"https:\/\/acontecenafronteira.com.br\/index.php\/wp-json\/wp\/v2\/types\/post"}],"author":[{"embeddable":true,"href":"https:\/\/acontecenafronteira.com.br\/index.php\/wp-json\/wp\/v2\/users\/2"}],"replies":[{"embeddable":true,"href":"https:\/\/acontecenafronteira.com.br\/index.php\/wp-json\/wp\/v2\/comments?post=15563"}],"version-history":[{"count":1,"href":"https:\/\/acontecenafronteira.com.br\/index.php\/wp-json\/wp\/v2\/posts\/15563\/revisions"}],"predecessor-version":[{"id":15565,"href":"https:\/\/acontecenafronteira.com.br\/index.php\/wp-json\/wp\/v2\/posts\/15563\/revisions\/15565"}],"wp:featuredmedia":[{"embeddable":true,"href":"https:\/\/acontecenafronteira.com.br\/index.php\/wp-json\/wp\/v2\/media\/15564"}],"wp:attachment":[{"href":"https:\/\/acontecenafronteira.com.br\/index.php\/wp-json\/wp\/v2\/media?parent=15563"}],"wp:term":[{"taxonomy":"category","embeddable":true,"href":"https:\/\/acontecenafronteira.com.br\/index.php\/wp-json\/wp\/v2\/categories?post=15563"},{"taxonomy":"post_tag","embeddable":true,"href":"https:\/\/acontecenafronteira.com.br\/index.php\/wp-json\/wp\/v2\/tags?post=15563"}],"curies":[{"name":"wp","href":"https:\/\/api.w.org\/{rel}","templated":true}]}}