{"id":15020,"date":"2022-12-21T12:01:16","date_gmt":"2022-12-21T15:01:16","guid":{"rendered":"https:\/\/acontecenafronteira.com.br\/?p=15020"},"modified":"2022-12-21T12:01:16","modified_gmt":"2022-12-21T15:01:16","slug":"colonias-de-ferias-comecam-no-dia-17-de-janeiro-nos-centros-de-convivencia","status":"publish","type":"post","link":"https:\/\/acontecenafronteira.com.br\/index.php\/2022\/12\/21\/colonias-de-ferias-comecam-no-dia-17-de-janeiro-nos-centros-de-convivencia\/","title":{"rendered":"Col\u00f4nias de F\u00e9rias come\u00e7am no dia 17 de janeiro nos Centros de Conviv\u00eancia"},"content":{"rendered":"\n<p><strong><em>Atividades esportivas, recreativas e culturais ser\u00e3o ofertadas at\u00e9 o dia 27, das 13h30 \u00e0s 17h30. Inscri\u00e7\u00f5es ser\u00e3o abertas no dia 16 de janeiro<\/em><\/strong><\/p>\n\n\n\n<p>Come\u00e7am no dia 17 e seguem at\u00e9 27 de janeiro as col\u00f4nias de f\u00e9rias nos seis Centros de Conviv\u00eancia Escola Bairro de Foz do Igua\u00e7u. Promovidas pela Secretaria Municipal da Educa\u00e7\u00e3o, as atividades acontecer\u00e3o sempre das 13h30 \u00e0s 17h30 e s\u00e3o voltadas para crian\u00e7as de 6 a 12 anos. Ser\u00e3o ofertadas 130 vagas para cada local, atendendo quase 800 estudantes.<\/p>\n\n\n\n<p>As inscri\u00e7\u00f5es poder\u00e3o ser feitas no dia 16 de janeiro das 8h \u00e0s 12h e das 13h30 \u00e0s 17h30 nos pr\u00f3prios centros de conviv\u00eancia: Arnaldo Isidoro de Lima (Vila C), Cl\u00f3vis Cunha Vianna (Lagoa Dourada); Darci Zanatta (Morumbi); \u00c9rico Ver\u00edssimo (Jd. S\u00e3o Paulo); Francisco Buba (Porto Meira) e Leonel de Moura Brizola (Tr\u00eas Lagoas). O respons\u00e1vel dever\u00e1 apresentar os documentos pessoais da crian\u00e7a para a inscri\u00e7\u00e3o.<\/p>\n\n\n\n<p>\u201cAs vagas s\u00e3o ofertadas para todas as crian\u00e7as entre 6 a 12 anos, independente se estuda ou n\u00e3o na rede municipal\u201d, afirma o coordenador dos centros de conviv\u00eancia, Carlos Eduardo Rodrigues. De acordo com ele, a programa\u00e7\u00e3o est\u00e1 sendo organizada para envolver os pequenos com atividades na piscina, gincanas, m\u00fasica e dan\u00e7a. \u201cTeremos ainda jogos de tabuleiro, futebol, teatro, circo, queimada e a tradicional lona com sab\u00e3o, uma das brincadeiras preferidas das crian\u00e7as\u201d.<\/p>\n\n\n\n<p>Todas as atividades ser\u00e3o monitoradas por t\u00e9cnicos desportivos, professores da rede municipal de ensino e arte educadores da Funda\u00e7\u00e3o Cultural. As crian\u00e7as tamb\u00e9m receber\u00e3o lanches especiais para recarregar as energias.<\/p>\n\n\n\n<p><strong>Retomada<\/strong><\/p>\n\n\n\n<p>As col\u00f4nias de f\u00e9rias ficaram suspensas em 2021 por devido \u00e0 pandemia da Covid-19. A expectativa para esta retomada \u00e9 a melhor poss\u00edvel. \u201cEstamos felizes com essa retomada, que com certeza ser\u00e1 marcada pela alegria das crian\u00e7as. Sabemos o quanto as atividades s\u00e3o especiais para elas e tamb\u00e9m porque auxiliam os pais neste per\u00edodo de f\u00e9rias\u201d, disse a secret\u00e1ria da educa\u00e7\u00e3o, Maria Justina da Silva.<\/p>\n\n\n\n<p><strong>Inscri\u00e7\u00f5es: Dia 16\/01 das 8h \u00e0s 12h.<\/strong><\/p>\n\n\n\n<ul class=\"wp-block-list\">\n<li>Centro de Conviv\u00eancia Arnaldo Isidoro de Lima<\/li>\n<\/ul>\n\n\n\n<p><strong>Endere\u00e7o: Rua D, 520, Vila C.<\/strong><\/p>\n\n\n\n<ul class=\"wp-block-list\">\n<li>Centro de Conviv\u00eancia Cl\u00f3vis Cunha Vianna<\/li>\n<\/ul>\n\n\n\n<p><strong>Endere\u00e7o: R. J\u00falio Brecher &#8211; Lagoa Dourada.<\/strong><\/p>\n\n\n\n<ul class=\"wp-block-list\">\n<li>Centro de Conviv\u00eancia Darci Zanatta<\/li>\n<\/ul>\n\n\n\n<p><strong>R. Pomp\u00e9u de Tol\u00eado, 773, Morumbi I.<\/strong><\/p>\n\n\n\n<ul class=\"wp-block-list\">\n<li>Centro de Conviv\u00eancia \u00c9rico Ver\u00edssimo<\/li>\n<\/ul>\n\n\n\n<p><strong>Endere\u00e7o: R. Jorge Sanwais, 4375 &#8211; Jardim S\u00e3o Paulo.<\/strong><\/p>\n","protected":false},"excerpt":{"rendered":"<p>Atividades esportivas, recreativas e culturais ser\u00e3o ofertadas at\u00e9 o dia 27, das 13h30 \u00e0s 17h30. Inscri\u00e7\u00f5es ser\u00e3o abertas no dia 16 de janeiro Come\u00e7am no dia 17 e seguem at\u00e9 27 de janeiro as col\u00f4nias de f\u00e9rias nos seis Centros de Conviv\u00eancia Escola Bairro de Foz do Igua\u00e7u. Promovidas pela Secretaria Municipal da Educa\u00e7\u00e3o, as [&hellip;]<\/p>\n","protected":false},"author":2,"featured_media":15021,"comment_status":"open","ping_status":"open","sticky":false,"template":"","format":"standard","meta":{"om_disable_all_campaigns":false,"_monsterinsights_skip_tracking":false,"_monsterinsights_sitenote_active":false,"_monsterinsights_sitenote_note":"","_monsterinsights_sitenote_category":0,"footnotes":""},"categories":[13],"tags":[],"class_list":["post-15020","post","type-post","status-publish","format-standard","has-post-thumbnail","hentry","category-entretenimento"],"_links":{"self":[{"href":"https:\/\/acontecenafronteira.com.br\/index.php\/wp-json\/wp\/v2\/posts\/15020","targetHints":{"allow":["GET"]}}],"collection":[{"href":"https:\/\/acontecenafronteira.com.br\/index.php\/wp-json\/wp\/v2\/posts"}],"about":[{"href":"https:\/\/acontecenafronteira.com.br\/index.php\/wp-json\/wp\/v2\/types\/post"}],"author":[{"embeddable":true,"href":"https:\/\/acontecenafronteira.com.br\/index.php\/wp-json\/wp\/v2\/users\/2"}],"replies":[{"embeddable":true,"href":"https:\/\/acontecenafronteira.com.br\/index.php\/wp-json\/wp\/v2\/comments?post=15020"}],"version-history":[{"count":1,"href":"https:\/\/acontecenafronteira.com.br\/index.php\/wp-json\/wp\/v2\/posts\/15020\/revisions"}],"predecessor-version":[{"id":15022,"href":"https:\/\/acontecenafronteira.com.br\/index.php\/wp-json\/wp\/v2\/posts\/15020\/revisions\/15022"}],"wp:featuredmedia":[{"embeddable":true,"href":"https:\/\/acontecenafronteira.com.br\/index.php\/wp-json\/wp\/v2\/media\/15021"}],"wp:attachment":[{"href":"https:\/\/acontecenafronteira.com.br\/index.php\/wp-json\/wp\/v2\/media?parent=15020"}],"wp:term":[{"taxonomy":"category","embeddable":true,"href":"https:\/\/acontecenafronteira.com.br\/index.php\/wp-json\/wp\/v2\/categories?post=15020"},{"taxonomy":"post_tag","embeddable":true,"href":"https:\/\/acontecenafronteira.com.br\/index.php\/wp-json\/wp\/v2\/tags?post=15020"}],"curies":[{"name":"wp","href":"https:\/\/api.w.org\/{rel}","templated":true}]}}