{"id":15013,"date":"2022-12-21T11:44:01","date_gmt":"2022-12-21T14:44:01","guid":{"rendered":"https:\/\/acontecenafronteira.com.br\/?p=15013"},"modified":"2022-12-21T11:44:02","modified_gmt":"2022-12-21T14:44:02","slug":"pm-utiliza-viatura-inteligente-com-quatro-cameras-para-identificar-placas-e-pessoas","status":"publish","type":"post","link":"https:\/\/acontecenafronteira.com.br\/index.php\/2022\/12\/21\/pm-utiliza-viatura-inteligente-com-quatro-cameras-para-identificar-placas-e-pessoas\/","title":{"rendered":"PM utiliza \u201cviatura inteligente\u201d com quatro c\u00e2meras para identificar placas e pessoas"},"content":{"rendered":"\n<p><strong><em>A Pol\u00edcia Militar do Paran\u00e1 (PMPR) passou a utilizar neste fim de ano mais um aparato tecnol\u00f3gico contra a criminalidade: a\u00a0\u201cviatura inteligente\u201d. <\/em><\/strong><\/p>\n\n\n\n<p>Ela \u00e9 equipada com c\u00e2meras que t\u00eam capacidade de identificar placas de ve\u00edculos e reconhecimento facial.\u00a0Os equipamentos foram instalados em uma viatura pr\u00f3pria da PMPR que est\u00e1 circulando na Capital, em modelo de teste, e vai participar das a\u00e7\u00f5es no Litoral durante o\u00a0Ver\u00e3o Maior Paran\u00e1.<\/p>\n\n\n\n<p>O ve\u00edculo tem quatro c\u00e2meras de monitoramento, sendo duas laterais, uma frontal e outra 360\u00ba graus. O sistema das c\u00e2meras consegue acessar informa\u00e7\u00f5es dos ve\u00edculos e das pessoas filmadas, como idade, caracter\u00edsticas f\u00edsicas e alerta de foragido da justi\u00e7a. Al\u00e9m disso, contabiliza a quantidade de pessoas e ve\u00edculos identificados durante a atividade policial.<\/p>\n\n\n\n<p>As viaturas receberam um chip para acesso \u00e0 rede, possibilitando o envio das informa\u00e7\u00f5es coletadas para a central instalada em um setor da Diretoria de Desenvolvimento, Tecnologia e Qualidade (DDTQ) da PMPR, que far\u00e1 a leitura do banco de dados e transmitir\u00e1 o alerta em caso de identifica\u00e7\u00e3o de irregularidades nos ve\u00edculos ou mandados contra as pessoas identificadas.<\/p>\n\n\n\n<p>O comandante-geral da PMPR, coronel Hudson Le\u00f4ncio Teixeira, disse que desde o ano passado a corpora\u00e7\u00e3o estava procurando equipamentos e tecnologias que sejam eficientes e, ao mesmo tempo, compat\u00edveis com a atua\u00e7\u00e3o da PM. \u201cA viatura inteligente, com monitoramento de pessoas e ve\u00edculos, \u00e9 algo que buscamos h\u00e1 bastante tempo e que vai nos auxiliar muito. A tecnologia tem que ser uma aliada no combate ao crime\u201d, afirmou.<\/p>\n\n\n\n<ul class=\"wp-block-list\">\n<li><strong><a href=\"https:\/\/www.aen.pr.gov.br\/Noticia\/PMPR-apresenta-diciclos-e-buggys-que-serao-utilizados-no-Verao-Maior-Parana\" target=\"_blank\" rel=\"noreferrer noopener\">PMPR apresenta diciclos e &#8220;buggys&#8221; que ser\u00e3o utilizados no Ver\u00e3o Maior Paran\u00e1<\/a><\/strong><\/li>\n<\/ul>\n\n\n\n<p>O diretor de Tecnologia da Pol\u00edcia Militar, coronel Valmor Anderson Pereira, disse que haver\u00e1 integra\u00e7\u00e3o das c\u00e2meras com o banco de dados de outros \u00f3rg\u00e3os de tr\u00e2nsito e de seguran\u00e7a para auxiliar na identifica\u00e7\u00e3o de suspeitos.<\/p>\n\n\n\n<p>\u201cN\u00f3s faremos os testes com a viatura durante a temporada de ver\u00e3o e, a partir da\u00ed, j\u00e1 avaliar a possibilidade de aquisi\u00e7\u00e3o desses equipamentos para incorporarem de vez o trabalho da PMPR nas outras viaturas\u201d, explicou. \u201cA possibilidade da leitura de placas e de reconhecimento facial, a partir da inser\u00e7\u00e3o de banco de dados do Detran e dos \u00f3rg\u00e3os de seguran\u00e7a, inclusive municipais, far\u00e1 com que o policial saiba quem abordar e possa definir antecipadamente de que forma vai agir, levando mais seguran\u00e7a para a popula\u00e7\u00e3o\u201d.<\/p>\n\n\n\n<ul class=\"wp-block-list\">\n<li><strong><a href=\"https:\/\/www.aen.pr.gov.br\/Noticia\/Nova-aeronave-reforca-frota-para-ampliar-operacoes-de-seguranca-e-saude-no-Estado\" target=\"_blank\" rel=\"noreferrer noopener\">Nova aeronave refor\u00e7a frota para ampliar opera\u00e7\u00f5es de seguran\u00e7a e sa\u00fade no Estado<\/a><\/strong><\/li>\n\n\n\n<li><strong><a href=\"https:\/\/www.aen.pr.gov.br\/Noticia\/Verao-Maior-Parana-tera-shows-esporte-lazer-e-reforco-na-seguranca-do-Litoral-e-Interior\" target=\"_blank\" rel=\"noreferrer noopener\">Ver\u00e3o Maior Paran\u00e1 ter\u00e1 shows, esporte, lazer e refor\u00e7o na seguran\u00e7a do Litoral e Interior<\/a><\/strong><\/li>\n<\/ul>\n\n\n\n<p><strong>OLHO VIVO<\/strong>&nbsp;\u2013 A expectativa \u00e9 que os equipamentos, se aprovados nos testes, sejam adquiridos futuramente para expans\u00e3o do&nbsp;<strong><a href=\"https:\/\/www.aen.pr.gov.br\/Noticia\/Com-os-projetos-Falcao-e-Olho-Vivo-Parana-amplia-e-moderniza-sistemas-de-seguranca-publica\" target=\"_blank\" rel=\"noreferrer noopener\">projeto Olho Vivo<\/a><\/strong>, criado pelo Governo do Paran\u00e1 por meio da Secretaria de Seguran\u00e7a P\u00fablica (Sesp). O projeto conta com sistema de c\u00e2meras integradas, que auxiliam no andamento dos trabalhos das for\u00e7as de seguran\u00e7a do Estado.<\/p>\n\n\n\n<p>Atualmente, mais de 3 mil c\u00e2meras j\u00e1 est\u00e3o ligadas ao Centro Integrado de Comando e Controle Regional (CICCR) da Sesp. Elas s\u00e3o pr\u00f3prias do Estado ou provenientes de conv\u00eanios com os munic\u00edpios e de parcerias com outras redes federais. A tecnologia permite o reconhecimento facial para a identifica\u00e7\u00e3o de pessoas suspeitas e a leitura da placa de ve\u00edculos, facilitando a busca por carros com indicativo de furto ou roubo.<\/p>\n\n\n\n<figure class=\"wp-block-image size-large\"><img loading=\"lazy\" decoding=\"async\" width=\"1024\" height=\"682\" src=\"https:\/\/acontecenafronteira.com.br\/wp-content\/uploads\/2022\/12\/whatsapp_image_2022-12-20_at_10.30.24-1024x682.jpg?v=1671633740\" alt=\"\" class=\"wp-image-15014\" srcset=\"https:\/\/acontecenafronteira.com.br\/wp-content\/uploads\/2022\/12\/whatsapp_image_2022-12-20_at_10.30.24-1024x682.jpg?v=1671633740 1024w, https:\/\/acontecenafronteira.com.br\/wp-content\/uploads\/2022\/12\/whatsapp_image_2022-12-20_at_10.30.24-300x200.jpg?v=1671633740 300w, https:\/\/acontecenafronteira.com.br\/wp-content\/uploads\/2022\/12\/whatsapp_image_2022-12-20_at_10.30.24-768x512.jpg?v=1671633740 768w, https:\/\/acontecenafronteira.com.br\/wp-content\/uploads\/2022\/12\/whatsapp_image_2022-12-20_at_10.30.24.jpg?v=1671633740 1280w\" sizes=\"auto, (max-width: 1024px) 100vw, 1024px\" \/><\/figure>\n\n\n\n<p>Fotos: PMPR<\/p>\n","protected":false},"excerpt":{"rendered":"<p>A Pol\u00edcia Militar do Paran\u00e1 (PMPR) passou a utilizar neste fim de ano mais um aparato tecnol\u00f3gico contra a criminalidade: a\u00a0\u201cviatura inteligente\u201d. Ela \u00e9 equipada com c\u00e2meras que t\u00eam capacidade de identificar placas de ve\u00edculos e reconhecimento facial.\u00a0Os equipamentos foram instalados em uma viatura pr\u00f3pria da PMPR que est\u00e1 circulando na Capital, em modelo de [&hellip;]<\/p>\n","protected":false},"author":2,"featured_media":15015,"comment_status":"open","ping_status":"open","sticky":false,"template":"","format":"standard","meta":{"om_disable_all_campaigns":false,"_monsterinsights_skip_tracking":false,"_monsterinsights_sitenote_active":false,"_monsterinsights_sitenote_note":"","_monsterinsights_sitenote_category":0,"footnotes":""},"categories":[5],"tags":[],"class_list":["post-15013","post","type-post","status-publish","format-standard","has-post-thumbnail","hentry","category-policia"],"_links":{"self":[{"href":"https:\/\/acontecenafronteira.com.br\/index.php\/wp-json\/wp\/v2\/posts\/15013","targetHints":{"allow":["GET"]}}],"collection":[{"href":"https:\/\/acontecenafronteira.com.br\/index.php\/wp-json\/wp\/v2\/posts"}],"about":[{"href":"https:\/\/acontecenafronteira.com.br\/index.php\/wp-json\/wp\/v2\/types\/post"}],"author":[{"embeddable":true,"href":"https:\/\/acontecenafronteira.com.br\/index.php\/wp-json\/wp\/v2\/users\/2"}],"replies":[{"embeddable":true,"href":"https:\/\/acontecenafronteira.com.br\/index.php\/wp-json\/wp\/v2\/comments?post=15013"}],"version-history":[{"count":1,"href":"https:\/\/acontecenafronteira.com.br\/index.php\/wp-json\/wp\/v2\/posts\/15013\/revisions"}],"predecessor-version":[{"id":15016,"href":"https:\/\/acontecenafronteira.com.br\/index.php\/wp-json\/wp\/v2\/posts\/15013\/revisions\/15016"}],"wp:featuredmedia":[{"embeddable":true,"href":"https:\/\/acontecenafronteira.com.br\/index.php\/wp-json\/wp\/v2\/media\/15015"}],"wp:attachment":[{"href":"https:\/\/acontecenafronteira.com.br\/index.php\/wp-json\/wp\/v2\/media?parent=15013"}],"wp:term":[{"taxonomy":"category","embeddable":true,"href":"https:\/\/acontecenafronteira.com.br\/index.php\/wp-json\/wp\/v2\/categories?post=15013"},{"taxonomy":"post_tag","embeddable":true,"href":"https:\/\/acontecenafronteira.com.br\/index.php\/wp-json\/wp\/v2\/tags?post=15013"}],"curies":[{"name":"wp","href":"https:\/\/api.w.org\/{rel}","templated":true}]}}