{"id":14743,"date":"2022-12-08T10:26:25","date_gmt":"2022-12-08T13:26:25","guid":{"rendered":"https:\/\/acontecenafronteira.com.br\/?p=14743"},"modified":"2022-12-08T10:26:26","modified_gmt":"2022-12-08T13:26:26","slug":"nova-variante-da-covid-e-baixa-procura-por-doses-de-reforco-preocupa-secretaria-da-saude","status":"publish","type":"post","link":"https:\/\/acontecenafronteira.com.br\/index.php\/2022\/12\/08\/nova-variante-da-covid-e-baixa-procura-por-doses-de-reforco-preocupa-secretaria-da-saude\/","title":{"rendered":"Nova variante da Covid e baixa procura por doses de refor\u00e7o preocupa Secretaria da Sa\u00fade"},"content":{"rendered":"\n<p class=\"wp-block-paragraph\"><strong><em>Mais de 70 mil igua\u00e7uenses acima de 18 anos ainda n\u00e3o tomaram a primeira dose de refor\u00e7o; entre os adolescentes, apenas 23% completou o esquema vacinal<\/em><\/strong><\/p>\n\n\n\n<p class=\"wp-block-paragraph\">A nova subvariante \u00d4micron BQ1 da Covid-19, o aumento de casos da doen\u00e7a nas \u00faltimas semanas e a baixa procura pelas doses de refor\u00e7o t\u00eam preocupado a Secretaria Municipal da Sa\u00fade de Foz do Igua\u00e7u. O alerta \u00e9 para que a popula\u00e7\u00e3o busque uma das 29 Unidades B\u00e1sicas de Sa\u00fade para completar o esquema vacinal.<\/p>\n\n\n\n<p class=\"wp-block-paragraph\">De acordo com a Vigil\u00e2ncia Epidemiol\u00f3gica, 71 mil pessoas acima de 18 anos ainda n\u00e3o receberam a primeira dose de refor\u00e7o (tamb\u00e9m chamada de 3\u00aa dose) e 80 mil j\u00e1 poderiam ter recebido a segunda dose de refor\u00e7o (4\u00aa dose).<\/p>\n\n\n\n<p class=\"wp-block-paragraph\">Outra grande preocupa\u00e7\u00e3o \u00e9 a baixa cobertura vacinal entre os adolescentes de 12 a 17 anos. Neste grupo, apenas 23% completou o esquema vacinal com as tr\u00eas doses. Entre as crian\u00e7as de at\u00e9 11 anos, apenas 42% recebeu a primeira dose e 29,3% as duas doses. Nesta faixa et\u00e1ria, o recomendado s\u00e3o apenas duas doses.<\/p>\n\n\n\n<p class=\"wp-block-paragraph\"><strong>Alerta<\/strong><\/p>\n\n\n\n<p class=\"wp-block-paragraph\">A secret\u00e1ria da sa\u00fade Jaqueline Tontini, refor\u00e7a o pedido para que a popula\u00e7\u00e3o complete o esquema vacinal. \u201cTemos visto que essa nova variante n\u00e3o causa casos graves em pessoas completamente vacinadas, o problema \u00e9 que apenas 63% da popula\u00e7\u00e3o recebeu a primeira dose de refor\u00e7o e somente 22% completou o esquema com as 4 doses. Ent\u00e3o, nosso apelo nesse momento \u00e9 para que as pessoas procurem as unidades de sa\u00fade\u201d, orientou.<\/p>\n\n\n\n<p class=\"wp-block-paragraph\">Nesta semana, Foz do Igua\u00e7u registrou 793 casos da Covid-19 e um \u00f3bito. O n\u00famero \u00e9 70% maior na compara\u00e7\u00e3o com a semana passada, quando foram registrados 466 casos.<\/p>\n\n\n\n<p class=\"wp-block-paragraph\">De acordo com a coordenadora do Programa de Imuniza\u00e7\u00e3o, Adriana Izuka, at\u00e9 o m\u00eas passado, a m\u00e9dia era de 800 aplica\u00e7\u00f5es por dia em todas as unidades de sa\u00fade e agora esse n\u00famero caiu para cerca de 300 aplica\u00e7\u00f5es\/dia nas 29 UBSs. \u201c\u00c9 importante destacar que a vacina \u00e9 a \u00fanica forma de preven\u00e7\u00e3o e prote\u00e7\u00e3o contra o v\u00edrus, e \u00e9 preciso garantir o esquema completo para que n\u00e3o surjam novas ondas de dissemina\u00e7\u00e3o do v\u00edrus\u201d, explica.<\/p>\n\n\n\n<p class=\"wp-block-paragraph\">Foto: Christian Rizzi\/PMFI<\/p>\n","protected":false},"excerpt":{"rendered":"<p>Mais de 70 mil igua\u00e7uenses acima de 18 anos ainda n\u00e3o tomaram a primeira dose de refor\u00e7o; entre os adolescentes, apenas 23% completou o esquema vacinal A nova subvariante \u00d4micron BQ1 da Covid-19, o aumento de casos da doen\u00e7a nas \u00faltimas semanas e a baixa procura pelas doses de refor\u00e7o t\u00eam preocupado a Secretaria Municipal [&hellip;]<\/p>\n","protected":false},"author":2,"featured_media":14744,"comment_status":"open","ping_status":"open","sticky":false,"template":"","format":"standard","meta":{"_monsterinsights_skip_tracking":false,"_uf_show_specific_survey":0,"_uf_disable_surveys":false,"footnotes":""},"categories":[7,10],"tags":[],"class_list":["post-14743","post","type-post","status-publish","format-standard","has-post-thumbnail","hentry","category-covid-19","category-saude"],"aioseo_notices":[],"aioseo_head":"\n\t\t<!-- All in One SEO 5.0.1.1 - aioseo.com -->\n\t<meta name=\"description\" content=\"Mais de 70 mil igua\u00e7uenses acima de 18 anos ainda n\u00e3o tomaram a primeira dose de refor\u00e7o; entre os adolescentes, apenas 23% completou o esquema vacinal A nova subvariante \u00d4micron BQ1 da Covid-19, o aumento de casos da doen\u00e7a nas \u00faltimas semanas e a baixa procura pelas doses de refor\u00e7o t\u00eam preocupado a Secretaria Municipal\" \/>\n\t<meta name=\"robots\" content=\"max-image-preview:large\" \/>\n\t<meta name=\"author\" content=\"Acontece\"\/>\n\t<link rel=\"canonical\" href=\"https:\/\/acontecenafronteira.com.br\/index.php\/2022\/12\/08\/nova-variante-da-covid-e-baixa-procura-por-doses-de-reforco-preocupa-secretaria-da-saude\/\" \/>\n\t<meta name=\"generator\" content=\"All in One SEO (AIOSEO) 5.0.1.1\" \/>\n\t\t<meta property=\"og:locale\" content=\"pt_PT\" \/>\n\t\t<meta property=\"og:site_name\" content=\"Acontece Na Fronteira - Noticias da Triplice Fronteira\" \/>\n\t\t<meta property=\"og:type\" content=\"article\" \/>\n\t\t<meta property=\"og:title\" content=\"Nova variante da Covid e baixa procura por doses de refor\u00e7o preocupa Secretaria da Sa\u00fade - Acontece Na Fronteira\" \/>\n\t\t<meta property=\"og:description\" content=\"Mais de 70 mil igua\u00e7uenses acima de 18 anos ainda n\u00e3o tomaram a primeira dose de refor\u00e7o; entre os adolescentes, apenas 23% completou o esquema vacinal A nova subvariante \u00d4micron BQ1 da Covid-19, o aumento de casos da doen\u00e7a nas \u00faltimas semanas e a baixa procura pelas doses de refor\u00e7o t\u00eam preocupado a Secretaria Municipal\" \/>\n\t\t<meta property=\"og:url\" content=\"https:\/\/acontecenafronteira.com.br\/index.php\/2022\/12\/08\/nova-variante-da-covid-e-baixa-procura-por-doses-de-reforco-preocupa-secretaria-da-saude\/\" \/>\n\t\t<meta property=\"og:image\" content=\"https:\/\/acontecenafronteira.com.br\/wp-content\/uploads\/2021\/11\/logo-acontece-1.jpg\" \/>\n\t\t<meta property=\"og:image:secure_url\" content=\"https:\/\/acontecenafronteira.com.br\/wp-content\/uploads\/2021\/11\/logo-acontece-1.jpg\" \/>\n\t\t<meta property=\"article:published_time\" content=\"2022-12-08T13:26:25+00:00\" \/>\n\t\t<meta property=\"article:modified_time\" content=\"2022-12-08T13:26:26+00:00\" \/>\n\t\t<meta name=\"twitter:card\" content=\"summary_large_image\" \/>\n\t\t<meta name=\"twitter:title\" content=\"Nova variante da Covid e baixa procura por doses de refor\u00e7o preocupa Secretaria da Sa\u00fade - Acontece Na Fronteira\" \/>\n\t\t<meta name=\"twitter:description\" content=\"Mais de 70 mil igua\u00e7uenses acima de 18 anos ainda n\u00e3o tomaram a primeira dose de refor\u00e7o; entre os adolescentes, apenas 23% completou o esquema vacinal A nova subvariante \u00d4micron BQ1 da Covid-19, o aumento de casos da doen\u00e7a nas \u00faltimas semanas e a baixa procura pelas doses de refor\u00e7o t\u00eam preocupado a Secretaria Municipal\" \/>\n\t\t<meta name=\"twitter:image\" content=\"https:\/\/acontecenafronteira.com.br\/wp-content\/uploads\/2021\/11\/logo-acontece-1.jpg\" \/>\n\t\t<script type=\"application\/ld+json\" class=\"aioseo-schema\">\n\t\t\t{\"@context\":\"https:\\\/\\\/schema.org\",\"@graph\":[{\"@type\":\"BlogPosting\",\"@id\":\"https:\\\/\\\/acontecenafronteira.com.br\\\/index.php\\\/2022\\\/12\\\/08\\\/nova-variante-da-covid-e-baixa-procura-por-doses-de-reforco-preocupa-secretaria-da-saude\\\/#blogposting\",\"name\":\"Nova variante da Covid e baixa procura por doses de refor\\u00e7o preocupa Secretaria da Sa\\u00fade - Acontece Na Fronteira\",\"headline\":\"Nova variante da Covid e baixa procura por doses de refor\\u00e7o preocupa Secretaria da Sa\\u00fade\",\"author\":{\"@id\":\"https:\\\/\\\/acontecenafronteira.com.br\\\/index.php\\\/author\\\/acontece\\\/#author\"},\"publisher\":{\"@id\":\"https:\\\/\\\/acontecenafronteira.com.br\\\/#organization\"},\"image\":{\"@type\":\"ImageObject\",\"url\":\"https:\\\/\\\/acontecenafronteira.com.br\\\/wp-content\\\/uploads\\\/2022\\\/12\\\/55296462-a449-4fda-9155-4874cc8907fd.jpg?v=1670505972\",\"width\":800,\"height\":608},\"datePublished\":\"2022-12-08T10:26:25-03:00\",\"dateModified\":\"2022-12-08T10:26:26-03:00\",\"inLanguage\":\"pt-PT\",\"mainEntityOfPage\":{\"@id\":\"https:\\\/\\\/acontecenafronteira.com.br\\\/index.php\\\/2022\\\/12\\\/08\\\/nova-variante-da-covid-e-baixa-procura-por-doses-de-reforco-preocupa-secretaria-da-saude\\\/#webpage\"},\"isPartOf\":{\"@id\":\"https:\\\/\\\/acontecenafronteira.com.br\\\/index.php\\\/2022\\\/12\\\/08\\\/nova-variante-da-covid-e-baixa-procura-por-doses-de-reforco-preocupa-secretaria-da-saude\\\/#webpage\"},\"articleSection\":\"Covid-19, Sa\\u00fade\"},{\"@type\":\"BreadcrumbList\",\"@id\":\"https:\\\/\\\/acontecenafronteira.com.br\\\/index.php\\\/2022\\\/12\\\/08\\\/nova-variante-da-covid-e-baixa-procura-por-doses-de-reforco-preocupa-secretaria-da-saude\\\/#breadcrumblist\",\"itemListElement\":[{\"@type\":\"ListItem\",\"@id\":\"https:\\\/\\\/acontecenafronteira.com.br#listItem\",\"position\":1,\"name\":\"Home\",\"item\":\"https:\\\/\\\/acontecenafronteira.com.br\",\"nextItem\":{\"@type\":\"ListItem\",\"@id\":\"https:\\\/\\\/acontecenafronteira.com.br\\\/index.php\\\/category\\\/covid-19\\\/#listItem\",\"name\":\"Covid-19\"}},{\"@type\":\"ListItem\",\"@id\":\"https:\\\/\\\/acontecenafronteira.com.br\\\/index.php\\\/category\\\/covid-19\\\/#listItem\",\"position\":2,\"name\":\"Covid-19\",\"item\":\"https:\\\/\\\/acontecenafronteira.com.br\\\/index.php\\\/category\\\/covid-19\\\/\",\"nextItem\":{\"@type\":\"ListItem\",\"@id\":\"https:\\\/\\\/acontecenafronteira.com.br\\\/index.php\\\/2022\\\/12\\\/08\\\/nova-variante-da-covid-e-baixa-procura-por-doses-de-reforco-preocupa-secretaria-da-saude\\\/#listItem\",\"name\":\"Nova variante da Covid e baixa procura por doses de refor\\u00e7o preocupa Secretaria da Sa\\u00fade\"},\"previousItem\":{\"@type\":\"ListItem\",\"@id\":\"https:\\\/\\\/acontecenafronteira.com.br#listItem\",\"name\":\"Home\"}},{\"@type\":\"ListItem\",\"@id\":\"https:\\\/\\\/acontecenafronteira.com.br\\\/index.php\\\/2022\\\/12\\\/08\\\/nova-variante-da-covid-e-baixa-procura-por-doses-de-reforco-preocupa-secretaria-da-saude\\\/#listItem\",\"position\":3,\"name\":\"Nova variante da Covid e baixa procura por doses de refor\\u00e7o preocupa Secretaria da Sa\\u00fade\",\"previousItem\":{\"@type\":\"ListItem\",\"@id\":\"https:\\\/\\\/acontecenafronteira.com.br\\\/index.php\\\/category\\\/covid-19\\\/#listItem\",\"name\":\"Covid-19\"}}]},{\"@type\":\"Organization\",\"@id\":\"https:\\\/\\\/acontecenafronteira.com.br\\\/#organization\",\"name\":\"Acontece Na Fronteira\",\"description\":\"Noticias da Triplice Fronteira\",\"url\":\"https:\\\/\\\/acontecenafronteira.com.br\\\/\",\"logo\":{\"@type\":\"ImageObject\",\"url\":\"https:\\\/\\\/acontecenafronteira.com.br\\\/wp-content\\\/uploads\\\/2021\\\/11\\\/logo-acontece-1.jpg\",\"@id\":\"https:\\\/\\\/acontecenafronteira.com.br\\\/index.php\\\/2022\\\/12\\\/08\\\/nova-variante-da-covid-e-baixa-procura-por-doses-de-reforco-preocupa-secretaria-da-saude\\\/#organizationLogo\",\"width\":519,\"height\":134},\"image\":{\"@id\":\"https:\\\/\\\/acontecenafronteira.com.br\\\/index.php\\\/2022\\\/12\\\/08\\\/nova-variante-da-covid-e-baixa-procura-por-doses-de-reforco-preocupa-secretaria-da-saude\\\/#organizationLogo\"}},{\"@type\":\"Person\",\"@id\":\"https:\\\/\\\/acontecenafronteira.com.br\\\/index.php\\\/author\\\/acontece\\\/#author\",\"url\":\"https:\\\/\\\/acontecenafronteira.com.br\\\/index.php\\\/author\\\/acontece\\\/\",\"name\":\"Acontece\",\"image\":{\"@type\":\"ImageObject\",\"@id\":\"https:\\\/\\\/acontecenafronteira.com.br\\\/index.php\\\/2022\\\/12\\\/08\\\/nova-variante-da-covid-e-baixa-procura-por-doses-de-reforco-preocupa-secretaria-da-saude\\\/#authorImage\",\"url\":\"https:\\\/\\\/secure.gravatar.com\\\/avatar\\\/0b1ee8d0eca65cb9faa45624b55ce76a3802d420ba7941831b57f27c693fb7d8?s=96&d=mm&r=g\",\"width\":96,\"height\":96,\"caption\":\"Acontece\"}},{\"@type\":\"WebPage\",\"@id\":\"https:\\\/\\\/acontecenafronteira.com.br\\\/index.php\\\/2022\\\/12\\\/08\\\/nova-variante-da-covid-e-baixa-procura-por-doses-de-reforco-preocupa-secretaria-da-saude\\\/#webpage\",\"url\":\"https:\\\/\\\/acontecenafronteira.com.br\\\/index.php\\\/2022\\\/12\\\/08\\\/nova-variante-da-covid-e-baixa-procura-por-doses-de-reforco-preocupa-secretaria-da-saude\\\/\",\"name\":\"Nova variante da Covid e baixa procura por doses de refor\\u00e7o preocupa Secretaria da Sa\\u00fade - Acontece Na Fronteira\",\"description\":\"Mais de 70 mil igua\\u00e7uenses acima de 18 anos ainda n\\u00e3o tomaram a primeira dose de refor\\u00e7o; entre os adolescentes, apenas 23% completou o esquema vacinal A nova subvariante \\u00d4micron BQ1 da Covid-19, o aumento de casos da doen\\u00e7a nas \\u00faltimas semanas e a baixa procura pelas doses de refor\\u00e7o t\\u00eam preocupado a Secretaria Municipal\",\"inLanguage\":\"pt-PT\",\"isPartOf\":{\"@id\":\"https:\\\/\\\/acontecenafronteira.com.br\\\/#website\"},\"breadcrumb\":{\"@id\":\"https:\\\/\\\/acontecenafronteira.com.br\\\/index.php\\\/2022\\\/12\\\/08\\\/nova-variante-da-covid-e-baixa-procura-por-doses-de-reforco-preocupa-secretaria-da-saude\\\/#breadcrumblist\"},\"author\":{\"@id\":\"https:\\\/\\\/acontecenafronteira.com.br\\\/index.php\\\/author\\\/acontece\\\/#author\"},\"creator\":{\"@id\":\"https:\\\/\\\/acontecenafronteira.com.br\\\/index.php\\\/author\\\/acontece\\\/#author\"},\"image\":{\"@type\":\"ImageObject\",\"url\":\"https:\\\/\\\/acontecenafronteira.com.br\\\/wp-content\\\/uploads\\\/2022\\\/12\\\/55296462-a449-4fda-9155-4874cc8907fd.jpg?v=1670505972\",\"@id\":\"https:\\\/\\\/acontecenafronteira.com.br\\\/index.php\\\/2022\\\/12\\\/08\\\/nova-variante-da-covid-e-baixa-procura-por-doses-de-reforco-preocupa-secretaria-da-saude\\\/#mainImage\",\"width\":800,\"height\":608},\"primaryImageOfPage\":{\"@id\":\"https:\\\/\\\/acontecenafronteira.com.br\\\/index.php\\\/2022\\\/12\\\/08\\\/nova-variante-da-covid-e-baixa-procura-por-doses-de-reforco-preocupa-secretaria-da-saude\\\/#mainImage\"},\"datePublished\":\"2022-12-08T10:26:25-03:00\",\"dateModified\":\"2022-12-08T10:26:26-03:00\"},{\"@type\":\"WebSite\",\"@id\":\"https:\\\/\\\/acontecenafronteira.com.br\\\/#website\",\"url\":\"https:\\\/\\\/acontecenafronteira.com.br\\\/\",\"name\":\"Acontece Na Fronteira\",\"description\":\"Noticias da Triplice Fronteira\",\"inLanguage\":\"pt-PT\",\"publisher\":{\"@id\":\"https:\\\/\\\/acontecenafronteira.com.br\\\/#organization\"}}]}\n\t\t<\/script>\n\t\t<!-- All in One SEO -->\n\n","aioseo_head_json":{"title":"Nova variante da Covid e baixa procura por doses de refor\u00e7o preocupa Secretaria da Sa\u00fade - Acontece Na Fronteira","description":"Mais de 70 mil igua\u00e7uenses acima de 18 anos ainda n\u00e3o tomaram a primeira dose de refor\u00e7o; entre os adolescentes, apenas 23% completou o esquema vacinal A nova subvariante \u00d4micron BQ1 da Covid-19, o aumento de casos da doen\u00e7a nas \u00faltimas semanas e a baixa procura pelas doses de refor\u00e7o t\u00eam preocupado a Secretaria Municipal","canonical_url":"https:\/\/acontecenafronteira.com.br\/index.php\/2022\/12\/08\/nova-variante-da-covid-e-baixa-procura-por-doses-de-reforco-preocupa-secretaria-da-saude\/","robots":"max-image-preview:large","keywords":"","webmasterTools":{"miscellaneous":""},"schema":{"@context":"https:\/\/schema.org","@graph":[{"@type":"BlogPosting","@id":"https:\/\/acontecenafronteira.com.br\/index.php\/2022\/12\/08\/nova-variante-da-covid-e-baixa-procura-por-doses-de-reforco-preocupa-secretaria-da-saude\/#blogposting","name":"Nova variante da Covid e baixa procura por doses de refor\u00e7o preocupa Secretaria da Sa\u00fade - Acontece Na Fronteira","headline":"Nova variante da Covid e baixa procura por doses de refor\u00e7o preocupa Secretaria da Sa\u00fade","author":{"@id":"https:\/\/acontecenafronteira.com.br\/index.php\/author\/acontece\/#author"},"publisher":{"@id":"https:\/\/acontecenafronteira.com.br\/#organization"},"image":{"@type":"ImageObject","url":"https:\/\/acontecenafronteira.com.br\/wp-content\/uploads\/2022\/12\/55296462-a449-4fda-9155-4874cc8907fd.jpg?v=1670505972","width":800,"height":608},"datePublished":"2022-12-08T10:26:25-03:00","dateModified":"2022-12-08T10:26:26-03:00","inLanguage":"pt-PT","mainEntityOfPage":{"@id":"https:\/\/acontecenafronteira.com.br\/index.php\/2022\/12\/08\/nova-variante-da-covid-e-baixa-procura-por-doses-de-reforco-preocupa-secretaria-da-saude\/#webpage"},"isPartOf":{"@id":"https:\/\/acontecenafronteira.com.br\/index.php\/2022\/12\/08\/nova-variante-da-covid-e-baixa-procura-por-doses-de-reforco-preocupa-secretaria-da-saude\/#webpage"},"articleSection":"Covid-19, Sa\u00fade"},{"@type":"BreadcrumbList","@id":"https:\/\/acontecenafronteira.com.br\/index.php\/2022\/12\/08\/nova-variante-da-covid-e-baixa-procura-por-doses-de-reforco-preocupa-secretaria-da-saude\/#breadcrumblist","itemListElement":[{"@type":"ListItem","@id":"https:\/\/acontecenafronteira.com.br#listItem","position":1,"name":"Home","item":"https:\/\/acontecenafronteira.com.br","nextItem":{"@type":"ListItem","@id":"https:\/\/acontecenafronteira.com.br\/index.php\/category\/covid-19\/#listItem","name":"Covid-19"}},{"@type":"ListItem","@id":"https:\/\/acontecenafronteira.com.br\/index.php\/category\/covid-19\/#listItem","position":2,"name":"Covid-19","item":"https:\/\/acontecenafronteira.com.br\/index.php\/category\/covid-19\/","nextItem":{"@type":"ListItem","@id":"https:\/\/acontecenafronteira.com.br\/index.php\/2022\/12\/08\/nova-variante-da-covid-e-baixa-procura-por-doses-de-reforco-preocupa-secretaria-da-saude\/#listItem","name":"Nova variante da Covid e baixa procura por doses de refor\u00e7o preocupa Secretaria da Sa\u00fade"},"previousItem":{"@type":"ListItem","@id":"https:\/\/acontecenafronteira.com.br#listItem","name":"Home"}},{"@type":"ListItem","@id":"https:\/\/acontecenafronteira.com.br\/index.php\/2022\/12\/08\/nova-variante-da-covid-e-baixa-procura-por-doses-de-reforco-preocupa-secretaria-da-saude\/#listItem","position":3,"name":"Nova variante da Covid e baixa procura por doses de refor\u00e7o preocupa Secretaria da Sa\u00fade","previousItem":{"@type":"ListItem","@id":"https:\/\/acontecenafronteira.com.br\/index.php\/category\/covid-19\/#listItem","name":"Covid-19"}}]},{"@type":"Organization","@id":"https:\/\/acontecenafronteira.com.br\/#organization","name":"Acontece Na Fronteira","description":"Noticias da Triplice Fronteira","url":"https:\/\/acontecenafronteira.com.br\/","logo":{"@type":"ImageObject","url":"https:\/\/acontecenafronteira.com.br\/wp-content\/uploads\/2021\/11\/logo-acontece-1.jpg","@id":"https:\/\/acontecenafronteira.com.br\/index.php\/2022\/12\/08\/nova-variante-da-covid-e-baixa-procura-por-doses-de-reforco-preocupa-secretaria-da-saude\/#organizationLogo","width":519,"height":134},"image":{"@id":"https:\/\/acontecenafronteira.com.br\/index.php\/2022\/12\/08\/nova-variante-da-covid-e-baixa-procura-por-doses-de-reforco-preocupa-secretaria-da-saude\/#organizationLogo"}},{"@type":"Person","@id":"https:\/\/acontecenafronteira.com.br\/index.php\/author\/acontece\/#author","url":"https:\/\/acontecenafronteira.com.br\/index.php\/author\/acontece\/","name":"Acontece","image":{"@type":"ImageObject","@id":"https:\/\/acontecenafronteira.com.br\/index.php\/2022\/12\/08\/nova-variante-da-covid-e-baixa-procura-por-doses-de-reforco-preocupa-secretaria-da-saude\/#authorImage","url":"https:\/\/secure.gravatar.com\/avatar\/0b1ee8d0eca65cb9faa45624b55ce76a3802d420ba7941831b57f27c693fb7d8?s=96&d=mm&r=g","width":96,"height":96,"caption":"Acontece"}},{"@type":"WebPage","@id":"https:\/\/acontecenafronteira.com.br\/index.php\/2022\/12\/08\/nova-variante-da-covid-e-baixa-procura-por-doses-de-reforco-preocupa-secretaria-da-saude\/#webpage","url":"https:\/\/acontecenafronteira.com.br\/index.php\/2022\/12\/08\/nova-variante-da-covid-e-baixa-procura-por-doses-de-reforco-preocupa-secretaria-da-saude\/","name":"Nova variante da Covid e baixa procura por doses de refor\u00e7o preocupa Secretaria da Sa\u00fade - Acontece Na Fronteira","description":"Mais de 70 mil igua\u00e7uenses acima de 18 anos ainda n\u00e3o tomaram a primeira dose de refor\u00e7o; entre os adolescentes, apenas 23% completou o esquema vacinal A nova subvariante \u00d4micron BQ1 da Covid-19, o aumento de casos da doen\u00e7a nas \u00faltimas semanas e a baixa procura pelas doses de refor\u00e7o t\u00eam preocupado a Secretaria Municipal","inLanguage":"pt-PT","isPartOf":{"@id":"https:\/\/acontecenafronteira.com.br\/#website"},"breadcrumb":{"@id":"https:\/\/acontecenafronteira.com.br\/index.php\/2022\/12\/08\/nova-variante-da-covid-e-baixa-procura-por-doses-de-reforco-preocupa-secretaria-da-saude\/#breadcrumblist"},"author":{"@id":"https:\/\/acontecenafronteira.com.br\/index.php\/author\/acontece\/#author"},"creator":{"@id":"https:\/\/acontecenafronteira.com.br\/index.php\/author\/acontece\/#author"},"image":{"@type":"ImageObject","url":"https:\/\/acontecenafronteira.com.br\/wp-content\/uploads\/2022\/12\/55296462-a449-4fda-9155-4874cc8907fd.jpg?v=1670505972","@id":"https:\/\/acontecenafronteira.com.br\/index.php\/2022\/12\/08\/nova-variante-da-covid-e-baixa-procura-por-doses-de-reforco-preocupa-secretaria-da-saude\/#mainImage","width":800,"height":608},"primaryImageOfPage":{"@id":"https:\/\/acontecenafronteira.com.br\/index.php\/2022\/12\/08\/nova-variante-da-covid-e-baixa-procura-por-doses-de-reforco-preocupa-secretaria-da-saude\/#mainImage"},"datePublished":"2022-12-08T10:26:25-03:00","dateModified":"2022-12-08T10:26:26-03:00"},{"@type":"WebSite","@id":"https:\/\/acontecenafronteira.com.br\/#website","url":"https:\/\/acontecenafronteira.com.br\/","name":"Acontece Na Fronteira","description":"Noticias da Triplice Fronteira","inLanguage":"pt-PT","publisher":{"@id":"https:\/\/acontecenafronteira.com.br\/#organization"}}]},"og:locale":"pt_PT","og:site_name":"Acontece Na Fronteira - Noticias da Triplice Fronteira","og:type":"article","og:title":"Nova variante da Covid e baixa procura por doses de refor\u00e7o preocupa Secretaria da Sa\u00fade - Acontece Na Fronteira","og:description":"Mais de 70 mil igua\u00e7uenses acima de 18 anos ainda n\u00e3o tomaram a primeira dose de refor\u00e7o; entre os adolescentes, apenas 23% completou o esquema vacinal A nova subvariante \u00d4micron BQ1 da Covid-19, o aumento de casos da doen\u00e7a nas \u00faltimas semanas e a baixa procura pelas doses de refor\u00e7o t\u00eam preocupado a Secretaria Municipal","og:url":"https:\/\/acontecenafronteira.com.br\/index.php\/2022\/12\/08\/nova-variante-da-covid-e-baixa-procura-por-doses-de-reforco-preocupa-secretaria-da-saude\/","og:image":"https:\/\/acontecenafronteira.com.br\/wp-content\/uploads\/2021\/11\/logo-acontece-1.jpg","og:image:secure_url":"https:\/\/acontecenafronteira.com.br\/wp-content\/uploads\/2021\/11\/logo-acontece-1.jpg","article:published_time":"2022-12-08T13:26:25+00:00","article:modified_time":"2022-12-08T13:26:26+00:00","twitter:card":"summary_large_image","twitter:title":"Nova variante da Covid e baixa procura por doses de refor\u00e7o preocupa Secretaria da Sa\u00fade - Acontece Na Fronteira","twitter:description":"Mais de 70 mil igua\u00e7uenses acima de 18 anos ainda n\u00e3o tomaram a primeira dose de refor\u00e7o; entre os adolescentes, apenas 23% completou o esquema vacinal A nova subvariante \u00d4micron BQ1 da Covid-19, o aumento de casos da doen\u00e7a nas \u00faltimas semanas e a baixa procura pelas doses de refor\u00e7o t\u00eam preocupado a Secretaria Municipal","twitter:image":"https:\/\/acontecenafronteira.com.br\/wp-content\/uploads\/2021\/11\/logo-acontece-1.jpg"},"aioseo_meta_data":{"post_id":"14743","title":null,"description":null,"keywords":null,"keyphrases":null,"primary_term":null,"canonical_url":null,"og_title":null,"og_description":null,"og_object_type":"default","og_image_type":"default","og_image_url":null,"og_image_width":null,"og_image_height":null,"og_image_custom_url":null,"og_image_custom_fields":null,"og_video":null,"og_custom_url":null,"og_article_section":null,"og_article_tags":null,"twitter_use_og":false,"twitter_card":"default","twitter_image_type":"default","twitter_image_url":null,"twitter_image_custom_url":null,"twitter_image_custom_fields":null,"twitter_title":null,"twitter_description":null,"schema":{"blockGraphs":[],"customGraphs":[],"default":{"data":{"Article":[],"Course":[],"Dataset":[],"FAQPage":[],"Movie":[],"Person":[],"Product":[],"ProductReview":[],"Car":[],"Recipe":[],"Service":[],"SoftwareApplication":[],"WebPage":[]},"graphName":"","isEnabled":true},"graphs":[]},"schema_type":"default","schema_type_options":null,"pillar_content":false,"robots_default":true,"robots_noindex":false,"robots_noarchive":false,"robots_nosnippet":false,"robots_nofollow":false,"robots_noimageindex":false,"robots_noodp":false,"robots_notranslate":false,"robots_max_snippet":null,"robots_max_videopreview":null,"robots_max_imagepreview":"large","priority":null,"frequency":null,"local_seo":null,"limit_modified_date":false,"created":"2024-11-14 05:14:28","updated":"2024-11-14 05:14:28","focus_keyword":null,"additional_keywords":null,"truseo_locale":null,"ai":null,"breadcrumb_settings":null,"seo_analyzer_scan_date":null},"aioseo_breadcrumb":"<div class=\"aioseo-breadcrumbs\"><span class=\"aioseo-breadcrumb\">\n\t\t\t<a href=\"https:\/\/acontecenafronteira.com.br\" title=\"Home\">Home<\/a>\n\t\t<\/span><span class=\"aioseo-breadcrumb-separator\">&raquo;<\/span><span class=\"aioseo-breadcrumb\">\n\t\t\t<a href=\"https:\/\/acontecenafronteira.com.br\/index.php\/category\/covid-19\/\" title=\"Covid-19\">Covid-19<\/a>\n\t\t<\/span><span class=\"aioseo-breadcrumb-separator\">&raquo;<\/span><span class=\"aioseo-breadcrumb\">\n\t\t\tNova variante da Covid e baixa procura por doses de refor\u00e7o preocupa Secretaria da Sa\u00fade\n\t\t<\/span><\/div>","aioseo_breadcrumb_json":[{"label":"Home","link":"https:\/\/acontecenafronteira.com.br"},{"label":"Covid-19","link":"https:\/\/acontecenafronteira.com.br\/index.php\/category\/covid-19\/"},{"label":"Nova variante da Covid e baixa procura por doses de refor\u00e7o preocupa Secretaria da Sa\u00fade","link":"https:\/\/acontecenafronteira.com.br\/index.php\/2022\/12\/08\/nova-variante-da-covid-e-baixa-procura-por-doses-de-reforco-preocupa-secretaria-da-saude\/"}],"_links":{"self":[{"href":"https:\/\/acontecenafronteira.com.br\/index.php\/wp-json\/wp\/v2\/posts\/14743","targetHints":{"allow":["GET"]}}],"collection":[{"href":"https:\/\/acontecenafronteira.com.br\/index.php\/wp-json\/wp\/v2\/posts"}],"about":[{"href":"https:\/\/acontecenafronteira.com.br\/index.php\/wp-json\/wp\/v2\/types\/post"}],"author":[{"embeddable":true,"href":"https:\/\/acontecenafronteira.com.br\/index.php\/wp-json\/wp\/v2\/users\/2"}],"replies":[{"embeddable":true,"href":"https:\/\/acontecenafronteira.com.br\/index.php\/wp-json\/wp\/v2\/comments?post=14743"}],"version-history":[{"count":1,"href":"https:\/\/acontecenafronteira.com.br\/index.php\/wp-json\/wp\/v2\/posts\/14743\/revisions"}],"predecessor-version":[{"id":14745,"href":"https:\/\/acontecenafronteira.com.br\/index.php\/wp-json\/wp\/v2\/posts\/14743\/revisions\/14745"}],"wp:featuredmedia":[{"embeddable":true,"href":"https:\/\/acontecenafronteira.com.br\/index.php\/wp-json\/wp\/v2\/media\/14744"}],"wp:attachment":[{"href":"https:\/\/acontecenafronteira.com.br\/index.php\/wp-json\/wp\/v2\/media?parent=14743"}],"wp:term":[{"taxonomy":"category","embeddable":true,"href":"https:\/\/acontecenafronteira.com.br\/index.php\/wp-json\/wp\/v2\/categories?post=14743"},{"taxonomy":"post_tag","embeddable":true,"href":"https:\/\/acontecenafronteira.com.br\/index.php\/wp-json\/wp\/v2\/tags?post=14743"}],"curies":[{"name":"wp","href":"https:\/\/api.w.org\/{rel}","templated":true}]}}