{"id":14600,"date":"2022-12-01T14:02:10","date_gmt":"2022-12-01T17:02:10","guid":{"rendered":"https:\/\/acontecenafronteira.com.br\/?p=14600"},"modified":"2022-12-01T14:02:11","modified_gmt":"2022-12-01T17:02:11","slug":"professores-participam-de-formacao-sobre-o-uso-de-impressoras-3d-para-aulas-de-robotica","status":"publish","type":"post","link":"https:\/\/acontecenafronteira.com.br\/index.php\/2022\/12\/01\/professores-participam-de-formacao-sobre-o-uso-de-impressoras-3d-para-aulas-de-robotica\/","title":{"rendered":"Professores participam de forma\u00e7\u00e3o sobre o uso de impressoras 3D para aulas de rob\u00f3tica"},"content":{"rendered":"\n<p><strong><em>Equipamentos que materializam objetos est\u00e3o sendo instalados nos espa\u00e7os makers das escolas e centros de conviv\u00eancia<\/em><\/strong><\/p>\n\n\n\n<p>A Secretaria Municipal da Educa\u00e7\u00e3o de Foz do Igua\u00e7u est\u00e1 ofertando um curso sobre o uso de impressoras 3D e cortadoras a laser aos professores de Rob\u00f3tica Educacional. A forma\u00e7\u00e3o come\u00e7ou na ter\u00e7a-feira (29) com estudo de m\u00f3dulos e oficinas pr\u00e1ticas, e seguir\u00e1 no pr\u00f3ximo dia 06 de dezembro, no Centro Escola Bairro Darci Zanatta, no Morumbi.<\/p>\n\n\n\n<p>A proposta, conforme explicou a coordenadora pedag\u00f3gica Lidiane Wernke, \u00e9 capacitar os professores para a cria\u00e7\u00e3o da modelagem com os alunos e a materializa\u00e7\u00e3o dos objetos, atrav\u00e9s do equipamento.<\/p>\n\n\n\n<p>\u201cUma impressora 3D \u00e9 algo totalmente diferente daquilo que os alunos j\u00e1 viram, que s\u00e3o as impressoras em papel. A impress\u00e3o 3D \u00e9 uma tecnologia inovadora e que permite a cria\u00e7\u00e3o de objetos com precis\u00e3o a partir de um modelo digital no computador\u201d, explica.<\/p>\n\n\n\n<p>Na pr\u00e1tica, a impress\u00e3o 3D \u00e9 uma forma de tecnologia de fabrica\u00e7\u00e3o aditiva em que um modelo tridimensional de um objeto \u00e9 criado por sucessivas camadas de material sobrepostas, ordenadas de acordo com a programa\u00e7\u00e3o de um software de impress\u00e3o.<\/p>\n\n\n\n<p><strong>Tecnologia nas escolas<\/strong><\/p>\n\n\n\n<p>As impressoras 3D, os cortadores a laser e os nobreaks, adquiridos pelo munic\u00edpio no formato de loca\u00e7\u00e3o, est\u00e3o sendo instalados nos 11 Espa\u00e7os Makers, onde ocorrem as aulas de rob\u00f3tica.<\/p>\n\n\n\n<p>S\u00e3o 4 Centros de Conviv\u00eancia Escola Bairro: \u00c9rico Ver\u00edssimo, Darci Zanatta, Cl\u00f3vis Cunha Viana e Arnaldo Isidoro de Lima e 8 escolas municipais: Parigot de Souza, Gabriela Mistral, Jo\u00e3o XXIII, Cec\u00edlia Meireles, Josinete Holler, C\u00e2ndido Portinari e Jardim Naipi.<\/p>\n\n\n\n<p>De acordo com a secret\u00e1ria da educa\u00e7\u00e3o, Maria Justina da Silva, a implanta\u00e7\u00e3o dos espa\u00e7os makers acontecer\u00e1 de forma gradativa nas escolas. \u201cIniciamos as aulas de rob\u00f3tica em outubro deste ano e j\u00e1 estamos com 11 espa\u00e7os montados. A previs\u00e3o para 2023 \u00e9 ampliar para mais 12 escolas\u201d, informou.<\/p>\n\n\n\n<p>Este \u00e9 o segundo curso de forma\u00e7\u00e3o voltado aos professores de rob\u00f3tica. Ele est\u00e1 sendo ministrado por t\u00e9cnicos da empresa vencedora da licita\u00e7\u00e3o, que tamb\u00e9m forneceu os livros e kits pedag\u00f3gicos.<\/p>\n\n\n\n<figure class=\"wp-block-image size-large\"><img loading=\"lazy\" decoding=\"async\" width=\"1024\" height=\"461\" src=\"https:\/\/acontecenafronteira.com.br\/wp-content\/uploads\/2022\/12\/f8c06be5-f53a-4faa-8ca8-837d85daed45-1024x461.jpg?v=1669914074\" alt=\"\" class=\"wp-image-14602\" srcset=\"https:\/\/acontecenafronteira.com.br\/wp-content\/uploads\/2022\/12\/f8c06be5-f53a-4faa-8ca8-837d85daed45-1024x461.jpg?v=1669914074 1024w, https:\/\/acontecenafronteira.com.br\/wp-content\/uploads\/2022\/12\/f8c06be5-f53a-4faa-8ca8-837d85daed45-300x135.jpg?v=1669914074 300w, https:\/\/acontecenafronteira.com.br\/wp-content\/uploads\/2022\/12\/f8c06be5-f53a-4faa-8ca8-837d85daed45-768x346.jpg?v=1669914074 768w, https:\/\/acontecenafronteira.com.br\/wp-content\/uploads\/2022\/12\/f8c06be5-f53a-4faa-8ca8-837d85daed45.jpg?v=1669914074 1280w\" sizes=\"auto, (max-width: 1024px) 100vw, 1024px\" \/><\/figure>\n\n\n\n<p>Fotos: PMFI<\/p>\n","protected":false},"excerpt":{"rendered":"<p>Equipamentos que materializam objetos est\u00e3o sendo instalados nos espa\u00e7os makers das escolas e centros de conviv\u00eancia A Secretaria Municipal da Educa\u00e7\u00e3o de Foz do Igua\u00e7u est\u00e1 ofertando um curso sobre o uso de impressoras 3D e cortadoras a laser aos professores de Rob\u00f3tica Educacional. A forma\u00e7\u00e3o come\u00e7ou na ter\u00e7a-feira (29) com estudo de m\u00f3dulos e [&hellip;]<\/p>\n","protected":false},"author":2,"featured_media":14603,"comment_status":"open","ping_status":"open","sticky":false,"template":"","format":"standard","meta":{"om_disable_all_campaigns":false,"_monsterinsights_skip_tracking":false,"_monsterinsights_sitenote_active":false,"_monsterinsights_sitenote_note":"","_monsterinsights_sitenote_category":0,"footnotes":""},"categories":[4,8],"tags":[],"class_list":["post-14600","post","type-post","status-publish","format-standard","has-post-thumbnail","hentry","category-cidade","category-educaca0"],"_links":{"self":[{"href":"https:\/\/acontecenafronteira.com.br\/index.php\/wp-json\/wp\/v2\/posts\/14600","targetHints":{"allow":["GET"]}}],"collection":[{"href":"https:\/\/acontecenafronteira.com.br\/index.php\/wp-json\/wp\/v2\/posts"}],"about":[{"href":"https:\/\/acontecenafronteira.com.br\/index.php\/wp-json\/wp\/v2\/types\/post"}],"author":[{"embeddable":true,"href":"https:\/\/acontecenafronteira.com.br\/index.php\/wp-json\/wp\/v2\/users\/2"}],"replies":[{"embeddable":true,"href":"https:\/\/acontecenafronteira.com.br\/index.php\/wp-json\/wp\/v2\/comments?post=14600"}],"version-history":[{"count":1,"href":"https:\/\/acontecenafronteira.com.br\/index.php\/wp-json\/wp\/v2\/posts\/14600\/revisions"}],"predecessor-version":[{"id":14604,"href":"https:\/\/acontecenafronteira.com.br\/index.php\/wp-json\/wp\/v2\/posts\/14600\/revisions\/14604"}],"wp:featuredmedia":[{"embeddable":true,"href":"https:\/\/acontecenafronteira.com.br\/index.php\/wp-json\/wp\/v2\/media\/14603"}],"wp:attachment":[{"href":"https:\/\/acontecenafronteira.com.br\/index.php\/wp-json\/wp\/v2\/media?parent=14600"}],"wp:term":[{"taxonomy":"category","embeddable":true,"href":"https:\/\/acontecenafronteira.com.br\/index.php\/wp-json\/wp\/v2\/categories?post=14600"},{"taxonomy":"post_tag","embeddable":true,"href":"https:\/\/acontecenafronteira.com.br\/index.php\/wp-json\/wp\/v2\/tags?post=14600"}],"curies":[{"name":"wp","href":"https:\/\/api.w.org\/{rel}","templated":true}]}}