{"id":14399,"date":"2022-11-22T20:37:20","date_gmt":"2022-11-22T23:37:20","guid":{"rendered":"https:\/\/acontecenafronteira.com.br\/?p=14399"},"modified":"2022-11-22T20:37:20","modified_gmt":"2022-11-22T23:37:20","slug":"tecnicos-desportivos-apresentam-artigos-academicos-durante-1o-encontro-cientifico-de-esporte-e-lazer-de-foz-do-iguacu","status":"publish","type":"post","link":"https:\/\/acontecenafronteira.com.br\/index.php\/2022\/11\/22\/tecnicos-desportivos-apresentam-artigos-academicos-durante-1o-encontro-cientifico-de-esporte-e-lazer-de-foz-do-iguacu\/","title":{"rendered":"T\u00e9cnicos desportivos apresentam artigos acad\u00eamicos durante 1\u00ba Encontro Cient\u00edfico de Esporte e Lazer de Foz do Igua\u00e7u"},"content":{"rendered":"\n<p><strong><em>O evento contribuiu para a mostra de estudos t\u00e9cnico-cient\u00edficos elaborados pelos profissionais que atendem a popula\u00e7\u00e3o em diversas atividades nos bairros<\/em><\/strong><\/p>\n\n\n\n<p>Os 40 artigos cient\u00edficos em exposi\u00e7\u00e3o marcaram o 1\u00ba Encontro Cient\u00edfico de Esporte e Lazer de Foz do Igua\u00e7u, no \u00faltimo s\u00e1bado (19). Organizado pela Secretaria Municipal de Esporte e Lazer, o evento oportunizou a apresenta\u00e7\u00e3o de trabalhos t\u00e9cnico-cient\u00edficos desenvolvimento pelos t\u00e9cnicos desportivos, al\u00e9m de acad\u00eamicos do munic\u00edpio.<\/p>\n\n\n\n<p>Para o secret\u00e1rio da pasta, Antonio Sapia, o evento foi importante para qualificar e mostrar \u00e0 comunidade mais detalhes sobre estudos e o trabalho dos profissionais que atendem \u00e0 popula\u00e7\u00e3o em diversos bairros.<\/p>\n\n\n\n<p>\u201cEste encontro foi um evento inovador no \u00e2mbito da gest\u00e3o p\u00fablica do esporte e lazer. Entendemos que devemos valorizar os nossos profissionais, pois a qualifica\u00e7\u00e3o e atua\u00e7\u00e3o destes refletir\u00e3o nos bons servi\u00e7os prestados \u00e0 comunidade. S\u00e3o t\u00e9cnicos que trabalham, mas n\u00e3o deixam de estudar e buscar aperfei\u00e7oamento\u201d, disse Sapia.<\/p>\n\n\n\n<p>Foram mais de 140 participantes durante todo o dia do evento. Segundo S\u00e9rgio Winkert, membro da comiss\u00e3o organizadora, &#8220;a qualidade dos materiais e estudos apresentados servir\u00e1 de incentivo e refer\u00eancia para as pr\u00f3ximas edi\u00e7\u00f5es do encontro, atraindo novos participantes, assim poderemos fortalecer as pol\u00edticas p\u00fablicas do esporte e lazer igua\u00e7uense&#8221;.<\/p>\n\n\n\n<p>O evento contou ainda com o apoio do SEST SENAT, CREF\/9R, Universidade Estadual do Oeste do Paran\u00e1 (Unioeste), Uniam\u00e9rica, Grupo de Pesquisa em Atividade F\u00edsica, Esporte e Tecnologia da Universidade Tecnol\u00f3gica Federal do Paran\u00e1.<\/p>\n\n\n\n<p>\u201cA parceria com o CREF\/9R foi estrat\u00e9gica para o evento. A institui\u00e7\u00e3o viabilizou a vinda de palestrantes renomados na \u00e1rea do esporte e lazer, e por meio da Comiss\u00e3o de Ensino Superior, contribuiu na avalia\u00e7\u00e3o dos trabalhos, o que trouxe qualidade e reconhecimento ao ECELFI 2022\u201d, lembrou Winkert. Ele agradeceu ainda aos volunt\u00e1rios e avaliadores, destacando o comprometimento e compet\u00eancia da comiss\u00e3o organizadora do evento composta pelos servidores Vanessa Miranda, Luana Karoline, Fabiano Gon\u00e7alves e o diretor t\u00e9cnico da Secretaria de Esporte, Roberto Borges.<\/p>\n\n\n\n<figure class=\"wp-block-image size-large\"><img loading=\"lazy\" decoding=\"async\" width=\"1024\" height=\"768\" src=\"https:\/\/acontecenafronteira.com.br\/wp-content\/uploads\/2022\/11\/encontro-de-esporte-1024x768.jpg\" alt=\"\" class=\"wp-image-14400\" srcset=\"https:\/\/acontecenafronteira.com.br\/wp-content\/uploads\/2022\/11\/encontro-de-esporte-1024x768.jpg 1024w, https:\/\/acontecenafronteira.com.br\/wp-content\/uploads\/2022\/11\/encontro-de-esporte-300x225.jpg 300w, https:\/\/acontecenafronteira.com.br\/wp-content\/uploads\/2022\/11\/encontro-de-esporte-768x576.jpg 768w, https:\/\/acontecenafronteira.com.br\/wp-content\/uploads\/2022\/11\/encontro-de-esporte.jpg 1080w\" sizes=\"auto, (max-width: 1024px) 100vw, 1024px\" \/><\/figure>\n\n\n\n<p>Fotos: PMFI<\/p>\n","protected":false},"excerpt":{"rendered":"<p>O evento contribuiu para a mostra de estudos t\u00e9cnico-cient\u00edficos elaborados pelos profissionais que atendem a popula\u00e7\u00e3o em diversas atividades nos bairros Os 40 artigos cient\u00edficos em exposi\u00e7\u00e3o marcaram o 1\u00ba Encontro Cient\u00edfico de Esporte e Lazer de Foz do Igua\u00e7u, no \u00faltimo s\u00e1bado (19). Organizado pela Secretaria Municipal de Esporte e Lazer, o evento oportunizou [&hellip;]<\/p>\n","protected":false},"author":2,"featured_media":14401,"comment_status":"open","ping_status":"open","sticky":false,"template":"","format":"standard","meta":{"om_disable_all_campaigns":false,"_monsterinsights_skip_tracking":false,"_monsterinsights_sitenote_active":false,"_monsterinsights_sitenote_note":"","_monsterinsights_sitenote_category":0,"footnotes":""},"categories":[4,2],"tags":[],"class_list":["post-14399","post","type-post","status-publish","format-standard","has-post-thumbnail","hentry","category-cidade","category-esportes"],"_links":{"self":[{"href":"https:\/\/acontecenafronteira.com.br\/index.php\/wp-json\/wp\/v2\/posts\/14399","targetHints":{"allow":["GET"]}}],"collection":[{"href":"https:\/\/acontecenafronteira.com.br\/index.php\/wp-json\/wp\/v2\/posts"}],"about":[{"href":"https:\/\/acontecenafronteira.com.br\/index.php\/wp-json\/wp\/v2\/types\/post"}],"author":[{"embeddable":true,"href":"https:\/\/acontecenafronteira.com.br\/index.php\/wp-json\/wp\/v2\/users\/2"}],"replies":[{"embeddable":true,"href":"https:\/\/acontecenafronteira.com.br\/index.php\/wp-json\/wp\/v2\/comments?post=14399"}],"version-history":[{"count":1,"href":"https:\/\/acontecenafronteira.com.br\/index.php\/wp-json\/wp\/v2\/posts\/14399\/revisions"}],"predecessor-version":[{"id":14402,"href":"https:\/\/acontecenafronteira.com.br\/index.php\/wp-json\/wp\/v2\/posts\/14399\/revisions\/14402"}],"wp:featuredmedia":[{"embeddable":true,"href":"https:\/\/acontecenafronteira.com.br\/index.php\/wp-json\/wp\/v2\/media\/14401"}],"wp:attachment":[{"href":"https:\/\/acontecenafronteira.com.br\/index.php\/wp-json\/wp\/v2\/media?parent=14399"}],"wp:term":[{"taxonomy":"category","embeddable":true,"href":"https:\/\/acontecenafronteira.com.br\/index.php\/wp-json\/wp\/v2\/categories?post=14399"},{"taxonomy":"post_tag","embeddable":true,"href":"https:\/\/acontecenafronteira.com.br\/index.php\/wp-json\/wp\/v2\/tags?post=14399"}],"curies":[{"name":"wp","href":"https:\/\/api.w.org\/{rel}","templated":true}]}}