{"id":14264,"date":"2022-11-11T10:26:21","date_gmt":"2022-11-11T13:26:21","guid":{"rendered":"https:\/\/acontecenafronteira.com.br\/?p=14264"},"modified":"2022-11-11T10:26:21","modified_gmt":"2022-11-11T13:26:21","slug":"saude-libera-quarta-dose-contra-a-covid-19-para-pessoas-acima-de-18-anos","status":"publish","type":"post","link":"https:\/\/acontecenafronteira.com.br\/index.php\/2022\/11\/11\/saude-libera-quarta-dose-contra-a-covid-19-para-pessoas-acima-de-18-anos\/","title":{"rendered":"Sa\u00fade libera quarta dose contra a Covid-19 para pessoas acima de 18 anos"},"content":{"rendered":"\n<p><strong><em>Podem receber o imunizante aqueles que tomaram a \u00faltima dose h\u00e1 pelo menos quatro meses; em Foz, apenas 32% do p\u00fablico alvo recebeu a segunda dose de refor\u00e7o<\/em><\/strong><\/p>\n\n\n\n<p>A partir desta sexta-feira (11), estar\u00e1 dispon\u00edvel em todas as Unidades B\u00e1sicas de Sa\u00fade de Foz do Igua\u00e7u a quarta dose (ou segunda dose de refor\u00e7o) contra a Covid-19 para pessoas acima de 18 anos que tenham recebido a \u00faltima vacina h\u00e1 pelo menos quatro meses.<\/p>\n\n\n\n<p>A mudan\u00e7a na faixa et\u00e1ria (antes liberada apenas para 40 anos) foi determinada pela Secretaria de Sa\u00fade do Estado (SESA) e a Comiss\u00e3o Intergestores Bipartite do Paran\u00e1, que considerou a recente identifica\u00e7\u00e3o da variante da \u00d4micron e o aumento de casos da doen\u00e7a nos Estados Unidos e pa\u00edses da Europa.<\/p>\n\n\n\n<p>A preocupa\u00e7\u00e3o tamb\u00e9m \u00e9 grande com o n\u00famero de faltantes. O Paran\u00e1 apresenta 5,2 milh\u00f5es de pessoas na faixa et\u00e1ria acima de 12 anos que s\u00e3o consideradas faltosas em rela\u00e7\u00e3o \u00e0 primeira dose de refor\u00e7o e 2,6 milh\u00f5es de pessoas acima de 40 anos faltosas com a segunda dose de refor\u00e7o.<\/p>\n\n\n\n<p>Em Foz do Igua\u00e7u, apesar de 115% da popula\u00e7\u00e3o ter tomado as duas doses da vacina, apenas 62% fez o primeiro refor\u00e7o e somente 32% recebeu o segundo refor\u00e7o.<\/p>\n\n\n\n<p>Conforme explicou a secret\u00e1ria de sa\u00fade, Jaqueline Tontini, as doses ser\u00e3o aplicadas conforme a disponibilidade das UBSs em pessoas com 18 anos ou mais, independentemente da marca da vacina administrada anteriormente.<\/p>\n\n\n\n<p>&#8220;A vacina contra a Covid permanece como a forma mais eficaz na preven\u00e7\u00e3o da doen\u00e7a. Com a autoriza\u00e7\u00e3o da SESA, iniciamos amanh\u00e3 (11) esta nova etapa da vacina\u00e7\u00e3o e convocamos os moradores a buscarem esse refor\u00e7o na unidade mais pr\u00f3xima\u201d, orientou.<\/p>\n\n\n\n<figure class=\"wp-block-image size-full\"><img loading=\"lazy\" decoding=\"async\" width=\"799\" height=\"533\" src=\"https:\/\/acontecenafronteira.com.br\/wp-content\/uploads\/2022\/11\/VACINA-QUARTA-DOSE1.jpg\" alt=\"\" class=\"wp-image-14265\" srcset=\"https:\/\/acontecenafronteira.com.br\/wp-content\/uploads\/2022\/11\/VACINA-QUARTA-DOSE1.jpg 799w, https:\/\/acontecenafronteira.com.br\/wp-content\/uploads\/2022\/11\/VACINA-QUARTA-DOSE1-300x200.jpg 300w, https:\/\/acontecenafronteira.com.br\/wp-content\/uploads\/2022\/11\/VACINA-QUARTA-DOSE1-768x512.jpg 768w\" sizes=\"auto, (max-width: 799px) 100vw, 799px\" \/><figcaption class=\"wp-element-caption\">Foto: Divulga\u00e7\u00e3o PMFI<\/figcaption><\/figure>\n","protected":false},"excerpt":{"rendered":"<p>Podem receber o imunizante aqueles que tomaram a \u00faltima dose h\u00e1 pelo menos quatro meses; em Foz, apenas 32% do p\u00fablico alvo recebeu a segunda dose de refor\u00e7o A partir desta sexta-feira (11), estar\u00e1 dispon\u00edvel em todas as Unidades B\u00e1sicas de Sa\u00fade de Foz do Igua\u00e7u a quarta dose (ou segunda dose de refor\u00e7o) contra [&hellip;]<\/p>\n","protected":false},"author":2,"featured_media":14265,"comment_status":"open","ping_status":"open","sticky":false,"template":"","format":"standard","meta":{"om_disable_all_campaigns":false,"_monsterinsights_skip_tracking":false,"_monsterinsights_sitenote_active":false,"_monsterinsights_sitenote_note":"","_monsterinsights_sitenote_category":0,"footnotes":""},"categories":[4,10],"tags":[],"class_list":["post-14264","post","type-post","status-publish","format-standard","has-post-thumbnail","hentry","category-cidade","category-saude"],"_links":{"self":[{"href":"https:\/\/acontecenafronteira.com.br\/index.php\/wp-json\/wp\/v2\/posts\/14264","targetHints":{"allow":["GET"]}}],"collection":[{"href":"https:\/\/acontecenafronteira.com.br\/index.php\/wp-json\/wp\/v2\/posts"}],"about":[{"href":"https:\/\/acontecenafronteira.com.br\/index.php\/wp-json\/wp\/v2\/types\/post"}],"author":[{"embeddable":true,"href":"https:\/\/acontecenafronteira.com.br\/index.php\/wp-json\/wp\/v2\/users\/2"}],"replies":[{"embeddable":true,"href":"https:\/\/acontecenafronteira.com.br\/index.php\/wp-json\/wp\/v2\/comments?post=14264"}],"version-history":[{"count":1,"href":"https:\/\/acontecenafronteira.com.br\/index.php\/wp-json\/wp\/v2\/posts\/14264\/revisions"}],"predecessor-version":[{"id":14266,"href":"https:\/\/acontecenafronteira.com.br\/index.php\/wp-json\/wp\/v2\/posts\/14264\/revisions\/14266"}],"wp:featuredmedia":[{"embeddable":true,"href":"https:\/\/acontecenafronteira.com.br\/index.php\/wp-json\/wp\/v2\/media\/14265"}],"wp:attachment":[{"href":"https:\/\/acontecenafronteira.com.br\/index.php\/wp-json\/wp\/v2\/media?parent=14264"}],"wp:term":[{"taxonomy":"category","embeddable":true,"href":"https:\/\/acontecenafronteira.com.br\/index.php\/wp-json\/wp\/v2\/categories?post=14264"},{"taxonomy":"post_tag","embeddable":true,"href":"https:\/\/acontecenafronteira.com.br\/index.php\/wp-json\/wp\/v2\/tags?post=14264"}],"curies":[{"name":"wp","href":"https:\/\/api.w.org\/{rel}","templated":true}]}}