{"id":14255,"date":"2022-11-11T09:39:11","date_gmt":"2022-11-11T12:39:11","guid":{"rendered":"https:\/\/acontecenafronteira.com.br\/?p=14255"},"modified":"2022-11-11T09:39:12","modified_gmt":"2022-11-11T12:39:12","slug":"o-parque-nacional-do-iguacu-estara-aberto-durante-todos-os-dias-do-feriadao","status":"publish","type":"post","link":"https:\/\/acontecenafronteira.com.br\/index.php\/2022\/11\/11\/o-parque-nacional-do-iguacu-estara-aberto-durante-todos-os-dias-do-feriadao\/","title":{"rendered":"<strong>O Parque Nacional do Igua\u00e7u estar\u00e1 aberto durante todos os dias do feriad\u00e3o<\/strong>"},"content":{"rendered":"\n<p><strong>Parque espera 25 mil pessoas nos quatro dias do feriado prolongado<\/strong><\/p>\n\n\n\n<p>As Tr\u00eas Fronteiras esperam o p\u00fablico com muitas atra\u00e7\u00f5es, paisagens e sabores para toda a fam\u00edlia. A programa\u00e7\u00e3o seguir\u00e1 normalmente, com as novas apresenta\u00e7\u00f5es culturais a partir das 18 horas. O show tem in\u00edcio com o cen\u00e1rio deslumbrante do p\u00f4r do sol latino.<\/p>\n\n\n\n<p>Para realizar a visita, os interessados devem adquirir o ingresso com a escolha de dia e hor\u00e1rio dispon\u00edveis. As vendas s\u00e3o preferencialmente on-line, no site oficial:&nbsp;<a href=\"http:\/\/www.marcodastresfronteiras.com.br\/\" target=\"_blank\" rel=\"noreferrer noopener\">www.marcodastresfronteiras.com.br<\/a>.<\/p>\n\n\n\n<p><strong>Gastronomia da fronteira<\/strong>&nbsp;\u2013 Os visitantes podem viver uma viagem gastron\u00f4mica no Restaurante Cabeza de Vaca, localizado no interior do atrativo, diariamente, das 15h \u00e0s 22h, com m\u00fasica ao vivo e um card\u00e1pio especial dos tr\u00eas pa\u00edses: Brasil, Argentina e Paraguai.<\/p>\n\n\n\n<p>O Parque Nacional do Igua\u00e7u, que abriga o maior conjunto de quedas d\u2019\u00e0gua do mundo, as Cataratas do Igua\u00e7u, estar\u00e1<strong>\u00a0aberto durante todos os dias do feriad\u00e3o,<\/strong>\u00a0de 12 a 15 de novembro, das 9h \u00e0s 16h. A unidade de conserva\u00e7\u00e3o ir\u00e1 refor\u00e7ar o atendimento em todas as \u00e1reas tur\u00edsticas, visando \u00e0 melhor experi\u00eancia dos visitantes.<\/p>\n\n\n\n<p>O Marco das 3 Fronteiras, o local mais charmoso de Foz do Igua\u00e7u, abrir\u00e1 para os visitantes todos os dias no feriad\u00e3o de Proclama\u00e7\u00e3o da Rep\u00fablica, inclusive na segunda-feira (14 de novembro). De 12 a 15 de novembro, das 14h \u00e0s 21h.<\/p>\n\n\n\n<p>As Tr\u00eas Fronteiras esperam o p\u00fablico com muitas atra\u00e7\u00f5es, paisagens e sabores para toda a fam\u00edlia. A programa\u00e7\u00e3o seguir\u00e1 normalmente, com as novas apresenta\u00e7\u00f5es culturais a partir das 18 horas. O show tem in\u00edcio com o cen\u00e1rio deslumbrante do p\u00f4r do sol latino.<\/p>\n\n\n\n<p>Para realizar a visita, os interessados devem adquirir o ingresso com a escolha de dia e hor\u00e1rio dispon\u00edveis. As vendas s\u00e3o preferencialmente on-line, no site oficial:&nbsp;<a href=\"http:\/\/www.marcodastresfronteiras.com.br\/\" target=\"_blank\" rel=\"noreferrer noopener\">www.marcodastresfronteiras.com.br<\/a>.<\/p>\n\n\n\n<p><strong>Gastronomia da fronteira<\/strong>&nbsp;\u2013 Os visitantes podem viver uma viagem gastron\u00f4mica no Restaurante Cabeza de Vaca, localizado no interior do atrativo, diariamente, das 15h \u00e0s 22h, com m\u00fasica ao vivo e um card\u00e1pio especial dos tr\u00eas pa\u00edses: Brasil, Argentina e Paraguai.<\/p>\n\n\n\n<figure class=\"wp-block-gallery has-nested-images columns-default is-cropped wp-block-gallery-1 is-layout-flex wp-block-gallery-is-layout-flex\">\n<figure class=\"wp-block-image size-large\"><img loading=\"lazy\" decoding=\"async\" width=\"1000\" height=\"648\" data-id=\"14259\" src=\"https:\/\/acontecenafronteira.com.br\/wp-content\/uploads\/2022\/11\/marco-3-franteiras.jpg\" alt=\"\" class=\"wp-image-14259\" srcset=\"https:\/\/acontecenafronteira.com.br\/wp-content\/uploads\/2022\/11\/marco-3-franteiras.jpg 1000w, https:\/\/acontecenafronteira.com.br\/wp-content\/uploads\/2022\/11\/marco-3-franteiras-300x194.jpg 300w, https:\/\/acontecenafronteira.com.br\/wp-content\/uploads\/2022\/11\/marco-3-franteiras-768x498.jpg 768w\" sizes=\"auto, (max-width: 1000px) 100vw, 1000px\" \/><\/figure>\n<\/figure>\n\n\n\n<p>Foto: Redes Sociais<\/p>\n","protected":false},"excerpt":{"rendered":"<p>Parque espera 25 mil pessoas nos quatro dias do feriado prolongado As Tr\u00eas Fronteiras esperam o p\u00fablico com muitas atra\u00e7\u00f5es, paisagens e sabores para toda a fam\u00edlia. A programa\u00e7\u00e3o seguir\u00e1 normalmente, com as novas apresenta\u00e7\u00f5es culturais a partir das 18 horas. O show tem in\u00edcio com o cen\u00e1rio deslumbrante do p\u00f4r do sol latino. Para [&hellip;]<\/p>\n","protected":false},"author":2,"featured_media":14258,"comment_status":"open","ping_status":"open","sticky":false,"template":"","format":"standard","meta":{"om_disable_all_campaigns":false,"_monsterinsights_skip_tracking":false,"_monsterinsights_sitenote_active":false,"_monsterinsights_sitenote_note":"","_monsterinsights_sitenote_category":0,"footnotes":""},"categories":[4,13,9],"tags":[],"class_list":["post-14255","post","type-post","status-publish","format-standard","has-post-thumbnail","hentry","category-cidade","category-entretenimento","category-turismo"],"_links":{"self":[{"href":"https:\/\/acontecenafronteira.com.br\/index.php\/wp-json\/wp\/v2\/posts\/14255","targetHints":{"allow":["GET"]}}],"collection":[{"href":"https:\/\/acontecenafronteira.com.br\/index.php\/wp-json\/wp\/v2\/posts"}],"about":[{"href":"https:\/\/acontecenafronteira.com.br\/index.php\/wp-json\/wp\/v2\/types\/post"}],"author":[{"embeddable":true,"href":"https:\/\/acontecenafronteira.com.br\/index.php\/wp-json\/wp\/v2\/users\/2"}],"replies":[{"embeddable":true,"href":"https:\/\/acontecenafronteira.com.br\/index.php\/wp-json\/wp\/v2\/comments?post=14255"}],"version-history":[{"count":1,"href":"https:\/\/acontecenafronteira.com.br\/index.php\/wp-json\/wp\/v2\/posts\/14255\/revisions"}],"predecessor-version":[{"id":14260,"href":"https:\/\/acontecenafronteira.com.br\/index.php\/wp-json\/wp\/v2\/posts\/14255\/revisions\/14260"}],"wp:featuredmedia":[{"embeddable":true,"href":"https:\/\/acontecenafronteira.com.br\/index.php\/wp-json\/wp\/v2\/media\/14258"}],"wp:attachment":[{"href":"https:\/\/acontecenafronteira.com.br\/index.php\/wp-json\/wp\/v2\/media?parent=14255"}],"wp:term":[{"taxonomy":"category","embeddable":true,"href":"https:\/\/acontecenafronteira.com.br\/index.php\/wp-json\/wp\/v2\/categories?post=14255"},{"taxonomy":"post_tag","embeddable":true,"href":"https:\/\/acontecenafronteira.com.br\/index.php\/wp-json\/wp\/v2\/tags?post=14255"}],"curies":[{"name":"wp","href":"https:\/\/api.w.org\/{rel}","templated":true}]}}