{"id":14248,"date":"2022-11-11T09:19:55","date_gmt":"2022-11-11T12:19:55","guid":{"rendered":"https:\/\/acontecenafronteira.com.br\/?p=14248"},"modified":"2022-11-11T09:19:55","modified_gmt":"2022-11-11T12:19:55","slug":"foz-do-iguacu-fc-participa-de-roda-de-conversa-com-criancas-atendidas-pela-lbv","status":"publish","type":"post","link":"https:\/\/acontecenafronteira.com.br\/index.php\/2022\/11\/11\/foz-do-iguacu-fc-participa-de-roda-de-conversa-com-criancas-atendidas-pela-lbv\/","title":{"rendered":"FOZ DO IGUA\u00c7U FC PARTICIPA DE RODA DE CONVERSA COM CRIAN\u00c7AS ATENDIDAS PELA LBV"},"content":{"rendered":"\n<p><strong><em>A\u00e7\u00e3o marcou o Dia Nacional dos Clubes Esportivos.<\/em><\/strong><\/p>\n\n\n\n<p><strong><em>As crian\u00e7as e adolescentes atendidos pela LBV\u2013 Legi\u00e3o da Boa Vontade em Foz do Igua\u00e7u receberam, na quarta-feira (9), a visita de profissionais do Foz do Igua\u00e7u Futebol Clube.<\/em><\/strong><\/p>\n\n\n\n<p>Estiveram presentes na roda de conversas com a gera\u00e7\u00e3o do futuro de nossa cidade Roberto Mafra (diretor de marketing), Negreiros (T\u00e9cnico) e Pedro Gabriel (goleiro). Na oportunidade eles puderam explanar um pouco sobre a hist\u00f3ria do Azul\u00e3o da Fronteira e sobre as oportunidades que o esporte proporciona seja profissionalmente ou na forma\u00e7\u00e3o de cidad\u00e3os melhores.<\/p>\n\n\n\n<p>\u201c\u00c8 muito importante gratificante participarmos dessa roda de conversa com a nova gera\u00e7\u00e3o de igua\u00e7uense. Estreita os la\u00e7os deles com o \u00fanico time profissional da cidade\u201d, relata Negreiros, t\u00e9cnico da equipe profissional do Foz do Igua\u00e7u FC.<\/p>\n\n\n\n<p>O goleiro Pedro Gabriel, que far\u00e1 a sua terceira temporada como atleta profissional do Foz do Igua\u00e7u, procurou mostrar que o sonho de ser jogador de futebol \u00e9 poss\u00edvel para todos. \u201c Comecei na base aos 14 anos e hoje j\u00e1 estou prestes a iniciar minha terceira temporada como profissional e no clube de minha cidade\u201d, finalizou.<\/p>\n\n\n\n<p>Fundada no Brasil, em 1950, no dia 1\u00ba de janeiro (Dia da Paz e da Confraterniza\u00e7\u00e3o Universal), pelo radialista, jornalista, escritor e poeta Alziro Zarur (1914-1979) tem como presidente o jornalista, escritor, compositor e educador Jos\u00e9 de Paiva Netto.<\/p>\n\n\n\n<p>A LBV \u00e9 uma associa\u00e7\u00e3o civil de direito privado, sem fins econ\u00f4micos, com atua\u00e7\u00e3o preponderante na Assist\u00eancia Social, que tamb\u00e9m oferece Educa\u00e7\u00e3o B\u00e1sica e t\u00e9cnica profissionalizante, al\u00e9m de realizar a\u00e7\u00f5es humanit\u00e1rias, culturais e de comunica\u00e7\u00e3o social e educativa. Atua nas cinco regi\u00f5es do pa\u00eds, em prol de pessoas e fam\u00edlias em situa\u00e7\u00e3o de vulnerabilidade social, somando ao aux\u00edlio material os valores da Espiritualidade Ecum\u00eanica.<\/p>\n\n\n\n<p>Ao todo, s\u00e3o 82 unidades s\u00f3cio educacionais entre escolas de educa\u00e7\u00e3o b\u00e1sica, escola de capacita\u00e7\u00e3o profissional, abrigos para idosos e Centros Comunit\u00e1rios de Assist\u00eancia Social, que resgatam em cada atendido a sua autoestima e transformam para melhor a sua realidade. Al\u00e9m disso, a Institui\u00e7\u00e3o garante que o local seja seguro e o trabalho de qualidade, com a atua\u00e7\u00e3o de profissionais e volunt\u00e1rios capacitados.<\/p>\n\n\n\n<p>Todo o atendimento se soma ao despertar de valores espirituais, \u00e9ticos e ecum\u00eanicos, norteado pela Pedagogia do Afeto e pela Pedagogia do Cidad\u00e3o Ecum\u00eanico, linha educacional criada pelo educador e dirigente da LBV, Jos\u00e9 de Paiva Netto.<\/p>\n\n\n\n<p>Em Foz do Igua\u00e7u a entidade atende mais de 80 alunos.<\/p>\n\n\n\n<p>\u201cEsporte \u00e9 vida, n\u00e3o viol\u00eancia!\u201d<\/p>\n\n\n\n<p>Colaborando na propaga\u00e7\u00e3o dessa cultura de Paz, a Legi\u00e3o da Boa Vontade (LBV) promove nos est\u00e1dios e gin\u00e1sios do Brasil e no exterior a pioneira campanha Esporte \u00e9 Vida, n\u00e3o viol\u00eancia!<\/p>\n\n\n\n<p>A campanha foi lan\u00e7ada pelo jornalista, radialista e escritor Paiva Netto na d\u00e9cada de 1970, no Rio de Janeiro, RJ, e por seu forte apelo socioeducativo ganha cada vez mais admiradores e adeptos dos mais diversos segmentos sociais, e com grande apoio da m\u00eddia brasileira.<\/p>\n\n\n\n<p>Em 1978, de modo pioneiro, Paiva Netto levou os ideais fraternos da LBV ao Est\u00e1dio Jornalista M\u00e1rio Filho, mais conhecido como Maracan\u00e3. A finalidade foi a de colaborar para um ambiente de Paz entre os torcedores no famoso local. Ele organizava as equipes que conduziam faixas com frases educativas da Institui\u00e7\u00e3o, as quais eram apresentadas ao p\u00fablico no campo durante o intervalo dos jogos e tamb\u00e9m ficavam afixadas nas arquibancadas.<\/p>\n\n\n\n<p>O prop\u00f3sito de difundir os ideais da Legi\u00e3o da Boa Vontade em um meio no qual isso era ainda in\u00e9dito foi extremamente positivo. Surgiu, dessa maneira, a campanha LBV \u2014 Esporte \u00e9 Vida, n\u00e3o viol\u00eancia! O movimento espalhou-se para muitas outras cidades do Brasil e do exterior.<\/p>\n\n\n\n<figure class=\"wp-block-gallery has-nested-images columns-default is-cropped wp-block-gallery-1 is-layout-flex wp-block-gallery-is-layout-flex\">\n<figure class=\"wp-block-image size-medium\"><img loading=\"lazy\" decoding=\"async\" width=\"300\" height=\"225\" data-id=\"14253\" src=\"https:\/\/acontecenafronteira.com.br\/wp-content\/uploads\/2022\/11\/LBV1-300x225.jpg\" alt=\"\" class=\"wp-image-14253\" srcset=\"https:\/\/acontecenafronteira.com.br\/wp-content\/uploads\/2022\/11\/LBV1-300x225.jpg 300w, https:\/\/acontecenafronteira.com.br\/wp-content\/uploads\/2022\/11\/LBV1-1024x768.jpg 1024w, https:\/\/acontecenafronteira.com.br\/wp-content\/uploads\/2022\/11\/LBV1-768x576.jpg 768w, https:\/\/acontecenafronteira.com.br\/wp-content\/uploads\/2022\/11\/LBV1-1536x1152.jpg 1536w, https:\/\/acontecenafronteira.com.br\/wp-content\/uploads\/2022\/11\/LBV1.jpg 2048w\" sizes=\"auto, (max-width: 300px) 100vw, 300px\" \/><\/figure>\n\n\n\n<figure class=\"wp-block-image size-medium\"><img loading=\"lazy\" decoding=\"async\" width=\"300\" height=\"225\" data-id=\"14251\" src=\"https:\/\/acontecenafronteira.com.br\/wp-content\/uploads\/2022\/11\/LBV2-300x225.jpg\" alt=\"\" class=\"wp-image-14251\" srcset=\"https:\/\/acontecenafronteira.com.br\/wp-content\/uploads\/2022\/11\/LBV2-300x225.jpg 300w, https:\/\/acontecenafronteira.com.br\/wp-content\/uploads\/2022\/11\/LBV2-1024x768.jpg 1024w, https:\/\/acontecenafronteira.com.br\/wp-content\/uploads\/2022\/11\/LBV2-768x576.jpg 768w, https:\/\/acontecenafronteira.com.br\/wp-content\/uploads\/2022\/11\/LBV2-1536x1152.jpg 1536w, https:\/\/acontecenafronteira.com.br\/wp-content\/uploads\/2022\/11\/LBV2.jpg 2048w\" sizes=\"auto, (max-width: 300px) 100vw, 300px\" \/><\/figure>\n\n\n\n<figure class=\"wp-block-image size-medium\"><img loading=\"lazy\" decoding=\"async\" width=\"225\" height=\"300\" data-id=\"14252\" src=\"https:\/\/acontecenafronteira.com.br\/wp-content\/uploads\/2022\/11\/LBV3-225x300.jpg\" alt=\"\" class=\"wp-image-14252\" srcset=\"https:\/\/acontecenafronteira.com.br\/wp-content\/uploads\/2022\/11\/LBV3-225x300.jpg 225w, https:\/\/acontecenafronteira.com.br\/wp-content\/uploads\/2022\/11\/LBV3-768x1024.jpg 768w, https:\/\/acontecenafronteira.com.br\/wp-content\/uploads\/2022\/11\/LBV3-1152x1536.jpg 1152w, https:\/\/acontecenafronteira.com.br\/wp-content\/uploads\/2022\/11\/LBV3.jpg 1536w\" sizes=\"auto, (max-width: 225px) 100vw, 225px\" \/><\/figure>\n\n\n\n<figure class=\"wp-block-image size-medium\"><img loading=\"lazy\" decoding=\"async\" width=\"300\" height=\"225\" data-id=\"14250\" src=\"https:\/\/acontecenafronteira.com.br\/wp-content\/uploads\/2022\/11\/LBV4-1-300x225.jpg\" alt=\"\" class=\"wp-image-14250\" srcset=\"https:\/\/acontecenafronteira.com.br\/wp-content\/uploads\/2022\/11\/LBV4-1-300x225.jpg 300w, https:\/\/acontecenafronteira.com.br\/wp-content\/uploads\/2022\/11\/LBV4-1-1024x768.jpg 1024w, https:\/\/acontecenafronteira.com.br\/wp-content\/uploads\/2022\/11\/LBV4-1-768x576.jpg 768w, https:\/\/acontecenafronteira.com.br\/wp-content\/uploads\/2022\/11\/LBV4-1-1536x1152.jpg 1536w, https:\/\/acontecenafronteira.com.br\/wp-content\/uploads\/2022\/11\/LBV4-1.jpg 2048w\" sizes=\"auto, (max-width: 300px) 100vw, 300px\" \/><\/figure>\n<\/figure>\n\n\n\n<p>Fotos: Redes Sociais\/Foz do Igua\u00e7u Futebol Clube<\/p>\n","protected":false},"excerpt":{"rendered":"<p>A\u00e7\u00e3o marcou o Dia Nacional dos Clubes Esportivos. As crian\u00e7as e adolescentes atendidos pela LBV\u2013 Legi\u00e3o da Boa Vontade em Foz do Igua\u00e7u receberam, na quarta-feira (9), a visita de profissionais do Foz do Igua\u00e7u Futebol Clube. Estiveram presentes na roda de conversas com a gera\u00e7\u00e3o do futuro de nossa cidade Roberto Mafra (diretor de [&hellip;]<\/p>\n","protected":false},"author":2,"featured_media":14253,"comment_status":"open","ping_status":"open","sticky":false,"template":"","format":"standard","meta":{"om_disable_all_campaigns":false,"_monsterinsights_skip_tracking":false,"_monsterinsights_sitenote_active":false,"_monsterinsights_sitenote_note":"","_monsterinsights_sitenote_category":0,"footnotes":""},"categories":[1],"tags":[],"class_list":["post-14248","post","type-post","status-publish","format-standard","has-post-thumbnail","hentry","category-sem-categoria"],"_links":{"self":[{"href":"https:\/\/acontecenafronteira.com.br\/index.php\/wp-json\/wp\/v2\/posts\/14248","targetHints":{"allow":["GET"]}}],"collection":[{"href":"https:\/\/acontecenafronteira.com.br\/index.php\/wp-json\/wp\/v2\/posts"}],"about":[{"href":"https:\/\/acontecenafronteira.com.br\/index.php\/wp-json\/wp\/v2\/types\/post"}],"author":[{"embeddable":true,"href":"https:\/\/acontecenafronteira.com.br\/index.php\/wp-json\/wp\/v2\/users\/2"}],"replies":[{"embeddable":true,"href":"https:\/\/acontecenafronteira.com.br\/index.php\/wp-json\/wp\/v2\/comments?post=14248"}],"version-history":[{"count":1,"href":"https:\/\/acontecenafronteira.com.br\/index.php\/wp-json\/wp\/v2\/posts\/14248\/revisions"}],"predecessor-version":[{"id":14254,"href":"https:\/\/acontecenafronteira.com.br\/index.php\/wp-json\/wp\/v2\/posts\/14248\/revisions\/14254"}],"wp:featuredmedia":[{"embeddable":true,"href":"https:\/\/acontecenafronteira.com.br\/index.php\/wp-json\/wp\/v2\/media\/14253"}],"wp:attachment":[{"href":"https:\/\/acontecenafronteira.com.br\/index.php\/wp-json\/wp\/v2\/media?parent=14248"}],"wp:term":[{"taxonomy":"category","embeddable":true,"href":"https:\/\/acontecenafronteira.com.br\/index.php\/wp-json\/wp\/v2\/categories?post=14248"},{"taxonomy":"post_tag","embeddable":true,"href":"https:\/\/acontecenafronteira.com.br\/index.php\/wp-json\/wp\/v2\/tags?post=14248"}],"curies":[{"name":"wp","href":"https:\/\/api.w.org\/{rel}","templated":true}]}}