{"id":14242,"date":"2022-11-11T09:01:52","date_gmt":"2022-11-11T12:01:52","guid":{"rendered":"https:\/\/acontecenafronteira.com.br\/?p=14242"},"modified":"2022-11-11T09:01:52","modified_gmt":"2022-11-11T12:01:52","slug":"encontro-estadual-de-agentes-de-credito-pode-premiar-foz-como-uma-das-cidades-do-parana-com-mais-sucesso-em-operacoes-de-credito","status":"publish","type":"post","link":"https:\/\/acontecenafronteira.com.br\/index.php\/2022\/11\/11\/encontro-estadual-de-agentes-de-credito-pode-premiar-foz-como-uma-das-cidades-do-parana-com-mais-sucesso-em-operacoes-de-credito\/","title":{"rendered":"Encontro Estadual de Agentes de Cr\u00e9dito pode premiar Foz como uma das cidades do Paran\u00e1 com mais sucesso em opera\u00e7\u00f5es de cr\u00e9dito"},"content":{"rendered":"\n<p><strong><em>Evento \u00e9 realizado no munic\u00edpio desta quarta-feira (09) at\u00e9 sexta-feira (11) e re\u00fane mais de 350 agentes de cr\u00e9dito de todo o estado<\/em><\/strong><\/p>\n\n\n\n<p>A 7\u00aa edi\u00e7\u00e3o do Encontro Estadual de Agentes de Cr\u00e9dito, que come\u00e7a nesta quarta-feira (9), em Foz do Igua\u00e7u, poder\u00e1 definir a cidade como uma das principais do Paran\u00e1 em opera\u00e7\u00f5es de cr\u00e9dito. O munic\u00edpio concorre ao pr\u00eamio da Fomento Paran\u00e1 e do Sebrae\/PR.<\/p>\n\n\n\n<p>Por meio do Banco do Empreendedor, centenas de empreendedores e microempreendedores individuais puderam recorrer a linhas de cr\u00e9dito para realizar investimentos e ampliar a oferta de produtos.<\/p>\n\n\n\n<p>\u201cTemos aqui uma equipe que trabalha diariamente para atender a cada necessidade dos empres\u00e1rios que nos procuram. Com o apoio da Fomento Paran\u00e1, conseguimos ampliar os recursos e atingir novos beneficiados\u201d, afirma o diretor do Banco do Empreendedor, Volnei Lampert.<\/p>\n\n\n\n<p>Encontro estadual<\/p>\n\n\n\n<p>At\u00e9 sexta-feira (11), cerca de 350 profissionais estar\u00e3o na cidade para capacita\u00e7\u00e3o e integra\u00e7\u00e3o entre os servidores respons\u00e1veis pela intermedia\u00e7\u00e3o de cr\u00e9dito nos munic\u00edpios paranaenses.<\/p>\n\n\n\n<p>Os temas ser\u00e3o divididos em lideran\u00e7a, integra\u00e7\u00e3o e protagonismo; promover a troca de experi\u00eancias e de boas pr\u00e1ticas de atua\u00e7\u00e3o da rede de agentes de cr\u00e9dito; reconhecer e premiar os munic\u00edpios com melhor desempenho na gest\u00e3o da carteira do microcr\u00e9dito, conforme o porte populacional.<\/p>\n\n\n\n<p>Segundo Heraldo Neves, diretor-presidente da Fomento Paran\u00e1, o trabalho voltado ao cr\u00e9dito, em parceria com o Sebrae, \u00e9 uma excelente ferramenta de pol\u00edtica p\u00fablica mantida pelo Governo do Estado.<\/p>\n\n\n\n<p>\u201cO agente de cr\u00e9dito consegue atender uma grande por\u00e7\u00e3o de pessoas que, em muitos casos, n\u00e3o teriam acesso aos recursos, ou n\u00e3o teriam condi\u00e7\u00f5es t\u00e3o apropriadas, em termos de custos e prazos para desenvolver uma atividade empreendedora para gerar renda, como \u00e9 o caso das mulheres empreendedoras, que hoje s\u00e3o atendidas pelo Banco da Mulher Paranaense\u201d, afirma.<\/p>\n\n\n\n<figure class=\"wp-block-gallery has-nested-images columns-default is-cropped wp-block-gallery-1 is-layout-flex wp-block-gallery-is-layout-flex\">\n<figure class=\"wp-block-image size-large\"><img loading=\"lazy\" decoding=\"async\" width=\"799\" height=\"533\" data-id=\"14243\" src=\"https:\/\/acontecenafronteira.com.br\/wp-content\/uploads\/2022\/11\/FOMENTO1.jpeg\" alt=\"\" class=\"wp-image-14243\" srcset=\"https:\/\/acontecenafronteira.com.br\/wp-content\/uploads\/2022\/11\/FOMENTO1.jpeg 799w, https:\/\/acontecenafronteira.com.br\/wp-content\/uploads\/2022\/11\/FOMENTO1-300x200.jpeg 300w, https:\/\/acontecenafronteira.com.br\/wp-content\/uploads\/2022\/11\/FOMENTO1-768x512.jpeg 768w\" sizes=\"auto, (max-width: 799px) 100vw, 799px\" \/><\/figure>\n\n\n\n<figure class=\"wp-block-image size-large\"><img loading=\"lazy\" decoding=\"async\" width=\"799\" height=\"533\" data-id=\"14246\" src=\"https:\/\/acontecenafronteira.com.br\/wp-content\/uploads\/2022\/11\/FOMENTO2.jpeg\" alt=\"\" class=\"wp-image-14246\" srcset=\"https:\/\/acontecenafronteira.com.br\/wp-content\/uploads\/2022\/11\/FOMENTO2.jpeg 799w, https:\/\/acontecenafronteira.com.br\/wp-content\/uploads\/2022\/11\/FOMENTO2-300x200.jpeg 300w, https:\/\/acontecenafronteira.com.br\/wp-content\/uploads\/2022\/11\/FOMENTO2-768x512.jpeg 768w\" sizes=\"auto, (max-width: 799px) 100vw, 799px\" \/><\/figure>\n\n\n\n<figure class=\"wp-block-image size-large\"><img loading=\"lazy\" decoding=\"async\" width=\"799\" height=\"533\" data-id=\"14244\" src=\"https:\/\/acontecenafronteira.com.br\/wp-content\/uploads\/2022\/11\/FOMENTO3.jpeg\" alt=\"\" class=\"wp-image-14244\" srcset=\"https:\/\/acontecenafronteira.com.br\/wp-content\/uploads\/2022\/11\/FOMENTO3.jpeg 799w, https:\/\/acontecenafronteira.com.br\/wp-content\/uploads\/2022\/11\/FOMENTO3-300x200.jpeg 300w, https:\/\/acontecenafronteira.com.br\/wp-content\/uploads\/2022\/11\/FOMENTO3-768x512.jpeg 768w\" sizes=\"auto, (max-width: 799px) 100vw, 799px\" \/><\/figure>\n\n\n\n<figure class=\"wp-block-image size-large\"><img loading=\"lazy\" decoding=\"async\" width=\"799\" height=\"533\" data-id=\"14245\" src=\"https:\/\/acontecenafronteira.com.br\/wp-content\/uploads\/2022\/11\/FOMENTO4.jpeg\" alt=\"\" class=\"wp-image-14245\" srcset=\"https:\/\/acontecenafronteira.com.br\/wp-content\/uploads\/2022\/11\/FOMENTO4.jpeg 799w, https:\/\/acontecenafronteira.com.br\/wp-content\/uploads\/2022\/11\/FOMENTO4-300x200.jpeg 300w, https:\/\/acontecenafronteira.com.br\/wp-content\/uploads\/2022\/11\/FOMENTO4-768x512.jpeg 768w\" sizes=\"auto, (max-width: 799px) 100vw, 799px\" \/><\/figure>\n<\/figure>\n\n\n\n<p>Fotos: Thiago Dutra\/PMFI<\/p>\n","protected":false},"excerpt":{"rendered":"<p>Evento \u00e9 realizado no munic\u00edpio desta quarta-feira (09) at\u00e9 sexta-feira (11) e re\u00fane mais de 350 agentes de cr\u00e9dito de todo o estado A 7\u00aa edi\u00e7\u00e3o do Encontro Estadual de Agentes de Cr\u00e9dito, que come\u00e7a nesta quarta-feira (9), em Foz do Igua\u00e7u, poder\u00e1 definir a cidade como uma das principais do Paran\u00e1 em opera\u00e7\u00f5es de [&hellip;]<\/p>\n","protected":false},"author":2,"featured_media":14243,"comment_status":"open","ping_status":"open","sticky":false,"template":"","format":"standard","meta":{"om_disable_all_campaigns":false,"_monsterinsights_skip_tracking":false,"_monsterinsights_sitenote_active":false,"_monsterinsights_sitenote_note":"","_monsterinsights_sitenote_category":0,"footnotes":""},"categories":[4,18,19],"tags":[],"class_list":["post-14242","post","type-post","status-publish","format-standard","has-post-thumbnail","hentry","category-cidade","category-parana","category-politica"],"_links":{"self":[{"href":"https:\/\/acontecenafronteira.com.br\/index.php\/wp-json\/wp\/v2\/posts\/14242","targetHints":{"allow":["GET"]}}],"collection":[{"href":"https:\/\/acontecenafronteira.com.br\/index.php\/wp-json\/wp\/v2\/posts"}],"about":[{"href":"https:\/\/acontecenafronteira.com.br\/index.php\/wp-json\/wp\/v2\/types\/post"}],"author":[{"embeddable":true,"href":"https:\/\/acontecenafronteira.com.br\/index.php\/wp-json\/wp\/v2\/users\/2"}],"replies":[{"embeddable":true,"href":"https:\/\/acontecenafronteira.com.br\/index.php\/wp-json\/wp\/v2\/comments?post=14242"}],"version-history":[{"count":1,"href":"https:\/\/acontecenafronteira.com.br\/index.php\/wp-json\/wp\/v2\/posts\/14242\/revisions"}],"predecessor-version":[{"id":14247,"href":"https:\/\/acontecenafronteira.com.br\/index.php\/wp-json\/wp\/v2\/posts\/14242\/revisions\/14247"}],"wp:featuredmedia":[{"embeddable":true,"href":"https:\/\/acontecenafronteira.com.br\/index.php\/wp-json\/wp\/v2\/media\/14243"}],"wp:attachment":[{"href":"https:\/\/acontecenafronteira.com.br\/index.php\/wp-json\/wp\/v2\/media?parent=14242"}],"wp:term":[{"taxonomy":"category","embeddable":true,"href":"https:\/\/acontecenafronteira.com.br\/index.php\/wp-json\/wp\/v2\/categories?post=14242"},{"taxonomy":"post_tag","embeddable":true,"href":"https:\/\/acontecenafronteira.com.br\/index.php\/wp-json\/wp\/v2\/tags?post=14242"}],"curies":[{"name":"wp","href":"https:\/\/api.w.org\/{rel}","templated":true}]}}