{"id":14222,"date":"2022-11-11T07:45:04","date_gmt":"2022-11-11T10:45:04","guid":{"rendered":"https:\/\/acontecenafronteira.com.br\/?p=14222"},"modified":"2022-11-11T12:56:59","modified_gmt":"2022-11-11T15:56:59","slug":"justica-federal-determina-fim-do-acampamento-dos-manifestantes","status":"publish","type":"post","link":"https:\/\/acontecenafronteira.com.br\/index.php\/2022\/11\/11\/justica-federal-determina-fim-do-acampamento-dos-manifestantes\/","title":{"rendered":"Justi\u00e7a Federal Determina Fim do Acampamento dos Manifestantes"},"content":{"rendered":"\n<p><em><strong>Por determina\u00e7\u00e3o da Justi\u00e7a Federal, PM acaba com as manifesta\u00e7\u00f5es antidemocr\u00e1ticas na Av. Brasil<\/strong><\/em><\/p>\n\n\n\n<p>Nos primeiro minutos desta sexta-feira, 11 de novembro de 2022, mais precisamente as 00h:15min, policiais militares do 14\u00ba Batalh\u00e3o da Policia Militar de Foz do Igua\u00e7u, deram cumprimento a um mandado judicial oriundo da Procuradoria da Rep\u00fablica de Francisco Beltr\u00e3o\/PR, qual determinava o cumprimento imediato num prazo de 24 horas da decis\u00e3o do STF de desbloqueio de vias.<br>O of\u00edcio de n\u00ba 499\/2022, qual determinava o comandante do 14\u00ba BPM, a desobstru\u00e7\u00e3o do grupo de pessoas que acampou em frente ao 34\u00ba Batalh\u00e3o do Ex\u00e9rcito,<br>defendendo a interven\u00e7\u00e3o militar, violando o direito de ir e vir dos cidad\u00e3os e causando transtornos generalizados ao com\u00e9rcio, tr\u00e2nsito de pessoas, de ve\u00edculos, para providencias para desobstruir a Avenida Rep\u00fablica Argentina, entre Avenida Brasil e Avenida Juscelino Kubitschek, local do \u201cacampamento\u201d.<br>O oficio \u00e9 assinado pela Procuradora da Rep\u00fablica de plant\u00e3o Indira Bolsoni Pinheiro.<br>Segue documento:<\/p>\n\n\n\n<div data-wp-interactive=\"core\/file\" class=\"wp-block-file\"><object data-wp-bind--hidden=\"!state.hasPdfPreview\" hidden class=\"wp-block-file__embed\" data=\"https:\/\/acontecenafronteira.com.br\/wp-content\/uploads\/2022\/11\/PRM-FBE-PR-00003670.2022.pdf\" type=\"application\/pdf\" style=\"width:100%;height:600px\" aria-label=\"Incorpora\u00e7\u00e3o de PRM-FBE-PR-00003670.2022.\"><\/object><a id=\"wp-block-file--media-040f85d4-5686-4857-999d-3a0007237647\" href=\"https:\/\/acontecenafronteira.com.br\/wp-content\/uploads\/2022\/11\/PRM-FBE-PR-00003670.2022.pdf\">PRM-FBE-PR-00003670.2022<\/a><a href=\"https:\/\/acontecenafronteira.com.br\/wp-content\/uploads\/2022\/11\/PRM-FBE-PR-00003670.2022.pdf\" class=\"wp-block-file__button wp-element-button\" download aria-describedby=\"wp-block-file--media-040f85d4-5686-4857-999d-3a0007237647\">Download<\/a><\/div>\n\n\n\n<p>Foto: Divulga\u00e7\u00e3o<\/p>\n\n\n\n<figure class=\"wp-block-video\"><video height=\"288\" style=\"aspect-ratio: 640 \/ 288;\" width=\"640\" controls src=\"https:\/\/acontecenafronteira.com.br\/wp-content\/uploads\/2022\/11\/WhatsApp-Video-2022-11-11-at-09.45.20.mp4\"><\/video><\/figure>\n","protected":false},"excerpt":{"rendered":"<p>Por determina\u00e7\u00e3o da Justi\u00e7a Federal, PM acaba com as manifesta\u00e7\u00f5es antidemocr\u00e1ticas na Av. Brasil Nos primeiro minutos desta sexta-feira, 11 de novembro de 2022, mais precisamente as 00h:15min, policiais militares do 14\u00ba Batalh\u00e3o da Policia Militar de Foz do Igua\u00e7u, deram cumprimento a um mandado judicial oriundo da Procuradoria da Rep\u00fablica de Francisco Beltr\u00e3o\/PR, qual [&hellip;]<\/p>\n","protected":false},"author":2,"featured_media":14224,"comment_status":"open","ping_status":"open","sticky":false,"template":"","format":"standard","meta":{"om_disable_all_campaigns":false,"_monsterinsights_skip_tracking":false,"_monsterinsights_sitenote_active":false,"_monsterinsights_sitenote_note":"","_monsterinsights_sitenote_category":0,"footnotes":""},"categories":[4,5,19],"tags":[],"class_list":["post-14222","post","type-post","status-publish","format-standard","has-post-thumbnail","hentry","category-cidade","category-policia","category-politica"],"_links":{"self":[{"href":"https:\/\/acontecenafronteira.com.br\/index.php\/wp-json\/wp\/v2\/posts\/14222","targetHints":{"allow":["GET"]}}],"collection":[{"href":"https:\/\/acontecenafronteira.com.br\/index.php\/wp-json\/wp\/v2\/posts"}],"about":[{"href":"https:\/\/acontecenafronteira.com.br\/index.php\/wp-json\/wp\/v2\/types\/post"}],"author":[{"embeddable":true,"href":"https:\/\/acontecenafronteira.com.br\/index.php\/wp-json\/wp\/v2\/users\/2"}],"replies":[{"embeddable":true,"href":"https:\/\/acontecenafronteira.com.br\/index.php\/wp-json\/wp\/v2\/comments?post=14222"}],"version-history":[{"count":2,"href":"https:\/\/acontecenafronteira.com.br\/index.php\/wp-json\/wp\/v2\/posts\/14222\/revisions"}],"predecessor-version":[{"id":14273,"href":"https:\/\/acontecenafronteira.com.br\/index.php\/wp-json\/wp\/v2\/posts\/14222\/revisions\/14273"}],"wp:featuredmedia":[{"embeddable":true,"href":"https:\/\/acontecenafronteira.com.br\/index.php\/wp-json\/wp\/v2\/media\/14224"}],"wp:attachment":[{"href":"https:\/\/acontecenafronteira.com.br\/index.php\/wp-json\/wp\/v2\/media?parent=14222"}],"wp:term":[{"taxonomy":"category","embeddable":true,"href":"https:\/\/acontecenafronteira.com.br\/index.php\/wp-json\/wp\/v2\/categories?post=14222"},{"taxonomy":"post_tag","embeddable":true,"href":"https:\/\/acontecenafronteira.com.br\/index.php\/wp-json\/wp\/v2\/tags?post=14222"}],"curies":[{"name":"wp","href":"https:\/\/api.w.org\/{rel}","templated":true}]}}