{"id":14180,"date":"2022-11-10T12:42:46","date_gmt":"2022-11-10T15:42:46","guid":{"rendered":"https:\/\/acontecenafronteira.com.br\/?p=14180"},"modified":"2022-11-10T12:42:47","modified_gmt":"2022-11-10T15:42:47","slug":"prefeitura-de-serranopolis-conhece-modelo-de-ensino-em-periodo-integral-de-foz-do-iguacu","status":"publish","type":"post","link":"https:\/\/acontecenafronteira.com.br\/index.php\/2022\/11\/10\/prefeitura-de-serranopolis-conhece-modelo-de-ensino-em-periodo-integral-de-foz-do-iguacu\/","title":{"rendered":"Prefeitura de Serran\u00f3polis conhece modelo de ensino em per\u00edodo integral de Foz do Igua\u00e7u"},"content":{"rendered":"\n<p><strong><em>Visita t\u00e9cnica aconteceu nesta ter\u00e7a-feira (08) na Escola Gabriela Mistral e foi acompanhada pela equipe da Secretaria da Educa\u00e7\u00e3o<\/em><\/strong><\/p>\n\n\n\n<p>Representantes da Secretaria da Educa\u00e7\u00e3o de Serran\u00f3polis do Igua\u00e7u estiveram em Foz na manh\u00e3 desta ter\u00e7a-feira (08) para conhecer o modelo de funcionamento do per\u00edodo integral nas escolas da rede p\u00fablica. O objetivo foi conhecer as estrat\u00e9gias de implanta\u00e7\u00e3o dessa modalidade de ensino no \u00e2mbito da gest\u00e3o pedag\u00f3gica, tecnol\u00f3gica e curricular, para ser adaptado ao munic\u00edpio de Serran\u00f3polis.<\/p>\n\n\n\n<p>A visita t\u00e9cnica aconteceu na Escola Gabriela Mistral, no Jardim Lancaster, a segunda unidade a implantar o per\u00edodo integral no munic\u00edpio. A primeira foi a Escola Parigot de Souza, na regi\u00e3o Central.<\/p>\n\n\n\n<p>O secret\u00e1rio de educa\u00e7\u00e3o de Serran\u00f3polis, Leandro Luiz Hippler, e as coordenadoras educacionais foram recebidos pela secret\u00e1ria da educa\u00e7\u00e3o de Foz do Igua\u00e7u, Maria Justina da Silva, a diretora de Ensino Fundamental, Eliziane Diesel, e a diretora da escola, Eliane Chope.<\/p>\n\n\n\n<p>A equipe conheceu toda a estrutura da unidade escolar, que foi reconstru\u00edda e entregue \u00e0 comunidade neste ano. A nova escola conta com dez salas de aula climatizadas, laborat\u00f3rio de inform\u00e1tica, biblioteca, refeit\u00f3rio, sagu\u00e3o, playground, cozinha, almoxarifado e salas administrativas. Os 280 estudantes matriculados na escola iniciaram o per\u00edodo integral em agosto deste ano e, al\u00e9m da grade curricular, eles t\u00eam aulas de ingl\u00eas, espanhol e rob\u00f3tica, oficinas de dan\u00e7a urbana e artesanato, aulas de educa\u00e7\u00e3o ambiental e educa\u00e7\u00e3o financeira.<\/p>\n\n\n\n<p>A proposta da visita, conforme explicou o secret\u00e1rio Leandro Hippler, \u00e9 iniciar o per\u00edodo integral na \u00fanica escola de Serran\u00f3polis, que atende cerca de 300 crian\u00e7as. \u201cViemos conhecer a estrutura e entender o funcionamento, com rela\u00e7\u00e3o \u00e0 oferta de atividades, os hor\u00e1rios dos professores, a quest\u00e3o da merenda escolar. Cada escola possui uma realidade, mas \u00e9 importante conhecer a experi\u00eancia para termos ideia de como come\u00e7ar\u201d, comentou.<\/p>\n\n\n\n<p>A secret\u00e1ria Maria Justina orientou a equipe que inicie o projeto de forma gradativa, possibilitando adequa\u00e7\u00f5es programadas. \u201cOs desafios do per\u00edodo integral s\u00e3o muitos, mas hoje Foz do Igua\u00e7u \u00e9 modelo neste atendimento. A proposta \u00e9 ampliarmos o n\u00famero de escolas de per\u00edodo integral em 2023, assim como as atividades de contraturno que j\u00e1 s\u00e3o ofertadas na maioria das unidades de ensino\u201d, contou.<\/p>\n\n\n\n<p>A visita t\u00e9cnica foi acompanhada pelas coordenadoras da Secretaria da Educa\u00e7\u00e3o de Serran\u00f3polis do Igua\u00e7u Veronise Begnini e Rizane Peretti, e a diretora da escola Silvana Henicka.<\/p>\n\n\n\n<figure class=\"wp-block-gallery has-nested-images columns-default is-cropped wp-block-gallery-1 is-layout-flex wp-block-gallery-is-layout-flex\">\n<figure class=\"wp-block-image size-large\"><a href=\"https:\/\/acontecenafronteira.com.br\/wp-content\/uploads\/2022\/11\/SERRANOPOLIS-FOZ1-1.jpeg\"><img loading=\"lazy\" decoding=\"async\" width=\"1024\" height=\"768\" data-id=\"14183\" src=\"https:\/\/acontecenafronteira.com.br\/wp-content\/uploads\/2022\/11\/SERRANOPOLIS-FOZ1-1-1024x768.jpeg\" alt=\"\" class=\"wp-image-14183\" srcset=\"https:\/\/acontecenafronteira.com.br\/wp-content\/uploads\/2022\/11\/SERRANOPOLIS-FOZ1-1-1024x768.jpeg 1024w, https:\/\/acontecenafronteira.com.br\/wp-content\/uploads\/2022\/11\/SERRANOPOLIS-FOZ1-1-300x225.jpeg 300w, https:\/\/acontecenafronteira.com.br\/wp-content\/uploads\/2022\/11\/SERRANOPOLIS-FOZ1-1-768x576.jpeg 768w, https:\/\/acontecenafronteira.com.br\/wp-content\/uploads\/2022\/11\/SERRANOPOLIS-FOZ1-1.jpeg 1280w\" sizes=\"auto, (max-width: 1024px) 100vw, 1024px\" \/><\/a><\/figure>\n\n\n\n<figure class=\"wp-block-image size-large\"><a href=\"https:\/\/acontecenafronteira.com.br\/wp-content\/uploads\/2022\/11\/SERRANOPOLIS-FOZ2-1.jpeg\"><img loading=\"lazy\" decoding=\"async\" width=\"1024\" height=\"768\" data-id=\"14181\" src=\"https:\/\/acontecenafronteira.com.br\/wp-content\/uploads\/2022\/11\/SERRANOPOLIS-FOZ2-1-1024x768.jpeg\" alt=\"\" class=\"wp-image-14181\" srcset=\"https:\/\/acontecenafronteira.com.br\/wp-content\/uploads\/2022\/11\/SERRANOPOLIS-FOZ2-1-1024x768.jpeg 1024w, https:\/\/acontecenafronteira.com.br\/wp-content\/uploads\/2022\/11\/SERRANOPOLIS-FOZ2-1-300x225.jpeg 300w, https:\/\/acontecenafronteira.com.br\/wp-content\/uploads\/2022\/11\/SERRANOPOLIS-FOZ2-1-768x576.jpeg 768w, https:\/\/acontecenafronteira.com.br\/wp-content\/uploads\/2022\/11\/SERRANOPOLIS-FOZ2-1.jpeg 1280w\" sizes=\"auto, (max-width: 1024px) 100vw, 1024px\" \/><\/a><\/figure>\n\n\n\n<figure class=\"wp-block-image size-large\"><a href=\"https:\/\/acontecenafronteira.com.br\/wp-content\/uploads\/2022\/11\/SERRANOPOLIS-FOZ3-1.jpeg\"><img loading=\"lazy\" decoding=\"async\" width=\"1024\" height=\"768\" data-id=\"14182\" src=\"https:\/\/acontecenafronteira.com.br\/wp-content\/uploads\/2022\/11\/SERRANOPOLIS-FOZ3-1-1024x768.jpeg\" alt=\"\" class=\"wp-image-14182\" srcset=\"https:\/\/acontecenafronteira.com.br\/wp-content\/uploads\/2022\/11\/SERRANOPOLIS-FOZ3-1-1024x768.jpeg 1024w, https:\/\/acontecenafronteira.com.br\/wp-content\/uploads\/2022\/11\/SERRANOPOLIS-FOZ3-1-300x225.jpeg 300w, https:\/\/acontecenafronteira.com.br\/wp-content\/uploads\/2022\/11\/SERRANOPOLIS-FOZ3-1-768x576.jpeg 768w, https:\/\/acontecenafronteira.com.br\/wp-content\/uploads\/2022\/11\/SERRANOPOLIS-FOZ3-1.jpeg 1280w\" sizes=\"auto, (max-width: 1024px) 100vw, 1024px\" \/><\/a><\/figure>\n<\/figure>\n\n\n\n<p>Foto: Divulga\u00e7\u00e3o PMFI<\/p>\n","protected":false},"excerpt":{"rendered":"<p>Visita t\u00e9cnica aconteceu nesta ter\u00e7a-feira (08) na Escola Gabriela Mistral e foi acompanhada pela equipe da Secretaria da Educa\u00e7\u00e3o Representantes da Secretaria da Educa\u00e7\u00e3o de Serran\u00f3polis do Igua\u00e7u estiveram em Foz na manh\u00e3 desta ter\u00e7a-feira (08) para conhecer o modelo de funcionamento do per\u00edodo integral nas escolas da rede p\u00fablica. O objetivo foi conhecer as [&hellip;]<\/p>\n","protected":false},"author":2,"featured_media":14177,"comment_status":"open","ping_status":"open","sticky":false,"template":"","format":"standard","meta":{"om_disable_all_campaigns":false,"_monsterinsights_skip_tracking":false,"_monsterinsights_sitenote_active":false,"_monsterinsights_sitenote_note":"","_monsterinsights_sitenote_category":0,"footnotes":""},"categories":[4,8],"tags":[],"class_list":["post-14180","post","type-post","status-publish","format-standard","has-post-thumbnail","hentry","category-cidade","category-educaca0"],"_links":{"self":[{"href":"https:\/\/acontecenafronteira.com.br\/index.php\/wp-json\/wp\/v2\/posts\/14180","targetHints":{"allow":["GET"]}}],"collection":[{"href":"https:\/\/acontecenafronteira.com.br\/index.php\/wp-json\/wp\/v2\/posts"}],"about":[{"href":"https:\/\/acontecenafronteira.com.br\/index.php\/wp-json\/wp\/v2\/types\/post"}],"author":[{"embeddable":true,"href":"https:\/\/acontecenafronteira.com.br\/index.php\/wp-json\/wp\/v2\/users\/2"}],"replies":[{"embeddable":true,"href":"https:\/\/acontecenafronteira.com.br\/index.php\/wp-json\/wp\/v2\/comments?post=14180"}],"version-history":[{"count":1,"href":"https:\/\/acontecenafronteira.com.br\/index.php\/wp-json\/wp\/v2\/posts\/14180\/revisions"}],"predecessor-version":[{"id":14184,"href":"https:\/\/acontecenafronteira.com.br\/index.php\/wp-json\/wp\/v2\/posts\/14180\/revisions\/14184"}],"wp:featuredmedia":[{"embeddable":true,"href":"https:\/\/acontecenafronteira.com.br\/index.php\/wp-json\/wp\/v2\/media\/14177"}],"wp:attachment":[{"href":"https:\/\/acontecenafronteira.com.br\/index.php\/wp-json\/wp\/v2\/media?parent=14180"}],"wp:term":[{"taxonomy":"category","embeddable":true,"href":"https:\/\/acontecenafronteira.com.br\/index.php\/wp-json\/wp\/v2\/categories?post=14180"},{"taxonomy":"post_tag","embeddable":true,"href":"https:\/\/acontecenafronteira.com.br\/index.php\/wp-json\/wp\/v2\/tags?post=14180"}],"curies":[{"name":"wp","href":"https:\/\/api.w.org\/{rel}","templated":true}]}}