{"id":13982,"date":"2022-10-31T13:01:13","date_gmt":"2022-10-31T16:01:13","guid":{"rendered":"https:\/\/acontecenafronteira.com.br\/?p=13982"},"modified":"2022-10-31T13:01:14","modified_gmt":"2022-10-31T16:01:14","slug":"prefeito-sanciona-lei-que-cria-vale-alimentacao-para-servidores","status":"publish","type":"post","link":"https:\/\/acontecenafronteira.com.br\/index.php\/2022\/10\/31\/prefeito-sanciona-lei-que-cria-vale-alimentacao-para-servidores\/","title":{"rendered":"Prefeito sanciona lei que cria vale-alimenta\u00e7\u00e3o para servidores"},"content":{"rendered":"\n<p><strong><em>Legisla\u00e7\u00e3o prev\u00ea aux\u00edlio de R$300,00 para servidores que recebem at\u00e9 R$2.500,00<\/em><\/strong><\/p>\n\n\n\n<p><strong><em>O prefeito Chico Brasileiro garantiu mais um avan\u00e7o hist\u00f3rico na gest\u00e3o p\u00fablica com a san\u00e7\u00e3o da Lei 5.182\/2022, que implementa o vale-alimenta\u00e7\u00e3o de R$300,00 para os servidores municipais. A legisla\u00e7\u00e3o proposta pelo Poder Executivo foi publicada no Di\u00e1rio Oficial na quinta-feira (27), data que integrou as celebra\u00e7\u00f5es da Semana do Servidor.<\/em><\/strong><\/p>\n\n\n\n<p>Com base na legisla\u00e7\u00e3o, os servidores municipais que recebem at\u00e9 R$2.500,00 ter\u00e3o direito ao benef\u00edcio. O benef\u00edcio come\u00e7ar\u00e1 a ser pago assim que for conclu\u00eddo o processo licitat\u00f3rio, no prazo m\u00e1ximo de at\u00e9 120 dias.<\/p>\n\n\n\n<p>\u201cEste avan\u00e7o para o funcionalismo p\u00fablico s\u00f3 \u00e9 poss\u00edvel gra\u00e7as a uma gest\u00e3o comprometida com a manuten\u00e7\u00e3o do equil\u00edbrio financeiro e o respeito \u00e0 responsabilidade fiscal na administra\u00e7\u00e3o municipal\u201d, expressou o prefeito Chico Brasileiro.<\/p>\n\n\n\n<p>Para Aldevir Hanke, presidente do SISMUFI (Sindicato dos Servidores Municipais de Foz do Igua\u00e7u), \u201ca san\u00e7\u00e3o da lei \u00e9 extremamente relevante, porque a medida estava prevista desde 1993 e a regulamenta\u00e7\u00e3o garante uma seguran\u00e7a para que o trabalhador receba o aux\u00edlio. O sindicato vai continuar lutando para que todos os servidores sejam contemplados com o vale-alimenta\u00e7\u00e3o\u201d.<\/p>\n\n\n\n<p>Ainda conforme a legisla\u00e7\u00e3o, as verbas recebidas de car\u00e1ter permanente e a t\u00edtulo de piso salarial da categoria integrar\u00e3o a base de c\u00e1lculo para fins de verifica\u00e7\u00e3o do teto salarial, excetuadas as verbas de car\u00e1ter transit\u00f3rio e indenizat\u00f3rio que n\u00e3o integrar\u00e3o a base de c\u00e1lculo. De acordo com levantamentos da Secretaria Municipal da Administra\u00e7\u00e3o, ser\u00e3o beneficiados 1.688 servidores.<\/p>\n\n\n\n<p>\u201cO benef\u00edcio vai contribuir para melhorar a renda de cerca de 25% dos servidores, garantindo um maior poder de compra. Continuaremos estudando mais medidas para fortalecer a renda dos trabalhadores do Munic\u00edpio\u201d, enfatizou o secret\u00e1rio de Administra\u00e7\u00e3o, Nilton Bobato.<\/p>\n\n\n\n<p>A proposta tamb\u00e9m prev\u00ea a suspens\u00e3o do benef\u00edcio em caso de viola\u00e7\u00f5es ou situa\u00e7\u00f5es adversas, tais como: cumprimento de penalidade disciplinar por falta funcional; em gozo de licen\u00e7a sem remunera\u00e7\u00e3o; tiver 1 (uma) ou mais faltas injustificadas; designado para fun\u00e7\u00e3o de confian\u00e7a e que receba gratifica\u00e7\u00e3o por encargos especiais, fun\u00e7\u00e3o de chefia ou fun\u00e7\u00e3o de encarreg\u00e2ncia; cedido a outros \u00f3rg\u00e3os, ressalvadas as cess\u00f5es entre os \u00f3rg\u00e3os da Administra\u00e7\u00e3o Direta e Indireta, incluindo a Funda\u00e7\u00e3o Municipal de Sa\u00fade de Foz do Igua\u00e7u.<\/p>\n\n\n\n<figure class=\"wp-block-image size-full\"><img loading=\"lazy\" decoding=\"async\" width=\"799\" height=\"534\" src=\"https:\/\/acontecenafronteira.com.br\/wp-content\/uploads\/2022\/10\/PREFEITO-CHICO.jpeg\" alt=\"\" class=\"wp-image-13983\" srcset=\"https:\/\/acontecenafronteira.com.br\/wp-content\/uploads\/2022\/10\/PREFEITO-CHICO.jpeg 799w, https:\/\/acontecenafronteira.com.br\/wp-content\/uploads\/2022\/10\/PREFEITO-CHICO-300x201.jpeg 300w, https:\/\/acontecenafronteira.com.br\/wp-content\/uploads\/2022\/10\/PREFEITO-CHICO-768x513.jpeg 768w\" sizes=\"auto, (max-width: 799px) 100vw, 799px\" \/><figcaption>Foto: Divulga\u00e7\u00e3o AMN<\/figcaption><\/figure>\n","protected":false},"excerpt":{"rendered":"<p>Legisla\u00e7\u00e3o prev\u00ea aux\u00edlio de R$300,00 para servidores que recebem at\u00e9 R$2.500,00 O prefeito Chico Brasileiro garantiu mais um avan\u00e7o hist\u00f3rico na gest\u00e3o p\u00fablica com a san\u00e7\u00e3o da Lei 5.182\/2022, que implementa o vale-alimenta\u00e7\u00e3o de R$300,00 para os servidores municipais. A legisla\u00e7\u00e3o proposta pelo Poder Executivo foi publicada no Di\u00e1rio Oficial na quinta-feira (27), data que [&hellip;]<\/p>\n","protected":false},"author":2,"featured_media":13983,"comment_status":"open","ping_status":"open","sticky":false,"template":"","format":"standard","meta":{"om_disable_all_campaigns":false,"_monsterinsights_skip_tracking":false,"_monsterinsights_sitenote_active":false,"_monsterinsights_sitenote_note":"","_monsterinsights_sitenote_category":0,"footnotes":""},"categories":[4,5,15],"tags":[],"class_list":["post-13982","post","type-post","status-publish","format-standard","has-post-thumbnail","hentry","category-cidade","category-policia","category-trabalho"],"_links":{"self":[{"href":"https:\/\/acontecenafronteira.com.br\/index.php\/wp-json\/wp\/v2\/posts\/13982","targetHints":{"allow":["GET"]}}],"collection":[{"href":"https:\/\/acontecenafronteira.com.br\/index.php\/wp-json\/wp\/v2\/posts"}],"about":[{"href":"https:\/\/acontecenafronteira.com.br\/index.php\/wp-json\/wp\/v2\/types\/post"}],"author":[{"embeddable":true,"href":"https:\/\/acontecenafronteira.com.br\/index.php\/wp-json\/wp\/v2\/users\/2"}],"replies":[{"embeddable":true,"href":"https:\/\/acontecenafronteira.com.br\/index.php\/wp-json\/wp\/v2\/comments?post=13982"}],"version-history":[{"count":1,"href":"https:\/\/acontecenafronteira.com.br\/index.php\/wp-json\/wp\/v2\/posts\/13982\/revisions"}],"predecessor-version":[{"id":13984,"href":"https:\/\/acontecenafronteira.com.br\/index.php\/wp-json\/wp\/v2\/posts\/13982\/revisions\/13984"}],"wp:featuredmedia":[{"embeddable":true,"href":"https:\/\/acontecenafronteira.com.br\/index.php\/wp-json\/wp\/v2\/media\/13983"}],"wp:attachment":[{"href":"https:\/\/acontecenafronteira.com.br\/index.php\/wp-json\/wp\/v2\/media?parent=13982"}],"wp:term":[{"taxonomy":"category","embeddable":true,"href":"https:\/\/acontecenafronteira.com.br\/index.php\/wp-json\/wp\/v2\/categories?post=13982"},{"taxonomy":"post_tag","embeddable":true,"href":"https:\/\/acontecenafronteira.com.br\/index.php\/wp-json\/wp\/v2\/tags?post=13982"}],"curies":[{"name":"wp","href":"https:\/\/api.w.org\/{rel}","templated":true}]}}