{"id":13976,"date":"2022-10-31T12:47:40","date_gmt":"2022-10-31T15:47:40","guid":{"rendered":"https:\/\/acontecenafronteira.com.br\/?p=13976"},"modified":"2022-10-31T12:47:41","modified_gmt":"2022-10-31T15:47:41","slug":"condominio-do-idoso-tem-atividade-especial-pelo-outubro-rosa","status":"publish","type":"post","link":"https:\/\/acontecenafronteira.com.br\/index.php\/2022\/10\/31\/condominio-do-idoso-tem-atividade-especial-pelo-outubro-rosa\/","title":{"rendered":"Condom\u00ednio do Idoso tem atividade especial pelo Outubro Rosa"},"content":{"rendered":"\n<p><strong><em>Participantes acompanharam palestra sobre preven\u00e7\u00e3o e autocuidado contra o c\u00e2ncer de mama, que tem maior incid\u00eancia acima de 50 anos<\/em><\/strong><\/p>\n\n\n\n<p>Mais de 30 moradores do Condom\u00ednio do Idoso de Foz do Igua\u00e7u participaram, na tarde de s\u00e1bado (29), de uma atividade da campanha do Outubro Rosa, m\u00eas que marca a preven\u00e7\u00e3o contra o c\u00e2ncer de mama.<\/p>\n\n\n\n<p>De acordo com o Instituto Nacional de C\u00e2ncer &#8211; INCA, para 2022 foram estimados 66.280 casos novos, o que representa uma taxa de incid\u00eancia de 43,74 casos por 100 mil mulheres. Ainda segundo o INCA, a maior parte dos casos ocorre a partir dos 50 anos.<\/p>\n\n\n\n<p>&#8220;Aproveitamos o s\u00e1bado para essa atividade de preven\u00e7\u00e3o com os idosos e as idosas, para levar a eles a conscientiza\u00e7\u00e3o sobre a import\u00e2ncia desse autocuidado, que \u00e9 fundamental para que tenham uma vida saud\u00e1vel&#8221;, destacou Rosane Bonho, respons\u00e1vel pelo Condom\u00ednio do Idoso pela Prefeitura de Foz do Igua\u00e7u.<\/p>\n\n\n\n<p>Al\u00e9m de acompanhar uma palestra com o enfermeiro Marcos Honorato, os participantes tamb\u00e9m aproveitaram um delicioso caf\u00e9 da tarde.<\/p>\n\n\n\n<figure class=\"wp-block-image size-large\"><img loading=\"lazy\" decoding=\"async\" width=\"1024\" height=\"768\" src=\"https:\/\/acontecenafronteira.com.br\/wp-content\/uploads\/2022\/10\/WhatsApp-Image-2022-10-31-at-11.41.16-1024x768.jpeg\" alt=\"\" class=\"wp-image-13977\" srcset=\"https:\/\/acontecenafronteira.com.br\/wp-content\/uploads\/2022\/10\/WhatsApp-Image-2022-10-31-at-11.41.16-1024x768.jpeg 1024w, https:\/\/acontecenafronteira.com.br\/wp-content\/uploads\/2022\/10\/WhatsApp-Image-2022-10-31-at-11.41.16-300x225.jpeg 300w, https:\/\/acontecenafronteira.com.br\/wp-content\/uploads\/2022\/10\/WhatsApp-Image-2022-10-31-at-11.41.16-768x576.jpeg 768w, https:\/\/acontecenafronteira.com.br\/wp-content\/uploads\/2022\/10\/WhatsApp-Image-2022-10-31-at-11.41.16.jpeg 1280w\" sizes=\"auto, (max-width: 1024px) 100vw, 1024px\" \/><figcaption>Foto: Divulga\u00e7\u00e3o AMN<\/figcaption><\/figure>\n","protected":false},"excerpt":{"rendered":"<p>Participantes acompanharam palestra sobre preven\u00e7\u00e3o e autocuidado contra o c\u00e2ncer de mama, que tem maior incid\u00eancia acima de 50 anos Mais de 30 moradores do Condom\u00ednio do Idoso de Foz do Igua\u00e7u participaram, na tarde de s\u00e1bado (29), de uma atividade da campanha do Outubro Rosa, m\u00eas que marca a preven\u00e7\u00e3o contra o c\u00e2ncer de [&hellip;]<\/p>\n","protected":false},"author":2,"featured_media":13977,"comment_status":"open","ping_status":"open","sticky":false,"template":"","format":"standard","meta":{"om_disable_all_campaigns":false,"_monsterinsights_skip_tracking":false,"_monsterinsights_sitenote_active":false,"_monsterinsights_sitenote_note":"","_monsterinsights_sitenote_category":0,"footnotes":""},"categories":[4,8,13],"tags":[],"class_list":["post-13976","post","type-post","status-publish","format-standard","has-post-thumbnail","hentry","category-cidade","category-educaca0","category-entretenimento"],"_links":{"self":[{"href":"https:\/\/acontecenafronteira.com.br\/index.php\/wp-json\/wp\/v2\/posts\/13976","targetHints":{"allow":["GET"]}}],"collection":[{"href":"https:\/\/acontecenafronteira.com.br\/index.php\/wp-json\/wp\/v2\/posts"}],"about":[{"href":"https:\/\/acontecenafronteira.com.br\/index.php\/wp-json\/wp\/v2\/types\/post"}],"author":[{"embeddable":true,"href":"https:\/\/acontecenafronteira.com.br\/index.php\/wp-json\/wp\/v2\/users\/2"}],"replies":[{"embeddable":true,"href":"https:\/\/acontecenafronteira.com.br\/index.php\/wp-json\/wp\/v2\/comments?post=13976"}],"version-history":[{"count":1,"href":"https:\/\/acontecenafronteira.com.br\/index.php\/wp-json\/wp\/v2\/posts\/13976\/revisions"}],"predecessor-version":[{"id":13978,"href":"https:\/\/acontecenafronteira.com.br\/index.php\/wp-json\/wp\/v2\/posts\/13976\/revisions\/13978"}],"wp:featuredmedia":[{"embeddable":true,"href":"https:\/\/acontecenafronteira.com.br\/index.php\/wp-json\/wp\/v2\/media\/13977"}],"wp:attachment":[{"href":"https:\/\/acontecenafronteira.com.br\/index.php\/wp-json\/wp\/v2\/media?parent=13976"}],"wp:term":[{"taxonomy":"category","embeddable":true,"href":"https:\/\/acontecenafronteira.com.br\/index.php\/wp-json\/wp\/v2\/categories?post=13976"},{"taxonomy":"post_tag","embeddable":true,"href":"https:\/\/acontecenafronteira.com.br\/index.php\/wp-json\/wp\/v2\/tags?post=13976"}],"curies":[{"name":"wp","href":"https:\/\/api.w.org\/{rel}","templated":true}]}}