{"id":13885,"date":"2022-10-25T16:48:11","date_gmt":"2022-10-25T19:48:11","guid":{"rendered":"https:\/\/acontecenafronteira.com.br\/?p=13885"},"modified":"2022-10-25T16:48:12","modified_gmt":"2022-10-25T19:48:12","slug":"choque-localiza-carro-roubado-e-prende-dois-rapazes-com-arma","status":"publish","type":"post","link":"https:\/\/acontecenafronteira.com.br\/index.php\/2022\/10\/25\/choque-localiza-carro-roubado-e-prende-dois-rapazes-com-arma\/","title":{"rendered":"CHOQUE LOCALIZA CARRO ROUBADO E PRENDE DOIS RAPAZES COM ARMA"},"content":{"rendered":"\n<p><strong><em>No final da manh\u00e3 desta ter\u00e7a-feira (25) o pelot\u00e3o do Choque realizou o encaminhamento de dois homens at\u00e9 a 6\u00b0sdp, o fato ocorreu na regi\u00e3o de tr\u00eas Lagoas.<\/em><\/strong><\/p>\n\n\n\n<p>Quando a equipe realizou abordagem a um ve\u00edculo onde ap\u00f3s a uma &#8220;entrevista&#8221; pode ser poss\u00edvel chegar at\u00e9 o apartamento de um deles, onde foi poss\u00edvel localizar uma arma calibre 9mm, este mesmo indiv\u00edduo j\u00e1 foi preso a cerca de dois meses com um armamento muito semelhante ao apreendido nesta manh\u00e3.<\/p>\n\n\n\n<p>Na sequ\u00eancia foi poss\u00edvel localizar neste apartamento no condom\u00ednio boyci uma chave de ve\u00edculo, onde o acusado muito nervoso n\u00e3o sabia informar se o ve\u00edculo seria ou n\u00e3o dele, por\u00e9m ao descer at\u00e9 a parte de baixo do pr\u00e9dio onde \u00e9 utilizado como estacionamento, foi poss\u00edvel localizar um ve\u00edculo roubado, onde a chave localizada seria dele.<\/p>\n\n\n\n<p>Este ve\u00edculo vinha sendo utilizado para praticar v\u00e1rios roubos pela cidade, este ve\u00edculo foi roubado em minas gerais e a cerca de tr\u00eas meses vem rodando na cidade com placas de outro ve\u00edculo legalizado.<\/p>\n\n\n\n<p>Os dois detidos s\u00e3o maiores de idade e ambos j\u00e1 tem v\u00e1rias passagens por tr\u00e1fico em menos de um ano e o outro por porte ilegal e roubo.<\/p>\n\n\n\n<p>E est\u00e1 \u00e9 mais uma situa\u00e7\u00e3o onde a pol\u00edcia militar realiza seu trabalho de prender e o judici\u00e1rio soltar, onde pouco tempo depois o mesmo vem a ser preso novamente.<\/p>\n\n\n\n<p>A arma estava com sua identifica\u00e7\u00e3o raspada, por\u00e9m seria uma arma israelense e outras semelhantes j\u00e1 teriam sido apreendidas na cidade recentemente.<\/p>\n\n\n\n<figure class=\"wp-block-gallery has-nested-images columns-default is-cropped wp-block-gallery-1 is-layout-flex wp-block-gallery-is-layout-flex\">\n<figure class=\"wp-block-image size-large\"><a href=\"https:\/\/acontecenafronteira.com.br\/wp-content\/uploads\/2022\/10\/CHOQUE.jpg\"><img loading=\"lazy\" decoding=\"async\" width=\"1024\" height=\"576\" data-id=\"13888\" src=\"https:\/\/acontecenafronteira.com.br\/wp-content\/uploads\/2022\/10\/CHOQUE-1024x576.jpg\" alt=\"\" class=\"wp-image-13888\" srcset=\"https:\/\/acontecenafronteira.com.br\/wp-content\/uploads\/2022\/10\/CHOQUE-1024x576.jpg 1024w, https:\/\/acontecenafronteira.com.br\/wp-content\/uploads\/2022\/10\/CHOQUE-300x169.jpg 300w, https:\/\/acontecenafronteira.com.br\/wp-content\/uploads\/2022\/10\/CHOQUE-768x432.jpg 768w, https:\/\/acontecenafronteira.com.br\/wp-content\/uploads\/2022\/10\/CHOQUE-1536x864.jpg 1536w, https:\/\/acontecenafronteira.com.br\/wp-content\/uploads\/2022\/10\/CHOQUE.jpg 2048w\" sizes=\"auto, (max-width: 1024px) 100vw, 1024px\" \/><\/a><\/figure>\n\n\n\n<figure class=\"wp-block-image size-large\"><a href=\"https:\/\/acontecenafronteira.com.br\/wp-content\/uploads\/2022\/10\/CHOQUE1.jpg\"><img loading=\"lazy\" decoding=\"async\" width=\"1024\" height=\"576\" data-id=\"13890\" src=\"https:\/\/acontecenafronteira.com.br\/wp-content\/uploads\/2022\/10\/CHOQUE1-1024x576.jpg\" alt=\"\" class=\"wp-image-13890\" srcset=\"https:\/\/acontecenafronteira.com.br\/wp-content\/uploads\/2022\/10\/CHOQUE1-1024x576.jpg 1024w, https:\/\/acontecenafronteira.com.br\/wp-content\/uploads\/2022\/10\/CHOQUE1-300x169.jpg 300w, https:\/\/acontecenafronteira.com.br\/wp-content\/uploads\/2022\/10\/CHOQUE1-768x432.jpg 768w, https:\/\/acontecenafronteira.com.br\/wp-content\/uploads\/2022\/10\/CHOQUE1-1536x864.jpg 1536w, https:\/\/acontecenafronteira.com.br\/wp-content\/uploads\/2022\/10\/CHOQUE1.jpg 2048w\" sizes=\"auto, (max-width: 1024px) 100vw, 1024px\" \/><\/a><\/figure>\n\n\n\n<figure class=\"wp-block-image size-large\"><a href=\"https:\/\/acontecenafronteira.com.br\/wp-content\/uploads\/2022\/10\/CHOQUE3.jpg\"><img loading=\"lazy\" decoding=\"async\" width=\"1024\" height=\"576\" data-id=\"13887\" src=\"https:\/\/acontecenafronteira.com.br\/wp-content\/uploads\/2022\/10\/CHOQUE3-1024x576.jpg\" alt=\"\" class=\"wp-image-13887\" srcset=\"https:\/\/acontecenafronteira.com.br\/wp-content\/uploads\/2022\/10\/CHOQUE3-1024x576.jpg 1024w, https:\/\/acontecenafronteira.com.br\/wp-content\/uploads\/2022\/10\/CHOQUE3-300x169.jpg 300w, https:\/\/acontecenafronteira.com.br\/wp-content\/uploads\/2022\/10\/CHOQUE3-768x432.jpg 768w, https:\/\/acontecenafronteira.com.br\/wp-content\/uploads\/2022\/10\/CHOQUE3-1536x864.jpg 1536w, https:\/\/acontecenafronteira.com.br\/wp-content\/uploads\/2022\/10\/CHOQUE3.jpg 2048w\" sizes=\"auto, (max-width: 1024px) 100vw, 1024px\" \/><\/a><\/figure>\n\n\n\n<figure class=\"wp-block-image size-large\"><a href=\"https:\/\/acontecenafronteira.com.br\/wp-content\/uploads\/2022\/10\/CHOQUE4.jpg\"><img loading=\"lazy\" decoding=\"async\" width=\"1024\" height=\"576\" data-id=\"13886\" src=\"https:\/\/acontecenafronteira.com.br\/wp-content\/uploads\/2022\/10\/CHOQUE4-1024x576.jpg\" alt=\"\" class=\"wp-image-13886\" srcset=\"https:\/\/acontecenafronteira.com.br\/wp-content\/uploads\/2022\/10\/CHOQUE4-1024x576.jpg 1024w, https:\/\/acontecenafronteira.com.br\/wp-content\/uploads\/2022\/10\/CHOQUE4-300x169.jpg 300w, https:\/\/acontecenafronteira.com.br\/wp-content\/uploads\/2022\/10\/CHOQUE4-768x432.jpg 768w, https:\/\/acontecenafronteira.com.br\/wp-content\/uploads\/2022\/10\/CHOQUE4-1536x864.jpg 1536w, https:\/\/acontecenafronteira.com.br\/wp-content\/uploads\/2022\/10\/CHOQUE4.jpg 2048w\" sizes=\"auto, (max-width: 1024px) 100vw, 1024px\" \/><\/a><\/figure>\n\n\n\n<figure class=\"wp-block-image size-large\"><a href=\"https:\/\/acontecenafronteira.com.br\/wp-content\/uploads\/2022\/10\/CHOQUE5.jpg\"><img loading=\"lazy\" decoding=\"async\" width=\"1024\" height=\"576\" data-id=\"13889\" src=\"https:\/\/acontecenafronteira.com.br\/wp-content\/uploads\/2022\/10\/CHOQUE5-1024x576.jpg\" alt=\"\" class=\"wp-image-13889\" srcset=\"https:\/\/acontecenafronteira.com.br\/wp-content\/uploads\/2022\/10\/CHOQUE5-1024x576.jpg 1024w, https:\/\/acontecenafronteira.com.br\/wp-content\/uploads\/2022\/10\/CHOQUE5-300x169.jpg 300w, https:\/\/acontecenafronteira.com.br\/wp-content\/uploads\/2022\/10\/CHOQUE5-768x432.jpg 768w, https:\/\/acontecenafronteira.com.br\/wp-content\/uploads\/2022\/10\/CHOQUE5-1536x864.jpg 1536w, https:\/\/acontecenafronteira.com.br\/wp-content\/uploads\/2022\/10\/CHOQUE5.jpg 2048w\" sizes=\"auto, (max-width: 1024px) 100vw, 1024px\" \/><\/a><\/figure>\n<\/figure>\n\n\n\n<p>Imagens: Oops Not\u00edcia foz na hora<\/p>\n","protected":false},"excerpt":{"rendered":"<p>No final da manh\u00e3 desta ter\u00e7a-feira (25) o pelot\u00e3o do Choque realizou o encaminhamento de dois homens at\u00e9 a 6\u00b0sdp, o fato ocorreu na regi\u00e3o de tr\u00eas Lagoas. Quando a equipe realizou abordagem a um ve\u00edculo onde ap\u00f3s a uma &#8220;entrevista&#8221; pode ser poss\u00edvel chegar at\u00e9 o apartamento de um deles, onde foi poss\u00edvel localizar [&hellip;]<\/p>\n","protected":false},"author":2,"featured_media":13886,"comment_status":"open","ping_status":"open","sticky":false,"template":"","format":"standard","meta":{"om_disable_all_campaigns":false,"_monsterinsights_skip_tracking":false,"_monsterinsights_sitenote_active":false,"_monsterinsights_sitenote_note":"","_monsterinsights_sitenote_category":0,"footnotes":""},"categories":[5,20],"tags":[],"class_list":["post-13885","post","type-post","status-publish","format-standard","has-post-thumbnail","hentry","category-policia","category-seguranca"],"_links":{"self":[{"href":"https:\/\/acontecenafronteira.com.br\/index.php\/wp-json\/wp\/v2\/posts\/13885","targetHints":{"allow":["GET"]}}],"collection":[{"href":"https:\/\/acontecenafronteira.com.br\/index.php\/wp-json\/wp\/v2\/posts"}],"about":[{"href":"https:\/\/acontecenafronteira.com.br\/index.php\/wp-json\/wp\/v2\/types\/post"}],"author":[{"embeddable":true,"href":"https:\/\/acontecenafronteira.com.br\/index.php\/wp-json\/wp\/v2\/users\/2"}],"replies":[{"embeddable":true,"href":"https:\/\/acontecenafronteira.com.br\/index.php\/wp-json\/wp\/v2\/comments?post=13885"}],"version-history":[{"count":1,"href":"https:\/\/acontecenafronteira.com.br\/index.php\/wp-json\/wp\/v2\/posts\/13885\/revisions"}],"predecessor-version":[{"id":13891,"href":"https:\/\/acontecenafronteira.com.br\/index.php\/wp-json\/wp\/v2\/posts\/13885\/revisions\/13891"}],"wp:featuredmedia":[{"embeddable":true,"href":"https:\/\/acontecenafronteira.com.br\/index.php\/wp-json\/wp\/v2\/media\/13886"}],"wp:attachment":[{"href":"https:\/\/acontecenafronteira.com.br\/index.php\/wp-json\/wp\/v2\/media?parent=13885"}],"wp:term":[{"taxonomy":"category","embeddable":true,"href":"https:\/\/acontecenafronteira.com.br\/index.php\/wp-json\/wp\/v2\/categories?post=13885"},{"taxonomy":"post_tag","embeddable":true,"href":"https:\/\/acontecenafronteira.com.br\/index.php\/wp-json\/wp\/v2\/tags?post=13885"}],"curies":[{"name":"wp","href":"https:\/\/api.w.org\/{rel}","templated":true}]}}