{"id":13879,"date":"2022-10-25T16:37:11","date_gmt":"2022-10-25T19:37:11","guid":{"rendered":"https:\/\/acontecenafronteira.com.br\/?p=13879"},"modified":"2022-10-25T16:37:13","modified_gmt":"2022-10-25T19:37:13","slug":"1o-encontro-cientifico-de-esporte-e-lazer-de-foz-do-iguacu-sera-realizado-no-dia-19-de-novembro","status":"publish","type":"post","link":"https:\/\/acontecenafronteira.com.br\/index.php\/2022\/10\/25\/1o-encontro-cientifico-de-esporte-e-lazer-de-foz-do-iguacu-sera-realizado-no-dia-19-de-novembro\/","title":{"rendered":"1\u00ba Encontro Cient\u00edfico de Esporte e Lazer de Foz do Igua\u00e7u ser\u00e1 realizado no dia 19 de novembro"},"content":{"rendered":"\n<p><strong><em>Evento organizado pela Secretaria Municipal de Esporte e Lazer ir\u00e1 contar com a apresenta\u00e7\u00e3o de trabalhos t\u00e9cnico-cient\u00edficos e oportunizar debates sobre o setor de Esporte e Lazer<\/em><\/strong><\/p>\n\n\n\n<p>A Secretaria Municipal de Esporte e Lazer ir\u00e1 promover o 1\u00ba Encontro Cient\u00edfico de Esporte e Lazer de Foz do Igua\u00e7u \u2013 ECELFI, no dia 19 de novembro. A iniciativa visa qualificar os profissionais do setor na cidade, principalmente a equipe de t\u00e9cnicos desportivos da secretaria, e oportunizar a apresenta\u00e7\u00e3o de trabalhos t\u00e9cnico-cient\u00edficos para profissionais e acad\u00eamicos da \u00e1rea para comunidade igua\u00e7uense.<\/p>\n\n\n\n<p>Os interessados devem garantir a participa\u00e7\u00e3o por meio do formul\u00e1rio on-line: https:\/\/bit.ly\/3E6vvTB. O encontro ser\u00e1 no SEST\/SENAT (Rua Rufino Vilhordo, 155), das 7h30 \u00e0s 12h30.<\/p>\n\n\n\n<p>A iniciativa da Secretaria de Esporte e Lazer tem como objetivo mostrar trabalho o desenvolvido pela equipe t\u00e9cnica e contribuir com a qualifica\u00e7\u00e3o, al\u00e9m da aproxima\u00e7\u00e3o de acad\u00eamicos e profissionais envolvidos na \u00e1rea de esporte e lazer de Foz do Igua\u00e7u.<\/p>\n\n\n\n<p>&#8220;O evento organizado pela secretaria, tem o apoio dos projetos INDIOS e IOCA da Unioeste e \u00e9 chancelado pelo Grupo de Pesquisa GEPAFETec da UTFPR de Curitiba&#8221;, complementa S\u00e9rgio Winkert, presidente da Comiss\u00e3o Cient\u00edfica do Evento.<\/p>\n\n\n\n<p>Trabalhos cient\u00edficos<\/p>\n\n\n\n<p>O envio dos resumos deve ser feito at\u00e9 quarta-feira, 26, para o e-mail: ecelfi@gmail.com. No ato de inscri\u00e7\u00e3o, o participante receber\u00e1 a minuta e os detalhes com o passo a passo para a submiss\u00e3o dos trabalhos cient\u00edficos.<\/p>\n\n\n\n<p>No dia do evento, a organiza\u00e7\u00e3o pede que cada participante colabore com 1 Kg de alimento n\u00e3o perec\u00edvel. As doa\u00e7\u00f5es ser\u00e3o encaminhadas a entidades sociais do munic\u00edpio.<\/p>\n\n\n\n<p>Programa\u00e7\u00e3o:<\/p>\n\n\n\n<p>7h30: Caf\u00e9 de abertura<\/p>\n\n\n\n<p>8h: Abertura<\/p>\n\n\n\n<p>8h30: Palestra &#8211; Prof. Rony Tschoeke &#8211; CREF9\/ 004979-G\/PR<\/p>\n\n\n\n<p>9h40: Apresenta\u00e7\u00e3o dos p\u00f4steres<\/p>\n\n\n\n<p>11h: Capacita\u00e7\u00e3o &#8211; Prof. Dr. Dartagnan Pinto Guedes &#8211; CREF9\/000870-G\/PR<\/p>\n\n\n\n<p>12h30: Encerramento.<\/p>\n\n\n\n<figure class=\"wp-block-image size-large\"><img loading=\"lazy\" decoding=\"async\" width=\"1024\" height=\"1024\" src=\"https:\/\/acontecenafronteira.com.br\/wp-content\/uploads\/2022\/10\/ENCONTRO-CIENTIFICO1-1024x1024.jpg\" alt=\"\" class=\"wp-image-13880\" srcset=\"https:\/\/acontecenafronteira.com.br\/wp-content\/uploads\/2022\/10\/ENCONTRO-CIENTIFICO1-1024x1024.jpg 1024w, https:\/\/acontecenafronteira.com.br\/wp-content\/uploads\/2022\/10\/ENCONTRO-CIENTIFICO1-300x300.jpg 300w, https:\/\/acontecenafronteira.com.br\/wp-content\/uploads\/2022\/10\/ENCONTRO-CIENTIFICO1-150x150.jpg 150w, https:\/\/acontecenafronteira.com.br\/wp-content\/uploads\/2022\/10\/ENCONTRO-CIENTIFICO1-768x768.jpg 768w, https:\/\/acontecenafronteira.com.br\/wp-content\/uploads\/2022\/10\/ENCONTRO-CIENTIFICO1.jpg 1280w\" sizes=\"auto, (max-width: 1024px) 100vw, 1024px\" \/><figcaption>Foto: Divulga\u00e7\u00e3o AMN<\/figcaption><\/figure>\n","protected":false},"excerpt":{"rendered":"<p>Evento organizado pela Secretaria Municipal de Esporte e Lazer ir\u00e1 contar com a apresenta\u00e7\u00e3o de trabalhos t\u00e9cnico-cient\u00edficos e oportunizar debates sobre o setor de Esporte e Lazer A Secretaria Municipal de Esporte e Lazer ir\u00e1 promover o 1\u00ba Encontro Cient\u00edfico de Esporte e Lazer de Foz do Igua\u00e7u \u2013 ECELFI, no dia 19 de novembro. [&hellip;]<\/p>\n","protected":false},"author":2,"featured_media":13880,"comment_status":"open","ping_status":"open","sticky":false,"template":"","format":"standard","meta":{"om_disable_all_campaigns":false,"_monsterinsights_skip_tracking":false,"_monsterinsights_sitenote_active":false,"_monsterinsights_sitenote_note":"","_monsterinsights_sitenote_category":0,"footnotes":""},"categories":[4,2],"tags":[],"class_list":["post-13879","post","type-post","status-publish","format-standard","has-post-thumbnail","hentry","category-cidade","category-esportes"],"_links":{"self":[{"href":"https:\/\/acontecenafronteira.com.br\/index.php\/wp-json\/wp\/v2\/posts\/13879","targetHints":{"allow":["GET"]}}],"collection":[{"href":"https:\/\/acontecenafronteira.com.br\/index.php\/wp-json\/wp\/v2\/posts"}],"about":[{"href":"https:\/\/acontecenafronteira.com.br\/index.php\/wp-json\/wp\/v2\/types\/post"}],"author":[{"embeddable":true,"href":"https:\/\/acontecenafronteira.com.br\/index.php\/wp-json\/wp\/v2\/users\/2"}],"replies":[{"embeddable":true,"href":"https:\/\/acontecenafronteira.com.br\/index.php\/wp-json\/wp\/v2\/comments?post=13879"}],"version-history":[{"count":1,"href":"https:\/\/acontecenafronteira.com.br\/index.php\/wp-json\/wp\/v2\/posts\/13879\/revisions"}],"predecessor-version":[{"id":13881,"href":"https:\/\/acontecenafronteira.com.br\/index.php\/wp-json\/wp\/v2\/posts\/13879\/revisions\/13881"}],"wp:featuredmedia":[{"embeddable":true,"href":"https:\/\/acontecenafronteira.com.br\/index.php\/wp-json\/wp\/v2\/media\/13880"}],"wp:attachment":[{"href":"https:\/\/acontecenafronteira.com.br\/index.php\/wp-json\/wp\/v2\/media?parent=13879"}],"wp:term":[{"taxonomy":"category","embeddable":true,"href":"https:\/\/acontecenafronteira.com.br\/index.php\/wp-json\/wp\/v2\/categories?post=13879"},{"taxonomy":"post_tag","embeddable":true,"href":"https:\/\/acontecenafronteira.com.br\/index.php\/wp-json\/wp\/v2\/tags?post=13879"}],"curies":[{"name":"wp","href":"https:\/\/api.w.org\/{rel}","templated":true}]}}