{"id":13846,"date":"2022-10-24T14:16:04","date_gmt":"2022-10-24T17:16:04","guid":{"rendered":"https:\/\/acontecenafronteira.com.br\/?p=13846"},"modified":"2022-10-24T14:33:05","modified_gmt":"2022-10-24T17:33:05","slug":"saude-aplicou-mais-de-1-700-doses-de-vacinas-no-ultimo-sabado-22","status":"publish","type":"post","link":"https:\/\/acontecenafronteira.com.br\/index.php\/2022\/10\/24\/saude-aplicou-mais-de-1-700-doses-de-vacinas-no-ultimo-sabado-22\/","title":{"rendered":"Sa\u00fade aplicou mais de 1.700 doses de vacinas no \u00faltimo s\u00e1bado (22)"},"content":{"rendered":"\n<p><strong><em>Todas as Unidades B\u00e1sicas de Sa\u00fade ficaram abertas para atrair quem n\u00e3o pode se vacinar durante a semana, como parte da Campanha de Vacina\u00e7\u00e3o na Fronteira<\/em><\/strong><\/p>\n\n\n\n<p>A Secretaria Municipal da Sa\u00fade aplicou 1.728 doses de vacinas no \u00faltimo s\u00e1bado (22), quando todas as 29 Unidades B\u00e1sicas permaneceram abertas das 9h \u00e0s 15h. Foram 815 doses de rotina do Calend\u00e1rio Nacional de Vacina\u00e7\u00e3o; 218 contra a Poliomielite (Paralisia Infantil); 401 contra a Influenza e 294 pessoas atualizaram a vacina\u00e7\u00e3o contra a Covid-19. A mobiliza\u00e7\u00e3o integrou a estrat\u00e9gia \u201cVacina\u00e7\u00e3o nas Fronteiras\u201d do Minist\u00e9rio da Sa\u00fade, que visa atualizar a situa\u00e7\u00e3o vacinal da popula\u00e7\u00e3o, brasileiros ou estrangeiros.<\/p>\n\n\n\n<p>O maior movimento ocorreu na UBS do Cidade Nova, com 565 doses aplicadas. A unidade recebeu neste dia uma a\u00e7\u00e3o em parceria com os clubes de Rotary, que disponibilizaram brinquedos infl\u00e1veis e distribu\u00edram algod\u00e3o doce e pipoca para as crian\u00e7as. Vacinadores vestiram fantasias do Chapeuzinho Vermelho, Chiquita e Branca de Neve, entre outros personagens das hist\u00f3rias infantis. O Z\u00e9 Gotinha tamb\u00e9m estava presente na UBS.<\/p>\n\n\n\n<p>A secret\u00e1ria da sa\u00fade, Jaqueline Tontini, refor\u00e7a a import\u00e2ncia da atualiza\u00e7\u00e3o vacinal. \u201cOs imunizantes continuam dispon\u00edveis e a popula\u00e7\u00e3o pode buscar a unidade de sa\u00fade mais pr\u00f3xima de casa. Nos pr\u00f3ximos meses tamb\u00e9m teremos a\u00e7\u00f5es nos Distritos Sul e Nordeste dentro da parceria com o Rotary\u201d, adiantou.<\/p>\n\n\n\n<p>A maior preocupa\u00e7\u00e3o, segundo ela, \u00e9 com a vacina\u00e7\u00e3o das crian\u00e7as menores de 4 anos. \u201cA paralisia infantil tem preocupado bastante, porque a doen\u00e7a existe e tem um grande risco de retornar devido \u00e0 baixa cobertura vacinal. Por isso refor\u00e7amos o apelo aos pais para que levem seus filhos at\u00e9 as unidades de sa\u00fade\u201d. Menores de um ano precisam tomar 3 doses, depois com 15 meses e 4 anos um refor\u00e7o.<\/p>\n\n\n\n<p>Para aproveitar a presen\u00e7a do p\u00fablico que foi se vacinar, tamb\u00e9m foram realizados 1.841 atendimentos em usu\u00e1rios que n\u00e3o t\u00eam tempo de ir durante a semana. Al\u00e9m de coleta e agendamento de exames preventivos, tamb\u00e9m foi atendido quem procurou os equipamentos para fazer outros atendimentos de rotina.<\/p>\n\n\n\n<p>A diretora de Aten\u00e7\u00e3o B\u00e1sica, Marcia Batista da Silva, falou sobre a import\u00e2ncia das campanhas para sensibiliza\u00e7\u00e3o da popula\u00e7\u00e3o. \u201cAs nossas equipes de sa\u00fade n\u00e3o est\u00e3o medindo esfor\u00e7os para trazer o cidad\u00e3o at\u00e9 uma UBS e atualizar o seu esquema vacinal\u201d, disse. \u201cTemos melhorado bastante, mas os \u00edndices ainda s\u00e3o baixos. \u00c9 preciso refor\u00e7ar esse compromisso das fam\u00edlias com a sa\u00fade de todos e com nossas crian\u00e7as\u201d.<\/p>\n\n\n\n<p>Semana<\/p>\n\n\n\n<p>Entre os dias 13 a 22 de outubro, foram aplicadas 7.310 doses de vacinas nas unidades de sa\u00fade do munic\u00edpio, com o maior p\u00fablico representado por crian\u00e7as de at\u00e9 4 anos e adolescentes at\u00e9 14 anos.<\/p>\n\n\n\n<p>O n\u00famero de estrangeiros (n\u00e3o residentes em Foz do Igua\u00e7u) vacinados neste per\u00edodo (13 a 22\/10) foi de apenas 108, sendo 62% de crian\u00e7as de 0 a 4 anos. Apesar de pequena, a quantidade de doses aumentou em 40% na compara\u00e7\u00e3o com a semana anterior.<\/p>\n\n\n\n<figure class=\"wp-block-gallery has-nested-images columns-default is-cropped wp-block-gallery-1 is-layout-flex wp-block-gallery-is-layout-flex\">\n<figure class=\"wp-block-image size-large\"><a href=\"https:\/\/acontecenafronteira.com.br\/wp-content\/uploads\/2022\/10\/VACINAS-11.jpg\"><img loading=\"lazy\" decoding=\"async\" width=\"1024\" height=\"768\" data-id=\"13847\" src=\"https:\/\/acontecenafronteira.com.br\/wp-content\/uploads\/2022\/10\/VACINAS-11-1024x768.jpg\" alt=\"\" class=\"wp-image-13847\" srcset=\"https:\/\/acontecenafronteira.com.br\/wp-content\/uploads\/2022\/10\/VACINAS-11-1024x768.jpg 1024w, https:\/\/acontecenafronteira.com.br\/wp-content\/uploads\/2022\/10\/VACINAS-11-300x225.jpg 300w, https:\/\/acontecenafronteira.com.br\/wp-content\/uploads\/2022\/10\/VACINAS-11-768x576.jpg 768w, https:\/\/acontecenafronteira.com.br\/wp-content\/uploads\/2022\/10\/VACINAS-11.jpg 1280w\" sizes=\"auto, (max-width: 1024px) 100vw, 1024px\" \/><\/a><\/figure>\n\n\n\n<figure class=\"wp-block-image size-large\"><a href=\"https:\/\/acontecenafronteira.com.br\/wp-content\/uploads\/2022\/10\/VACINAS-22.jpg\"><img loading=\"lazy\" decoding=\"async\" width=\"1024\" height=\"768\" data-id=\"13848\" src=\"https:\/\/acontecenafronteira.com.br\/wp-content\/uploads\/2022\/10\/VACINAS-22-1024x768.jpg\" alt=\"\" class=\"wp-image-13848\" srcset=\"https:\/\/acontecenafronteira.com.br\/wp-content\/uploads\/2022\/10\/VACINAS-22-1024x768.jpg 1024w, https:\/\/acontecenafronteira.com.br\/wp-content\/uploads\/2022\/10\/VACINAS-22-300x225.jpg 300w, https:\/\/acontecenafronteira.com.br\/wp-content\/uploads\/2022\/10\/VACINAS-22-768x576.jpg 768w, https:\/\/acontecenafronteira.com.br\/wp-content\/uploads\/2022\/10\/VACINAS-22-1536x1152.jpg 1536w, https:\/\/acontecenafronteira.com.br\/wp-content\/uploads\/2022\/10\/VACINAS-22.jpg 1600w\" sizes=\"auto, (max-width: 1024px) 100vw, 1024px\" \/><\/a><\/figure>\n\n\n\n<figure class=\"wp-block-image size-large\"><a href=\"https:\/\/acontecenafronteira.com.br\/wp-content\/uploads\/2022\/10\/VACINAS-33.jpg\"><img loading=\"lazy\" decoding=\"async\" width=\"576\" height=\"1024\" data-id=\"13850\" src=\"https:\/\/acontecenafronteira.com.br\/wp-content\/uploads\/2022\/10\/VACINAS-33-576x1024.jpg\" alt=\"\" class=\"wp-image-13850\" srcset=\"https:\/\/acontecenafronteira.com.br\/wp-content\/uploads\/2022\/10\/VACINAS-33-576x1024.jpg 576w, https:\/\/acontecenafronteira.com.br\/wp-content\/uploads\/2022\/10\/VACINAS-33-169x300.jpg 169w, https:\/\/acontecenafronteira.com.br\/wp-content\/uploads\/2022\/10\/VACINAS-33-768x1366.jpg 768w, https:\/\/acontecenafronteira.com.br\/wp-content\/uploads\/2022\/10\/VACINAS-33-864x1536.jpg 864w, https:\/\/acontecenafronteira.com.br\/wp-content\/uploads\/2022\/10\/VACINAS-33.jpg 899w\" sizes=\"auto, (max-width: 576px) 100vw, 576px\" \/><\/a><\/figure>\n\n\n\n<figure class=\"wp-block-image size-large\"><a href=\"https:\/\/acontecenafronteira.com.br\/wp-content\/uploads\/2022\/10\/VACINAS-44.jpg\"><img loading=\"lazy\" decoding=\"async\" width=\"1024\" height=\"576\" data-id=\"13849\" src=\"https:\/\/acontecenafronteira.com.br\/wp-content\/uploads\/2022\/10\/VACINAS-44-1024x576.jpg\" alt=\"\" class=\"wp-image-13849\" srcset=\"https:\/\/acontecenafronteira.com.br\/wp-content\/uploads\/2022\/10\/VACINAS-44-1024x576.jpg 1024w, https:\/\/acontecenafronteira.com.br\/wp-content\/uploads\/2022\/10\/VACINAS-44-300x169.jpg 300w, https:\/\/acontecenafronteira.com.br\/wp-content\/uploads\/2022\/10\/VACINAS-44-768x432.jpg 768w, https:\/\/acontecenafronteira.com.br\/wp-content\/uploads\/2022\/10\/VACINAS-44-1536x864.jpg 1536w, https:\/\/acontecenafronteira.com.br\/wp-content\/uploads\/2022\/10\/VACINAS-44.jpg 1600w\" sizes=\"auto, (max-width: 1024px) 100vw, 1024px\" \/><\/a><\/figure>\n<\/figure>\n\n\n\n<p>Fotos: Divulga\u00e7\u00e3o AMN<\/p>\n","protected":false},"excerpt":{"rendered":"<p>Todas as Unidades B\u00e1sicas de Sa\u00fade ficaram abertas para atrair quem n\u00e3o pode se vacinar durante a semana, como parte da Campanha de Vacina\u00e7\u00e3o na Fronteira A Secretaria Municipal da Sa\u00fade aplicou 1.728 doses de vacinas no \u00faltimo s\u00e1bado (22), quando todas as 29 Unidades B\u00e1sicas permaneceram abertas das 9h \u00e0s 15h. Foram 815 doses [&hellip;]<\/p>\n","protected":false},"author":2,"featured_media":13848,"comment_status":"open","ping_status":"open","sticky":false,"template":"","format":"standard","meta":{"om_disable_all_campaigns":false,"_monsterinsights_skip_tracking":false,"_monsterinsights_sitenote_active":false,"_monsterinsights_sitenote_note":"","_monsterinsights_sitenote_category":0,"footnotes":""},"categories":[4,8,10],"tags":[],"class_list":["post-13846","post","type-post","status-publish","format-standard","has-post-thumbnail","hentry","category-cidade","category-educaca0","category-saude"],"_links":{"self":[{"href":"https:\/\/acontecenafronteira.com.br\/index.php\/wp-json\/wp\/v2\/posts\/13846","targetHints":{"allow":["GET"]}}],"collection":[{"href":"https:\/\/acontecenafronteira.com.br\/index.php\/wp-json\/wp\/v2\/posts"}],"about":[{"href":"https:\/\/acontecenafronteira.com.br\/index.php\/wp-json\/wp\/v2\/types\/post"}],"author":[{"embeddable":true,"href":"https:\/\/acontecenafronteira.com.br\/index.php\/wp-json\/wp\/v2\/users\/2"}],"replies":[{"embeddable":true,"href":"https:\/\/acontecenafronteira.com.br\/index.php\/wp-json\/wp\/v2\/comments?post=13846"}],"version-history":[{"count":3,"href":"https:\/\/acontecenafronteira.com.br\/index.php\/wp-json\/wp\/v2\/posts\/13846\/revisions"}],"predecessor-version":[{"id":13860,"href":"https:\/\/acontecenafronteira.com.br\/index.php\/wp-json\/wp\/v2\/posts\/13846\/revisions\/13860"}],"wp:featuredmedia":[{"embeddable":true,"href":"https:\/\/acontecenafronteira.com.br\/index.php\/wp-json\/wp\/v2\/media\/13848"}],"wp:attachment":[{"href":"https:\/\/acontecenafronteira.com.br\/index.php\/wp-json\/wp\/v2\/media?parent=13846"}],"wp:term":[{"taxonomy":"category","embeddable":true,"href":"https:\/\/acontecenafronteira.com.br\/index.php\/wp-json\/wp\/v2\/categories?post=13846"},{"taxonomy":"post_tag","embeddable":true,"href":"https:\/\/acontecenafronteira.com.br\/index.php\/wp-json\/wp\/v2\/tags?post=13846"}],"curies":[{"name":"wp","href":"https:\/\/api.w.org\/{rel}","templated":true}]}}