{"id":13718,"date":"2022-10-20T18:23:29","date_gmt":"2022-10-20T21:23:29","guid":{"rendered":"https:\/\/acontecenafronteira.com.br\/?p=13718"},"modified":"2022-10-20T18:23:30","modified_gmt":"2022-10-20T21:23:30","slug":"comeca-a-segunda-etapa-de-revitalizacao-do-mirante-central-de-itaipu","status":"publish","type":"post","link":"https:\/\/acontecenafronteira.com.br\/index.php\/2022\/10\/20\/comeca-a-segunda-etapa-de-revitalizacao-do-mirante-central-de-itaipu\/","title":{"rendered":"Come\u00e7a a segunda etapa de revitaliza\u00e7\u00e3o do Mirante Central de Itaipu"},"content":{"rendered":"\n<p><strong><em>Trabalho contempla uma \u00e1rea de 216 metros quadrados, com investimento de R$ 700 mil<\/em><\/strong><\/p>\n\n\n\n<p>A segunda etapa de revitaliza\u00e7\u00e3o do Mirante Central de Itaipu, principal ponto de parada dos turistas que visitam a hidrel\u00e9trica, come\u00e7ou a ser executada neste m\u00eas de outubro. O trabalho contempla uma \u00e1rea de 216 metros quadrados, com investimento de R$ 700 mil, resultado de conv\u00eanio entre a pr\u00f3pria Itaipu Binacional e a Funda\u00e7\u00e3o Parque Tecnol\u00f3gico Itaipu (FPTI), respons\u00e1vel pela gest\u00e3o do turismo na usina.<\/p>\n\n\n\n<p>Entre as melhorias, est\u00e1 prevista a amplia\u00e7\u00e3o da capacidade de atendimento dos banheiros, garantindo maior conforto e acessibilidade aos usu\u00e1rios. O projeto prev\u00ea ainda a reorganiza\u00e7\u00e3o das estruturas de apoio, para melhorar o fluxo dos turistas; a revis\u00e3o da linguagem arquitet\u00f4nica; e a reestrutura\u00e7\u00e3o da pra\u00e7a de servi\u00e7os, onde atualmente funcionam as lojas e lanchonetes.<\/p>\n\n\n\n<p>A expectativa \u00e9 que as obras estejam conclu\u00eddas no segundo semestre de 2023. Com o isolamento dos banheiros, para a reforma, os visitantes contar\u00e3o com estruturas provis\u00f3rias no local, bem como com os novos banheiros recentemente instalados no Mirante do Vertedouro.<\/p>\n\n\n\n<p><strong>Primeira etapa<\/strong><\/p>\n\n\n\n<p>A execu\u00e7\u00e3o da primeira etapa da revitaliza\u00e7\u00e3o do Mirante Central foi conclu\u00edda em outubro de 2021, com a renova\u00e7\u00e3o da fachada do atrativo, adequa\u00e7\u00e3o dos pontos de \u00f4nibus, constru\u00e7\u00e3o de uma passarela coberta e melhoria no fluxo de entrada e sa\u00edda dos turistas. No mesmo per\u00edodo, o Mirante do Vertedouro tamb\u00e9m passou por uma repagina\u00e7\u00e3o completa. As obras t\u00eam por objetivo dar mais conforto e seguran\u00e7a aos turistas que visitam a usina.<\/p>\n\n\n\n<p>Mais informa\u00e7\u00f5es sobre os passeios e reservas podem ser feitas no site do Complexo Tur\u00edstico Itaipu (<a href=\"http:\/\/www.turismoitaipu.com.br\/\" target=\"_blank\" rel=\"noreferrer noopener\">www.turismoitaipu.com.br<\/a>).<\/p>\n\n\n\n<p>Por : Itaipu Binacional<\/p>\n\n\n\n<figure class=\"wp-block-gallery has-nested-images columns-default is-cropped wp-block-gallery-1 is-layout-flex wp-block-gallery-is-layout-flex\">\n<figure class=\"wp-block-image size-large\"><a href=\"https:\/\/acontecenafronteira.com.br\/wp-content\/uploads\/2022\/10\/63515f6de53baMirantes_1_-_Photo-scaled.jpg\"><img loading=\"lazy\" decoding=\"async\" width=\"1024\" height=\"576\" data-id=\"13721\" src=\"https:\/\/acontecenafronteira.com.br\/wp-content\/uploads\/2022\/10\/63515f6de53baMirantes_1_-_Photo-1024x576.jpg\" alt=\"\" class=\"wp-image-13721\" srcset=\"https:\/\/acontecenafronteira.com.br\/wp-content\/uploads\/2022\/10\/63515f6de53baMirantes_1_-_Photo-1024x576.jpg 1024w, https:\/\/acontecenafronteira.com.br\/wp-content\/uploads\/2022\/10\/63515f6de53baMirantes_1_-_Photo-300x169.jpg 300w, https:\/\/acontecenafronteira.com.br\/wp-content\/uploads\/2022\/10\/63515f6de53baMirantes_1_-_Photo-768x432.jpg 768w, https:\/\/acontecenafronteira.com.br\/wp-content\/uploads\/2022\/10\/63515f6de53baMirantes_1_-_Photo-1536x864.jpg 1536w, https:\/\/acontecenafronteira.com.br\/wp-content\/uploads\/2022\/10\/63515f6de53baMirantes_1_-_Photo-2048x1152.jpg 2048w\" sizes=\"auto, (max-width: 1024px) 100vw, 1024px\" \/><\/a><\/figure>\n\n\n\n<figure class=\"wp-block-image size-large\"><a href=\"https:\/\/acontecenafronteira.com.br\/wp-content\/uploads\/2022\/10\/63515f74e7e9bMiranteDomo2_11_-_Foto.jpg\"><img loading=\"lazy\" decoding=\"async\" width=\"1024\" height=\"576\" data-id=\"13719\" src=\"https:\/\/acontecenafronteira.com.br\/wp-content\/uploads\/2022\/10\/63515f74e7e9bMiranteDomo2_11_-_Foto-1024x576.jpg\" alt=\"\" class=\"wp-image-13719\" srcset=\"https:\/\/acontecenafronteira.com.br\/wp-content\/uploads\/2022\/10\/63515f74e7e9bMiranteDomo2_11_-_Foto-1024x576.jpg 1024w, https:\/\/acontecenafronteira.com.br\/wp-content\/uploads\/2022\/10\/63515f74e7e9bMiranteDomo2_11_-_Foto-300x169.jpg 300w, https:\/\/acontecenafronteira.com.br\/wp-content\/uploads\/2022\/10\/63515f74e7e9bMiranteDomo2_11_-_Foto-768x432.jpg 768w, https:\/\/acontecenafronteira.com.br\/wp-content\/uploads\/2022\/10\/63515f74e7e9bMiranteDomo2_11_-_Foto-1536x864.jpg 1536w, https:\/\/acontecenafronteira.com.br\/wp-content\/uploads\/2022\/10\/63515f74e7e9bMiranteDomo2_11_-_Foto.jpg 1920w\" sizes=\"auto, (max-width: 1024px) 100vw, 1024px\" \/><\/a><\/figure>\n\n\n\n<figure class=\"wp-block-image size-large\"><a href=\"https:\/\/acontecenafronteira.com.br\/wp-content\/uploads\/2022\/10\/63515f594fd18Mirantes_4_-_Photo-scaled.jpg\"><img loading=\"lazy\" decoding=\"async\" width=\"1024\" height=\"576\" data-id=\"13722\" src=\"https:\/\/acontecenafronteira.com.br\/wp-content\/uploads\/2022\/10\/63515f594fd18Mirantes_4_-_Photo-1024x576.jpg\" alt=\"\" class=\"wp-image-13722\" srcset=\"https:\/\/acontecenafronteira.com.br\/wp-content\/uploads\/2022\/10\/63515f594fd18Mirantes_4_-_Photo-1024x576.jpg 1024w, https:\/\/acontecenafronteira.com.br\/wp-content\/uploads\/2022\/10\/63515f594fd18Mirantes_4_-_Photo-300x169.jpg 300w, https:\/\/acontecenafronteira.com.br\/wp-content\/uploads\/2022\/10\/63515f594fd18Mirantes_4_-_Photo-768x432.jpg 768w, https:\/\/acontecenafronteira.com.br\/wp-content\/uploads\/2022\/10\/63515f594fd18Mirantes_4_-_Photo-1536x864.jpg 1536w, https:\/\/acontecenafronteira.com.br\/wp-content\/uploads\/2022\/10\/63515f594fd18Mirantes_4_-_Photo-2048x1152.jpg 2048w\" sizes=\"auto, (max-width: 1024px) 100vw, 1024px\" \/><\/a><\/figure>\n\n\n\n<figure class=\"wp-block-image size-large\"><a href=\"https:\/\/acontecenafronteira.com.br\/wp-content\/uploads\/2022\/10\/63515f614ae09Mirantes_2_-_Photo-scaled.jpg\"><img loading=\"lazy\" decoding=\"async\" width=\"1024\" height=\"576\" data-id=\"13723\" src=\"https:\/\/acontecenafronteira.com.br\/wp-content\/uploads\/2022\/10\/63515f614ae09Mirantes_2_-_Photo-1024x576.jpg\" alt=\"\" class=\"wp-image-13723\" srcset=\"https:\/\/acontecenafronteira.com.br\/wp-content\/uploads\/2022\/10\/63515f614ae09Mirantes_2_-_Photo-1024x576.jpg 1024w, https:\/\/acontecenafronteira.com.br\/wp-content\/uploads\/2022\/10\/63515f614ae09Mirantes_2_-_Photo-300x169.jpg 300w, https:\/\/acontecenafronteira.com.br\/wp-content\/uploads\/2022\/10\/63515f614ae09Mirantes_2_-_Photo-768x432.jpg 768w, https:\/\/acontecenafronteira.com.br\/wp-content\/uploads\/2022\/10\/63515f614ae09Mirantes_2_-_Photo-1536x864.jpg 1536w, https:\/\/acontecenafronteira.com.br\/wp-content\/uploads\/2022\/10\/63515f614ae09Mirantes_2_-_Photo-2048x1152.jpg 2048w\" sizes=\"auto, (max-width: 1024px) 100vw, 1024px\" \/><\/a><\/figure>\n\n\n\n<figure class=\"wp-block-image size-large\"><a href=\"https:\/\/acontecenafronteira.com.br\/wp-content\/uploads\/2022\/10\/63515f5132974MiranteDomo2_12_-_Foto.jpg\"><img loading=\"lazy\" decoding=\"async\" width=\"1024\" height=\"576\" data-id=\"13720\" src=\"https:\/\/acontecenafronteira.com.br\/wp-content\/uploads\/2022\/10\/63515f5132974MiranteDomo2_12_-_Foto-1024x576.jpg\" alt=\"\" class=\"wp-image-13720\" srcset=\"https:\/\/acontecenafronteira.com.br\/wp-content\/uploads\/2022\/10\/63515f5132974MiranteDomo2_12_-_Foto-1024x576.jpg 1024w, https:\/\/acontecenafronteira.com.br\/wp-content\/uploads\/2022\/10\/63515f5132974MiranteDomo2_12_-_Foto-300x169.jpg 300w, https:\/\/acontecenafronteira.com.br\/wp-content\/uploads\/2022\/10\/63515f5132974MiranteDomo2_12_-_Foto-768x432.jpg 768w, https:\/\/acontecenafronteira.com.br\/wp-content\/uploads\/2022\/10\/63515f5132974MiranteDomo2_12_-_Foto-1536x864.jpg 1536w, https:\/\/acontecenafronteira.com.br\/wp-content\/uploads\/2022\/10\/63515f5132974MiranteDomo2_12_-_Foto.jpg 1920w\" sizes=\"auto, (max-width: 1024px) 100vw, 1024px\" \/><\/a><\/figure>\n<\/figure>\n","protected":false},"excerpt":{"rendered":"<p>Trabalho contempla uma \u00e1rea de 216 metros quadrados, com investimento de R$ 700 mil A segunda etapa de revitaliza\u00e7\u00e3o do Mirante Central de Itaipu, principal ponto de parada dos turistas que visitam a hidrel\u00e9trica, come\u00e7ou a ser executada neste m\u00eas de outubro. O trabalho contempla uma \u00e1rea de 216 metros quadrados, com investimento de R$ [&hellip;]<\/p>\n","protected":false},"author":2,"featured_media":13720,"comment_status":"open","ping_status":"open","sticky":false,"template":"","format":"standard","meta":{"om_disable_all_campaigns":false,"_monsterinsights_skip_tracking":false,"_monsterinsights_sitenote_active":false,"_monsterinsights_sitenote_note":"","_monsterinsights_sitenote_category":0,"footnotes":""},"categories":[4,13,11,9],"tags":[],"class_list":["post-13718","post","type-post","status-publish","format-standard","has-post-thumbnail","hentry","category-cidade","category-entretenimento","category-itaipu","category-turismo"],"_links":{"self":[{"href":"https:\/\/acontecenafronteira.com.br\/index.php\/wp-json\/wp\/v2\/posts\/13718","targetHints":{"allow":["GET"]}}],"collection":[{"href":"https:\/\/acontecenafronteira.com.br\/index.php\/wp-json\/wp\/v2\/posts"}],"about":[{"href":"https:\/\/acontecenafronteira.com.br\/index.php\/wp-json\/wp\/v2\/types\/post"}],"author":[{"embeddable":true,"href":"https:\/\/acontecenafronteira.com.br\/index.php\/wp-json\/wp\/v2\/users\/2"}],"replies":[{"embeddable":true,"href":"https:\/\/acontecenafronteira.com.br\/index.php\/wp-json\/wp\/v2\/comments?post=13718"}],"version-history":[{"count":1,"href":"https:\/\/acontecenafronteira.com.br\/index.php\/wp-json\/wp\/v2\/posts\/13718\/revisions"}],"predecessor-version":[{"id":13724,"href":"https:\/\/acontecenafronteira.com.br\/index.php\/wp-json\/wp\/v2\/posts\/13718\/revisions\/13724"}],"wp:featuredmedia":[{"embeddable":true,"href":"https:\/\/acontecenafronteira.com.br\/index.php\/wp-json\/wp\/v2\/media\/13720"}],"wp:attachment":[{"href":"https:\/\/acontecenafronteira.com.br\/index.php\/wp-json\/wp\/v2\/media?parent=13718"}],"wp:term":[{"taxonomy":"category","embeddable":true,"href":"https:\/\/acontecenafronteira.com.br\/index.php\/wp-json\/wp\/v2\/categories?post=13718"},{"taxonomy":"post_tag","embeddable":true,"href":"https:\/\/acontecenafronteira.com.br\/index.php\/wp-json\/wp\/v2\/tags?post=13718"}],"curies":[{"name":"wp","href":"https:\/\/api.w.org\/{rel}","templated":true}]}}